{"id":146470,"date":"2024-05-13T05:40:14","date_gmt":"2024-05-13T08:40:14","guid":{"rendered":"http:\/\/argentinamunicipal.com.ar\/argentina\/?p=146470"},"modified":"2024-05-08T18:42:19","modified_gmt":"2024-05-08T21:42:19","slug":"catamarca-una-comunidad-originaria-y-un-municipio-administraran-el-campo-de-piedra-pomez","status":"publish","type":"post","link":"http:\/\/argentinamunicipal.com.ar\/argentina\/catamarca-una-comunidad-originaria-y-un-municipio-administraran-el-campo-de-piedra-pomez\/","title":{"rendered":"Catamarca: una comunidad originaria y un municipio administrar\u00e1n el Campo de Piedra P\u00f3mez"},"content":{"rendered":"<p>A esa conclusi\u00f3n se lleg\u00f3 en una renuni\u00f3n entre el gobierno catamarque\u00f1o con representantes de la comunidad originaria de Carachi Pampa y el intendente de Antofagasta de la Sierra, donde se determin\u00f3 que la administraci\u00f3n y cuidado del \u00e1rea natural protegida de Campo de Piedra P\u00f3mez estar\u00e1 bajo la custodia en forma conjunta entre la mencionada comunidad ind\u00edgena y la intendencia pune\u00f1a.<\/p>\n<p>A esta decisi\u00f3n de ceder la administraci\u00f3n del espacio natural y tur\u00edstico,\u00a0se suma la decisi\u00f3n de incorporar a la brevedad un total de diez guardaparques, de los cuales seis ser\u00e1n de la comunidad de Carachi y el resto del cupo a la jurisdicci\u00f3n de Antofagasta, con el objeto de intensificar los controles y brindar una mayor seguridad en espacios de esta naturaleza.<\/p>\n<p>En la oportunidad, el intendente de la jurisdicci\u00f3n de Antofagasta de la Sierra, Mario Cusipuma, explic\u00f3 que, a partir de ahora, la administraci\u00f3n y protecci\u00f3n del Campo de Piedra P\u00f3mez se encontrar\u00e1 bajo la jurisdicci\u00f3n del municipio antofagaste\u00f1o en conjunto con la comunidad de Carachi Pampa. \u201cEl beneficio ser\u00e1 para todos los pobladores de la zona\u201d, afirm\u00f3 el intendente al tiempo que asegur\u00f3 que en los pr\u00f3ximos d\u00edas se proceder\u00e1 a la firma de un documento en el que quedar\u00e1 plasmado el acuerdo.<\/p>\n<p>En el di\u00e1logo con el Gobernador participaron los principales referentes de la comunidad de Carachi Pampa como el cacique Florentino Nicanor V\u00e1zquez, el vicecacique Jorge V\u00e1zquez y Candela V\u00e1zquez. Tambi\u00e9n estuvieron presentes el ministro de Gobierno, Justicia y Derechos Humanos, Fernando \u00c1vila; el intendente de Antofagasta de la Sierra, Mario Cusipuma, y el secretario de Energ\u00eda y Medio Ambiente, Gustavo B\u00e1ez, entre otros.<\/p>\n<h6>Fuente: La Hora de Salta<\/h6>\n","protected":false},"excerpt":{"rendered":"<p>A esa conclusi\u00f3n se lleg\u00f3 en una renuni\u00f3n entre el gobierno catamarque\u00f1o con representantes de la comunidad originaria de Carachi Pampa y el intendente de Antofagasta de la Sierra<\/p>\n","protected":false},"author":2,"featured_media":146471,"comment_status":"closed","ping_status":"closed","sticky":false,"template":"","format":"standard","meta":{"footnotes":""},"categories":[2],"tags":[16],"class_list":["post-146470","post","type-post","status-publish","format-standard","has-post-thumbnail","hentry","category-informe-municipal","tag-catamarca"],"_links":{"self":[{"href":"http:\/\/argentinamunicipal.com.ar\/argentina\/wp-json\/wp\/v2\/posts\/146470","targetHints":{"allow":["GET"]}}],"collection":[{"href":"http:\/\/argentinamunicipal.com.ar\/argentina\/wp-json\/wp\/v2\/posts"}],"about":[{"href":"http:\/\/argentinamunicipal.com.ar\/argentina\/wp-json\/wp\/v2\/types\/post"}],"author":[{"embeddable":true,"href":"http:\/\/argentinamunicipal.com.ar\/argentina\/wp-json\/wp\/v2\/users\/2"}],"replies":[{"embeddable":true,"href":"http:\/\/argentinamunicipal.com.ar\/argentina\/wp-json\/wp\/v2\/comments?post=146470"}],"version-history":[{"count":0,"href":"http:\/\/argentinamunicipal.com.ar\/argentina\/wp-json\/wp\/v2\/posts\/146470\/revisions"}],"wp:featuredmedia":[{"embeddable":true,"href":"http:\/\/argentinamunicipal.com.ar\/argentina\/wp-json\/wp\/v2\/media\/146471"}],"wp:attachment":[{"href":"http:\/\/argentinamunicipal.com.ar\/argentina\/wp-json\/wp\/v2\/media?parent=146470"}],"wp:term":[{"taxonomy":"category","embeddable":true,"href":"http:\/\/argentinamunicipal.com.ar\/argentina\/wp-json\/wp\/v2\/categories?post=146470"},{"taxonomy":"post_tag","embeddable":true,"href":"http:\/\/argentinamunicipal.com.ar\/argentina\/wp-json\/wp\/v2\/tags?post=146470"}],"curies":[{"name":"wp","href":"https:\/\/api.w.org\/{rel}","templated":true}]}}