{"id":146479,"date":"2024-05-09T05:53:18","date_gmt":"2024-05-09T08:53:18","guid":{"rendered":"http:\/\/argentinamunicipal.com.ar\/argentina\/?p=146479"},"modified":"2024-05-08T19:01:21","modified_gmt":"2024-05-08T22:01:21","slug":"uno-de-cada-tres-trabajadores-en-santa-fe-son-informales","status":"publish","type":"post","link":"http:\/\/argentinamunicipal.com.ar\/argentina\/uno-de-cada-tres-trabajadores-en-santa-fe-son-informales\/","title":{"rendered":"Uno de cada tres trabajadores en Santa Fe son informales"},"content":{"rendered":"<p>Un informe presentado por el diputado provincial socialista Joaqu\u00edn Blanco expone la baja del empleo y el aumento del trabajo precarizado como fuente laboral.<\/p>\n<p>Uno de cada tres trabajadores santafesinos se encuentra bajo un r\u00e9gimen de informalidad. Un relevamiento presentado por el diputado provincial Joaqu\u00edn Blanco sostiene que la poblaci\u00f3n asalariada baj\u00f3 casi diez puntos en los \u00faltimos 12 a\u00f1os, mientras que la tasa de desocupaci\u00f3n subi\u00f3 y los \u00fanicos sectores que crecieron fueron el servicio dom\u00e9stico y la construcci\u00f3n.<\/p>\n<p>La importante suba en la cantidad de trabajadores informales y de la tasa de desempleo en la provincia, la ca\u00edda de la oferta de trabajo y de la masa asalariada son algunos de los principales datos que se desprenden del informe, donde adem\u00e1s se demuestra una importante distancia en la infraestructura y en los ingresos entre los departamentos del norte y el sureste de la provincia. \u00abHay un profundo estancamiento en el mundo laboral en la provincia\u201d, declar\u00f3 Blanco a La Capital.<\/p>\n<p>La tasa de actividad en Santa Fe ronda el 64% en la poblaci\u00f3n mayor de 14 a\u00f1os, lo que diagnostica una\u00a0leve ca\u00edda\u00a0en comparaci\u00f3n con la situaci\u00f3n de diez a\u00f1os antes. En otras palabras, la provincia padeci\u00f3\u00a0una\u00a0palpable disminuci\u00f3n en la oferta de puestos laborales. Recientes declaraciones del ministro Roald B\u00e1scolo, titular de la cartera de Trabajo, revelaron la\u00a0preocupaci\u00f3n del gobierno\u00a0de Maximiliano Pullaro\u00a0por el sostenimiento de los bajos \u00edndices de desempleo en los pr\u00f3ximos meses si la recesi\u00f3n econ\u00f3mica se extiende en el tiempo. Sumado a la retracci\u00f3n del salario real en el sector privado, el cual cay\u00f3 muy\u00a0cerca de los niveles hist\u00f3ricos desde diciembre de 2001\u00a0y el paso de 161 puntos porcentuales a 276 en el acumulado interanual inflacionario en marzo,\u00a0todos los trabajadores en su conjunto se hallan en una situaci\u00f3n angustiante que se agrava con la precarizaci\u00f3n del mundo laboral.<\/p>\n<p><strong>Una estructura precaria<\/strong><br \/>\nCada vez menos personas pueden entrar al mundo del trabajo en Santa Fe. Esto se traduce a partir de la\u00a0reducci\u00f3n de la tasa del empleo, la cual se retrajo de 61,18% en 2010 a\u00a059,4% en 2022. Este dato tiene que ser le\u00eddo en tres claves:\u00a0la ca\u00edda de la participaci\u00f3n en casi todas las actividades laborales\u00a0salvo por el llamativo crecimiento del sector construcci\u00f3n y servicio dom\u00e9stico, la\u00a0ca\u00edda en la poblaci\u00f3n empleadora\u00a0(hay menos cantidad de personas que dan trabajo) y en el\u00a0crecimiento de la masa cuentapropista.<\/p>\n<p>Seg\u00fan el informe, la estructura de la poblaci\u00f3n ocupada muestra una cada vez m\u00e1s pobre participaci\u00f3n de aquellas actividades que requieren trabajadores de mayor calificaci\u00f3n: \u201cLos sectores industria y comercio disminuyen levemente su proporci\u00f3n en el total\u201d, mientras que la rama referida a ense\u00f1anza pas\u00f3 del 3er al 5to lugar en la importancia, la participaci\u00f3n del sector de la administraci\u00f3n p\u00fablica \u201cdisminuye significativamente\u201d de la masa ocupada y \u201ccrece la ocupaci\u00f3n en la construcci\u00f3n y el servicio dom\u00e9stico ubic\u00e1ndose como la tercera y cuarta rama en importancia de ocupados en el a\u00f1o 2022\u201d.<\/p>\n<p>El aumento de la poblaci\u00f3n econ\u00f3micamente activa en 14% durante los \u00faltimos 10 a\u00f1os no fue acompa\u00f1ada con nuevos puestos de trabajo formal, dado que\u00a0la poblaci\u00f3n ocupada s\u00f3lo creci\u00f3 un 12% y la\u00a0tasa de desempleo aument\u00f3 al 7,98%.\u00a0En ese mismo sentido, la tasa de trabajadores cuentapropistas e informales tambi\u00e9n subi\u00f3.<\/p>\n<p>Los datos publicados por Blanco y el equipo t\u00e9cnico de la comisi\u00f3n de Legislaci\u00f3n Laboral destacaron que la poblaci\u00f3n asalariada a la que no le descuentan ni aportan jubilaci\u00f3n era de 30,9% (en 2010) mientras que hoy se ubica en los 32,3%, a la vez que el trabajo por cuenta propia pas\u00f3 del 19,3% en 2010 al 29% en 2022. La poblaci\u00f3n que posee cobertura de salud no vari\u00f3 en la \u00faltima d\u00e9cada (el 28,5% y un 28,6% en 2010 y 2022, respectivamente). Es decir, uno de cada tres trabajadores se encuentra sin aportes jubilatorios ni cobertura de salud \u201cproducto del aumento de la informalidad laboral\u201d.<\/p>\n<p>El sector que mayormente explica la masa de empleados ocupados es la actividad comercial, con el 17,4%, seguida de cerca por el sector industrial con un 11% del total y la construcci\u00f3n 8,2%. No obstante, \u201centre los servicios que en conjunto representan un 59,9% de ocupaci\u00f3n se destaca en primer lugar la ocupaci\u00f3n en servicio dom\u00e9stico, sector ense\u00f1anza y luego el sector salud, entre otros\u201d, destaca el documento.<\/p>\n<p><strong>Santa Fe, profundamente desigual<\/strong><br \/>\nSanta Fe tiene otra caracter\u00edstica respecto de su mercado laboral y tiene que ver con los niveles de desarrollo en t\u00e9cnica e infraestructura de sus departamentos. El relevamiento indica una distancia indescontable, una \u201cmarcada heterogeneidad\u201d en el territorio provincial.<\/p>\n<p>Para empezar,\u00a0seis departamentos concentran tres de cada cuatro (76,4%) trabajadores de la provincia. Si bien el Censo 2022 registr\u00f3 a 1.667.277 personas ocupadas, la misma se reparte entre\u00a0Rosario (38,5%), La Capital (15,8%), General L\u00f3pez (6%), Castellanos (5,7%), San Lorenzo (5,4%) y General Obligado (5,0%).<\/p>\n<p>En lo que tiene que ver con el salario promedio, la media de la provincia ascendi\u00f3 a $538.469 en noviembre 2023(\u00faltima informaci\u00f3n disponible), lo cual coloca a Santa Fe en octavo lugar entre las provincias nacionales de mejor ingreso medio, muy cerca del promedio nacional ($540.595).<\/p>\n<p>El an\u00e1lisis de ingresos por departamentos se desprende de los valores del Centro de Estudios sobre la Producci\u00f3n que realizaba el desaparecido ministerio de Desarrollo Productivo de la Naci\u00f3n, un instrumento ideado por el ex ministro Mat\u00edas Kulfas y que permaneci\u00f3 en funciones hasta la llegada del gobierno de La Libertad Avanza.<\/p>\n<p>El informe apunta que \u201cen general,\u00a0la persistencia de los amplios desequilibrios en el nivel de desarrollo entre los departamentos del norte de la provincia y el centro y sur\u201d\u00a0queda demostrado con el mapa de calor de los ingresos por cuadrante.\u00a0Las brechas entre el norte y el sur provincial \u201cse dan fundamentalmente en aspectos vinculados a la proporci\u00f3n de empleo precario, la falta de cobertura en salud y el menor nivel educativo\u201d y en la falta de desarrollo territorial.<\/p>\n<p>\u201cSeis departamentos se ubican por encima del salario promedio provincial de los asalariados registrados: San Lorenzo, Constituci\u00f3n, Castellanos, La Capital, Rosario y San Mart\u00edn. Mientras que Belgrano, 9 de Julio y San Javier exhiben los menores salarios, que se ubican en promedio un 17% por debajo del valor provincial y 34% por debajo del mayor valor que corresponde al departamento San Lorenzo ($676.746)\u201d, enumera el relevamiento.<\/p>\n<p>\u201cEl problema con la desigualdad entre los departamentos es la infraestructura. Todo el norte de la provincia no tiene gas natural. A la mayor\u00eda de las empresas que son en\u00e9rgico-dependientes, las est\u00e1s obligando a tener tambores, instalaciones el\u00e9ctricas o quemar combustible f\u00f3sil, lo que es m\u00e1s caro y contaminante\u201d, expres\u00f3 Blanco a este diario, y a\u00f1adi\u00f3 que los resultados arrojados por el informe sostienen que Santa Fe atraviesa \u201cun profundo estancamiento en el mundo laboral\u201d.<\/p>\n<p>El socialista apunt\u00f3 que es necesario planificar de manera estrat\u00e9gica y confeccionar \u201cpol\u00edticas de largo plazo, institucionalizadas por ley, que le den continuidad en el tiempo a la formaci\u00f3n para el trabajo, a la intermediaci\u00f3n laboral, a la participaci\u00f3n p\u00fablico-privada generando un c\u00edrculo virtuoso entre Estado, c\u00e1maras empresariales y sindicatos\u201d. Y apunt\u00f3 que \u201cen cada territorio, sean departamentos o regiones,\u00a0necesitamos que las instituciones y los municipios y comunas se apropien de la pol\u00edtica y el estado provincial brinde el marco y las herramientas para llevarlas adelante\u201d.<\/p>\n<h6>Fuente: La Capital<\/h6>\n","protected":false},"excerpt":{"rendered":"<p>Un informe presentado por el diputado provincial socialista Joaqu\u00edn Blanco expone la baja del empleo y el aumento del trabajo precarizado como fuente laboral.<\/p>\n","protected":false},"author":2,"featured_media":146480,"comment_status":"closed","ping_status":"closed","sticky":false,"template":"","format":"standard","meta":{"footnotes":""},"categories":[2],"tags":[10],"class_list":["post-146479","post","type-post","status-publish","format-standard","has-post-thumbnail","hentry","category-informe-municipal","tag-santa-fe"],"_links":{"self":[{"href":"http:\/\/argentinamunicipal.com.ar\/argentina\/wp-json\/wp\/v2\/posts\/146479","targetHints":{"allow":["GET"]}}],"collection":[{"href":"http:\/\/argentinamunicipal.com.ar\/argentina\/wp-json\/wp\/v2\/posts"}],"about":[{"href":"http:\/\/argentinamunicipal.com.ar\/argentina\/wp-json\/wp\/v2\/types\/post"}],"author":[{"embeddable":true,"href":"http:\/\/argentinamunicipal.com.ar\/argentina\/wp-json\/wp\/v2\/users\/2"}],"replies":[{"embeddable":true,"href":"http:\/\/argentinamunicipal.com.ar\/argentina\/wp-json\/wp\/v2\/comments?post=146479"}],"version-history":[{"count":0,"href":"http:\/\/argentinamunicipal.com.ar\/argentina\/wp-json\/wp\/v2\/posts\/146479\/revisions"}],"wp:featuredmedia":[{"embeddable":true,"href":"http:\/\/argentinamunicipal.com.ar\/argentina\/wp-json\/wp\/v2\/media\/146480"}],"wp:attachment":[{"href":"http:\/\/argentinamunicipal.com.ar\/argentina\/wp-json\/wp\/v2\/media?parent=146479"}],"wp:term":[{"taxonomy":"category","embeddable":true,"href":"http:\/\/argentinamunicipal.com.ar\/argentina\/wp-json\/wp\/v2\/categories?post=146479"},{"taxonomy":"post_tag","embeddable":true,"href":"http:\/\/argentinamunicipal.com.ar\/argentina\/wp-json\/wp\/v2\/tags?post=146479"}],"curies":[{"name":"wp","href":"https:\/\/api.w.org\/{rel}","templated":true}]}}