{"id":146618,"date":"2024-05-14T05:31:35","date_gmt":"2024-05-14T08:31:35","guid":{"rendered":"http:\/\/argentinamunicipal.com.ar\/argentina\/?p=146618"},"modified":"2024-05-13T19:33:41","modified_gmt":"2024-05-13T22:33:41","slug":"la-justicia-federal-fallo-a-favor-de-san-rafael-por-una-obra-clave","status":"publish","type":"post","link":"http:\/\/argentinamunicipal.com.ar\/argentina\/la-justicia-federal-fallo-a-favor-de-san-rafael-por-una-obra-clave\/","title":{"rendered":"La Justicia Federal fall\u00f3 a favor de San Rafael por una obra clave"},"content":{"rendered":"<p>El municipio hab\u00eda presentado una cautelar contra la Secretar\u00eda de Energ\u00eda por el Gasoducto de San Rafael. Los detalles de las novedades judiciales.<\/p>\n<p>La medida cautelar que el Municipio de San Rafael present\u00f3 contra la Secretar\u00eda de Energ\u00eda de la Naci\u00f3n (Ministerio de Econom\u00eda de la Naci\u00f3n) por la obra del gasoducto y para resguardar los intereses de todo el sur mendocino, fue resuelta a favor de la comuna por parte del Juzgado Federal.<\/p>\n<p>El fallo determin\u00f3 que el Estado Nacional debe preservar lo ejecutado de la obra hasta la actualidad, abstenerse de darle otro destino a los fondos asignados a ella y, en definitiva, transferirle al Municipio el dinero comprometido por contrato y con el que podr\u00e1 ser concluida.<\/p>\n<p>Tras conocerse la decisi\u00f3n, desde el Ejecutivo Municipal se reconoce la tarea del \u00e1rea de Asuntos Legales del Municipio, encabezada por los abogados Alfredo Juri Stica y Francisco Perdiguez, como as\u00ed tambi\u00e9n al doctor Ernesto Sanz y su equipo de profesionales jur\u00eddicos, quienes desde un primer momento se dispusieron a trabajar en conjunto con los letrados del municipio.<\/p>\n<p>\u201cLa obra est\u00e1 a m\u00e1s del 90% y hay que terminarla, no se puede parar. El\u00a0gasoducto\u00a0le va a cambiar la vida a mucha gente y le abre las puertas del desarrollo industrial a San Rafael\u201d, indic\u00f3 una fuente de la comuna a principios de a\u00f1o a MDZ. El problema m\u00e1s grande del \u00faltimo tramo del\u00a0gasoducto\u00a0es la necesidad de materiales importados. Entre la inflaci\u00f3n y la devaluaci\u00f3n del peso frente al d\u00f3lar, los valores se dispararon y se hace imposible cubrirlos sin el apoyo de\u00a0la Naci\u00f3n.<\/p>\n<p>Desde la municipalidad, esperaban inaugurarlo antes de septiembre del a\u00f1o pasado pero los plazos se fueron dilatando y todav\u00eda no tiene fecha cierta para entrar en funcionamiento. El gasoducto es una obra hist\u00f3rica que permitir\u00e1 dar factibilidad de gas natural a 26 mil hogares y empresas del sur de Mendoza.<\/p>\n<p>El convenio entre la Naci\u00f3n y el municipio de San Rafael se firm\u00f3 en junio de 2021 entre el intendente Emir F\u00e9lix y el por entonces secretario de Energ\u00eda Dar\u00edo Mart\u00ednez. La obra consiste en la construcci\u00f3n de una interconexi\u00f3n en alta presi\u00f3n entre el gasoducto Gasandes y la ciudad de San Rafael.<\/p>\n<p>Casi un a\u00f1o despu\u00e9s, en abril de 2022 llegaron los ca\u00f1os para montar la ca\u00f1er\u00eda de 50 kil\u00f3metros y casi de inmediato comenzaron las tareas a la vera de la ruta nacional 143. En mayo de 2023 la colocaci\u00f3n de los ca\u00f1os estaba casi terminada y llegaron hasta la plaza Espa\u00f1a donde se ubica la estaci\u00f3n de rebaje. Despu\u00e9s vino la etapa de control de costuras de soldadura, testeos hidr\u00e1ulicos y otras acciones para controlar la integridad de la ca\u00f1er\u00eda.<\/p>\n<h6>Fuente: MDZ<\/h6>\n","protected":false},"excerpt":{"rendered":"<p>El municipio hab\u00eda presentado una cautelar contra la Secretar\u00eda de Energ\u00eda por el Gasoducto de San Rafael. Los detalles de las novedades judiciales.<\/p>\n","protected":false},"author":2,"featured_media":146619,"comment_status":"closed","ping_status":"closed","sticky":false,"template":"","format":"standard","meta":{"footnotes":""},"categories":[2],"tags":[31],"class_list":["post-146618","post","type-post","status-publish","format-standard","has-post-thumbnail","hentry","category-informe-municipal","tag-mendoza"],"_links":{"self":[{"href":"http:\/\/argentinamunicipal.com.ar\/argentina\/wp-json\/wp\/v2\/posts\/146618","targetHints":{"allow":["GET"]}}],"collection":[{"href":"http:\/\/argentinamunicipal.com.ar\/argentina\/wp-json\/wp\/v2\/posts"}],"about":[{"href":"http:\/\/argentinamunicipal.com.ar\/argentina\/wp-json\/wp\/v2\/types\/post"}],"author":[{"embeddable":true,"href":"http:\/\/argentinamunicipal.com.ar\/argentina\/wp-json\/wp\/v2\/users\/2"}],"replies":[{"embeddable":true,"href":"http:\/\/argentinamunicipal.com.ar\/argentina\/wp-json\/wp\/v2\/comments?post=146618"}],"version-history":[{"count":0,"href":"http:\/\/argentinamunicipal.com.ar\/argentina\/wp-json\/wp\/v2\/posts\/146618\/revisions"}],"wp:featuredmedia":[{"embeddable":true,"href":"http:\/\/argentinamunicipal.com.ar\/argentina\/wp-json\/wp\/v2\/media\/146619"}],"wp:attachment":[{"href":"http:\/\/argentinamunicipal.com.ar\/argentina\/wp-json\/wp\/v2\/media?parent=146618"}],"wp:term":[{"taxonomy":"category","embeddable":true,"href":"http:\/\/argentinamunicipal.com.ar\/argentina\/wp-json\/wp\/v2\/categories?post=146618"},{"taxonomy":"post_tag","embeddable":true,"href":"http:\/\/argentinamunicipal.com.ar\/argentina\/wp-json\/wp\/v2\/tags?post=146618"}],"curies":[{"name":"wp","href":"https:\/\/api.w.org\/{rel}","templated":true}]}}