{"id":146637,"date":"2024-05-15T05:50:01","date_gmt":"2024-05-15T08:50:01","guid":{"rendered":"http:\/\/argentinamunicipal.com.ar\/argentina\/?p=146637"},"modified":"2024-05-14T19:44:59","modified_gmt":"2024-05-14T22:44:59","slug":"desembarca-en-la-ciudad-el-sindicato-de-trapitos-buscaran-que-santa-fe-sea-sede-de-la-asamblea-constitutiva","status":"publish","type":"post","link":"http:\/\/argentinamunicipal.com.ar\/argentina\/desembarca-en-la-ciudad-el-sindicato-de-trapitos-buscaran-que-santa-fe-sea-sede-de-la-asamblea-constitutiva\/","title":{"rendered":"Desembarca en la ciudad el sindicato de trapitos: buscar\u00e1n que Santa Fe sea sede de la asamblea constitutiva"},"content":{"rendered":"<p>Se trata del Sindicato de Trabajadores de la V\u00eda P\u00fablica (Stvp) que ya funciona en La Plata. Si bien en un primer momento se opt\u00f3 por Rosario, confirmaron a UNO Santa Fe que ser\u00e1 la ciudad capital la apuntada para que funcione la delegaci\u00f3n central de la provincia.<\/p>\n<p>La ciudad de Santa Fe es la apuntada por el\u00a0Sindicato\u00a0de Trabajadores de la V\u00eda P\u00fablica (Stvp)\u00a0para realizar su asamblea constitutiva y que\u00a0funcione como delegaci\u00f3n central de la provincia. Si bien en un primer momento se hab\u00eda apuntado a Rosario, desde el gremio indicaron a UNO Santa Fe que\u00a0la pr\u00f3xima semana se decidir\u00e1 el cambio hacia la capital provincial.<\/p>\n<p>El sindicato fue presentado el mes pasado en la ciudad de La Plata. Seg\u00fan indicaron en un comunicado, la agrupaci\u00f3n funciona con un permiso provisorio de la Secretar\u00eda de Trabajo de la provincia y, adem\u00e1s de los cuidacoches, nuclean a artistas callejeros, limpiavidrios y lustrabotas. La Secretar\u00eda General est\u00e1 a cargo de Fabi\u00e1n Gianotta.<\/p>\n<p>El vocero del sindicato, Mat\u00edas Valdez, habl\u00f3 con UNO Santa Fe y le confi\u00f3 que \u00abse va a cambiar la sede a Santa Fe capital, se estar\u00e1 definiendo en los pr\u00f3ximos d\u00edas\u00bb.<\/p>\n<p>\u00abLa idea es evitar la confrontaci\u00f3n y\u00a0tratar de llegar a un di\u00e1logo\u00a0con autoridades municipales, policiales y la Justicia para trabajar mancomunadamente y darle una soluci\u00f3n a lo il\u00edcito. La primera opci\u00f3n es la v\u00eda del di\u00e1logo, si no es el dialogo\u00a0ingresaremos en la provincia de Santa Fe con una medida cautelar\u00bb, adelant\u00f3.<\/p>\n<p><strong>Estacionamiento Social Asistido<\/strong><br \/>\nDesde el gremio siguieron de cerca lo ocurrido con la fallida implementaci\u00f3n del Estacionamiento Social Asistido (ESA) que pretend\u00eda la municipalidad, con los cuidacoches como agentes de cobro del estacionamiento con una tarifa fija e identificaci\u00f3n. Sin embargo este plan no se consensu\u00f3 con los vecinos de barrio Candioti, donde iba a funcionar la prueba piloto, y la Municipalidad dio marcha atr\u00e1s con su implementaci\u00f3n. En di\u00e1logo con UNO Santa Fe, le pidieron a Poletti que revea la decisi\u00f3n.<\/p>\n<p>\u00abCreemos que la \u00fanica manera es replicar el modelo que quer\u00eda implementar Santa Fe,\u00a0le pedimos al intendente que reflexione, que se ponga del lado de los trabajadores y los contribuyentes.\u00a0Tener a los cuidacoches con pechera , identificados con nombre y apellido, que haya un lugar para reclamar si uno extorsiona, ser\u00eda lo ideal\u00bb, consider\u00f3 Valdez.<\/p>\n<p>El vocero expres\u00f3 que \u00abno hay nada m\u00e1s extorsivo que el estacionamiento medido, donde si no pagas hay una multa\u00bb, y denost\u00f3 que \u00abquieren inculcar que los cuidacoches son extorsivos\u00bb.<\/p>\n<p>\u00abSabemos que hay personas que realizan pr\u00e1cticas ilegales como apremios y extorsi\u00f3n, a esos hay que sacarlos a patadas, nosotros no los vamos a defender\u00bb, asegur\u00f3 Valdez.<\/p>\n<p><strong>Prohibici\u00f3n<\/strong><br \/>\nCon respecto a la prohibici\u00f3n sancionada por el Concejo municipal el pasado lunes, Valdez consider\u00f3 que no se podr\u00e1 implementar.<\/p>\n<p>\u00abNo se va a poder, si el cuidacoche va a ir preso, sale y vuelve al mismo lugar. Es algo de nunca acabar.\u00a0La ordenanza de prohibici\u00f3n no se puede implementar, no se puede cumplir, se necesitar\u00eda un ej\u00e9rcito en la calle\u00bb, indic\u00f3.<\/p>\n<p>Desde el sindicato aseguraron que no reciben dinero de \u00abning\u00fan partido pol\u00edtico ni gobierno\u00bb, y recalcaron que no est\u00e1n anexados ni a la Confederaci\u00f3n General del Trabajo (CGT) ni a la Central de Trabajadores Argentinos (CTA). Pese a esto, se\u00f1alaron que\u00a0ya cuentan con afiliados en la ciudad de Santa Fe.<\/p>\n<p>\u00abTodav\u00eda no tienen la pechera para no exponerlos, para que no ocurra lo que nos pas\u00f3 en La Plata, que a los que ten\u00edan pecheras los llevaban presos. Hasta que nosotros no resolvamos cuestiones legales no vamos a exponer a ning\u00fan afiliado\u00bb, sentenci\u00f3.<\/p>\n<p>Valdez recalc\u00f3 que un sistema como el Estacionamiento Social Asistido est\u00e1 implementado en Uruguay, que en Brasil y Paraguay \u00abhay sistemas similares\u00bb, y que ya funciona en Mendoza y en C\u00f3rdoba. El sindicato considera que \u00abes un modelo que dignifica el trabajo y deja una tranquilidad al automovilista\u00bb.<\/p>\n<p><strong>Cr\u00edticas<\/strong><br \/>\nLa vicegobernadora, Gisela Scaglia, se mostr\u00f3 muy cr\u00edtica de la posible llevada del sindicato a la provincia -en un primer momento a Rosario-.\u00bbYo entend\u00eda que los sindicatos eran para la gente que trabaja\u00bb, sostuvo ante la consulta period\u00edstica y pregunt\u00f3: \u00ab\u00bfAcaso ser trapito es un trabajo en la Argentina?\u00bb.<\/p>\n<p>Luego, ante un comentario de sus interlocutores, fue m\u00e1s all\u00e1:\u00a0\u00abConformar un sindicato de algo ilegal es raro\u00bb.<\/p>\n<p>Por su parte, el secretario de Control y Convivencia de la Municipalidad de Rosario, Diego Herrera, descart\u00f3 la propuesta de plano: \u201cLa posici\u00f3n del intendente Pablo Javkin fue clara. Estamos en contra de la conformaci\u00f3n de ese gremio, y de hecho se han girado notas firmadas por el intendente, por el secretario de Gobierno y por m\u00ed a las secretar\u00edas de Trabajo de provincia y Naci\u00f3n, as\u00ed como al Ministerio de Seguridad\u201d.<\/p>\n<h6>Fuente: Uno<\/h6>\n","protected":false},"excerpt":{"rendered":"<p>Se trata del Sindicato de Trabajadores de la V\u00eda P\u00fablica (Stvp) que ya funciona en La Plata. Si bien en un primer momento se opt\u00f3 por Rosario, confirmaron a UNO Santa Fe que ser\u00e1 la ciudad capital la apuntada para que funcione la delegaci\u00f3n central de la provincia.<\/p>\n","protected":false},"author":2,"featured_media":146638,"comment_status":"closed","ping_status":"closed","sticky":false,"template":"","format":"standard","meta":{"footnotes":""},"categories":[2],"tags":[10],"class_list":["post-146637","post","type-post","status-publish","format-standard","has-post-thumbnail","hentry","category-informe-municipal","tag-santa-fe"],"_links":{"self":[{"href":"http:\/\/argentinamunicipal.com.ar\/argentina\/wp-json\/wp\/v2\/posts\/146637","targetHints":{"allow":["GET"]}}],"collection":[{"href":"http:\/\/argentinamunicipal.com.ar\/argentina\/wp-json\/wp\/v2\/posts"}],"about":[{"href":"http:\/\/argentinamunicipal.com.ar\/argentina\/wp-json\/wp\/v2\/types\/post"}],"author":[{"embeddable":true,"href":"http:\/\/argentinamunicipal.com.ar\/argentina\/wp-json\/wp\/v2\/users\/2"}],"replies":[{"embeddable":true,"href":"http:\/\/argentinamunicipal.com.ar\/argentina\/wp-json\/wp\/v2\/comments?post=146637"}],"version-history":[{"count":0,"href":"http:\/\/argentinamunicipal.com.ar\/argentina\/wp-json\/wp\/v2\/posts\/146637\/revisions"}],"wp:featuredmedia":[{"embeddable":true,"href":"http:\/\/argentinamunicipal.com.ar\/argentina\/wp-json\/wp\/v2\/media\/146638"}],"wp:attachment":[{"href":"http:\/\/argentinamunicipal.com.ar\/argentina\/wp-json\/wp\/v2\/media?parent=146637"}],"wp:term":[{"taxonomy":"category","embeddable":true,"href":"http:\/\/argentinamunicipal.com.ar\/argentina\/wp-json\/wp\/v2\/categories?post=146637"},{"taxonomy":"post_tag","embeddable":true,"href":"http:\/\/argentinamunicipal.com.ar\/argentina\/wp-json\/wp\/v2\/tags?post=146637"}],"curies":[{"name":"wp","href":"https:\/\/api.w.org\/{rel}","templated":true}]}}