{"id":146696,"date":"2024-05-20T05:40:10","date_gmt":"2024-05-20T08:40:10","guid":{"rendered":"http:\/\/argentinamunicipal.com.ar\/argentina\/?p=146696"},"modified":"2024-05-20T05:54:05","modified_gmt":"2024-05-20T08:54:05","slug":"caritas-rosario-advierte-que-la-demanda-de-ayuda-alimentaria-no-para-de-crecer","status":"publish","type":"post","link":"http:\/\/argentinamunicipal.com.ar\/argentina\/caritas-rosario-advierte-que-la-demanda-de-ayuda-alimentaria-no-para-de-crecer\/","title":{"rendered":"C\u00e1ritas Rosario advierte que la demanda de ayuda alimentaria no para de crecer"},"content":{"rendered":"<p>Caritas Rosario solicit\u00f3 donaciones de ropa y alimentos no perecederos para poder contener a cada vez m\u00e1s familias<\/p>\n<p>Con la llegada del fr\u00edo y la crisis econ\u00f3mica se increment\u00f3 la demanda alimentaria y ayuda social. As\u00ed lo revel\u00f3 Caritas Rosario al apuntar que la demanda en comedores\u00a0creci\u00f3 m\u00e1s del 30% de la mano del incremento de la pobreza en Rosario. Por esa raz\u00f3n aseguran que no dan abasto con los recursos para contener a cada vez m\u00e1s familias, pese a las donaciones que reciben y los mil voluntarios que colaboran para asistir a los m\u00e1s necesitados.<\/p>\n<p>En declaraciones al programa \u00abTodos en La Ocho\u00bb, de LT8, la titular de C\u00e1ritas Rosario, A\u00edda Traversa, asegur\u00f3 que la crisis alimentaria y la falta de empleo empuj\u00f3 a muchas familias a solicitar ayuda en las casas parroquiales.<br \/>\nProbation para una mujer que lav\u00f3 dinero del narco rosarino Mario Segovia: deber\u00e1 ayudar en C\u00e1ritas<br \/>\nBartolacci plante\u00f3 los graves problemas que aquejan a las universidades<\/p>\n<p>\u00abEst\u00e1bamos en un orden del\u00a030% de incremento\u00a0en la demanda de comedores, pero de todos modos va creciendo y cada vez se ayuda a m\u00e1s familias\u00bb, consign\u00f3.<\/p>\n<p>En ese sentido, precis\u00f3 que\u00a0\u00absi antes cada C\u00e1ritas parroquial asist\u00eda a diez familias, ahora ayuda a 14\u00bb, apunt\u00f3 para agregar: \u00abTratamos de ayudar a familias, ni\u00f1os, personas mayores. Necesitamos alimentos, camperas, calzado, pedimos que la gente lo acerque a la parroquia de su barrio\u00bb.<\/p>\n<p>Uno de los factores que elev\u00f3 esta demanda es la llegada repentina del fr\u00edo invernal que comenz\u00f3 a registrarse con temperaturas por debajo de los 10\u00baC a partir de la semana pasada.<\/p>\n<p>\u00abLa verdad que el fr\u00edo vino de golpe y nos sorprendi\u00f3.\u00a0Los recursos se acortan cada d\u00eda m\u00e1s y no damos abasto porque cada vez tenemos m\u00e1s personas que se acercan. Por eso\u00a0necesitamos llamar a la solidaridad de la gente, con lo cual consideramos que la necesidad es m\u00e1s grande de lo que imaginamos\u00bb, reclam\u00f3.<\/p>\n<p>Caritas Rosario cuenta con \u00abalrededor de mil\u00bb voluntarios en Rosario en las diferentes casas parroquiales. No obstante eso, Traversa se\u00f1al\u00f3 que se pueden acercar alimentos no perecederos y ropa de abrigo a la sede de C\u00e1ritas, en Balcarce 1077, de 8.30 a 12.<\/p>\n<h6>Fuente: La Capital<\/h6>\n","protected":false},"excerpt":{"rendered":"<p>Caritas Rosario solicit\u00f3 donaciones de ropa y alimentos no perecederos para poder contener a cada vez m\u00e1s familias<\/p>\n","protected":false},"author":2,"featured_media":146697,"comment_status":"closed","ping_status":"closed","sticky":false,"template":"","format":"standard","meta":{"footnotes":""},"categories":[2],"tags":[10],"class_list":["post-146696","post","type-post","status-publish","format-standard","has-post-thumbnail","hentry","category-informe-municipal","tag-santa-fe"],"_links":{"self":[{"href":"http:\/\/argentinamunicipal.com.ar\/argentina\/wp-json\/wp\/v2\/posts\/146696","targetHints":{"allow":["GET"]}}],"collection":[{"href":"http:\/\/argentinamunicipal.com.ar\/argentina\/wp-json\/wp\/v2\/posts"}],"about":[{"href":"http:\/\/argentinamunicipal.com.ar\/argentina\/wp-json\/wp\/v2\/types\/post"}],"author":[{"embeddable":true,"href":"http:\/\/argentinamunicipal.com.ar\/argentina\/wp-json\/wp\/v2\/users\/2"}],"replies":[{"embeddable":true,"href":"http:\/\/argentinamunicipal.com.ar\/argentina\/wp-json\/wp\/v2\/comments?post=146696"}],"version-history":[{"count":0,"href":"http:\/\/argentinamunicipal.com.ar\/argentina\/wp-json\/wp\/v2\/posts\/146696\/revisions"}],"wp:featuredmedia":[{"embeddable":true,"href":"http:\/\/argentinamunicipal.com.ar\/argentina\/wp-json\/wp\/v2\/media\/146697"}],"wp:attachment":[{"href":"http:\/\/argentinamunicipal.com.ar\/argentina\/wp-json\/wp\/v2\/media?parent=146696"}],"wp:term":[{"taxonomy":"category","embeddable":true,"href":"http:\/\/argentinamunicipal.com.ar\/argentina\/wp-json\/wp\/v2\/categories?post=146696"},{"taxonomy":"post_tag","embeddable":true,"href":"http:\/\/argentinamunicipal.com.ar\/argentina\/wp-json\/wp\/v2\/tags?post=146696"}],"curies":[{"name":"wp","href":"https:\/\/api.w.org\/{rel}","templated":true}]}}