{"id":146708,"date":"2024-05-16T04:54:36","date_gmt":"2024-05-16T07:54:36","guid":{"rendered":"http:\/\/argentinamunicipal.com.ar\/argentina\/?p=146708"},"modified":"2024-05-15T19:56:59","modified_gmt":"2024-05-15T22:56:59","slug":"san-francisco-se-afianza-como-una-ciudad-para-grandes-eventos","status":"publish","type":"post","link":"http:\/\/argentinamunicipal.com.ar\/argentina\/san-francisco-se-afianza-como-una-ciudad-para-grandes-eventos\/","title":{"rendered":"San Francisco se afianza como una ciudad para grandes eventos"},"content":{"rendered":"<p>\u201cTuvimos espect\u00e1culos de primer\u00edsimo nivel, no s\u00f3lo lo que tiene que ver con las ra\u00edces y el pasado, sino tambi\u00e9n con la Italia del presente y el desarrollo\u201d, resalt\u00f3 Bernarte y ponder\u00f3 el trabajo mancomunado de municipio y Consulado Italiano.<\/p>\n<p>La Plaza C\u00edvica de San Francisco fue el epicentro de dos d\u00edas llenos de m\u00fasica, gastronom\u00eda, deporte y cultura italiana, demostrando una vez m\u00e1s que la ciudad es un verdadero im\u00e1n para los eventos.<\/p>\n<p>La colaboraci\u00f3n entre la municipalidad y el Consultado Italiano de C\u00f3rdoba, encabezada por el intendente Dami\u00e1n Bernarte, dio frutos que superaron las expectativas. \u00abEstamos felices con los resultados, los cuales superaron ampliamente nuestras expectativas\u00bb, expres\u00f3 el intendente.<\/p>\n<p>El evento, denominado \u00abItalia en San Francisco\u00bb, cont\u00f3 con espect\u00e1culos de alto nivel que abarcaron tanto la tradici\u00f3n como la modernidad italiana, gracias al aporte del Consulado Italiano. La log\u00edstica impecable, proporcionada por el municipio permiti\u00f3 disfrutar plenamente de la experiencia. Bernarte afirm\u00f3: \u00abEstamos orgullosos y felices de vivir en la ciudad m\u00e1s linda del mundo. Estamos convencidos de que este es el camino para generar mejores condiciones de vida para nuestra gente\u00bb.<\/p>\n<p>Es importante destacar que San Francisco se convirti\u00f3 en la primera ciudad del interior del pa\u00eds en albergar el programa cultural de la semana de Italia en la Argentina, gracias a su infraestructura y al esp\u00edritu italiano arraigado en su comunidad.<\/p>\n<p>La c\u00f3nsul general de Italia en C\u00f3rdoba, Giulia Campeggio, elogi\u00f3 la participaci\u00f3n masiva y la demanda de cultura italiana, destacando el \u00e9xito de la colaboraci\u00f3n entre el municipio y el consulado. \u00abSan Francisco es una ciudad muy pujante, muy italiana pero tambi\u00e9n muy argentina, y ese esp\u00edritu especial la hace \u00fanica para construir puentes entre Italia y Argentina\u00bb, enfatiz\u00f3.<\/p>\n<p>El famoso chef italiano Donato de Santis se sum\u00f3 al evento \u00abItalia en San Francisco\u00bb, llevando su talento y energ\u00eda a la ciudad. Portando las banderas de Italia y Argentina, De Santis mostr\u00f3 su entusiasmo por celebrar la cultura italiana en San Francisco. Adem\u00e1s de realizar un show de cocina en vivo, el chef interactu\u00f3 con el p\u00fablico y comparti\u00f3 el escenario con el artista italiano Maxi Manzo y Musica delle Radici, haciendo del evento una experiencia inolvidable.<\/p>\n<h6>Fuente: La Voz de -san Justo<\/h6>\n","protected":false},"excerpt":{"rendered":"<p>La Plaza C\u00edvica de San Francisco fue el epicentro de dos d\u00edas llenos de m\u00fasica, gastronom\u00eda, deporte y cultura italiana, demostrando una vez m\u00e1s que la ciudad es un verdadero im\u00e1n para los eventos.\u00a0<\/p>\n","protected":false},"author":2,"featured_media":146709,"comment_status":"closed","ping_status":"closed","sticky":false,"template":"","format":"standard","meta":{"footnotes":""},"categories":[2],"tags":[3],"class_list":["post-146708","post","type-post","status-publish","format-standard","has-post-thumbnail","hentry","category-informe-municipal","tag-cordoba"],"_links":{"self":[{"href":"http:\/\/argentinamunicipal.com.ar\/argentina\/wp-json\/wp\/v2\/posts\/146708","targetHints":{"allow":["GET"]}}],"collection":[{"href":"http:\/\/argentinamunicipal.com.ar\/argentina\/wp-json\/wp\/v2\/posts"}],"about":[{"href":"http:\/\/argentinamunicipal.com.ar\/argentina\/wp-json\/wp\/v2\/types\/post"}],"author":[{"embeddable":true,"href":"http:\/\/argentinamunicipal.com.ar\/argentina\/wp-json\/wp\/v2\/users\/2"}],"replies":[{"embeddable":true,"href":"http:\/\/argentinamunicipal.com.ar\/argentina\/wp-json\/wp\/v2\/comments?post=146708"}],"version-history":[{"count":0,"href":"http:\/\/argentinamunicipal.com.ar\/argentina\/wp-json\/wp\/v2\/posts\/146708\/revisions"}],"wp:featuredmedia":[{"embeddable":true,"href":"http:\/\/argentinamunicipal.com.ar\/argentina\/wp-json\/wp\/v2\/media\/146709"}],"wp:attachment":[{"href":"http:\/\/argentinamunicipal.com.ar\/argentina\/wp-json\/wp\/v2\/media?parent=146708"}],"wp:term":[{"taxonomy":"category","embeddable":true,"href":"http:\/\/argentinamunicipal.com.ar\/argentina\/wp-json\/wp\/v2\/categories?post=146708"},{"taxonomy":"post_tag","embeddable":true,"href":"http:\/\/argentinamunicipal.com.ar\/argentina\/wp-json\/wp\/v2\/tags?post=146708"}],"curies":[{"name":"wp","href":"https:\/\/api.w.org\/{rel}","templated":true}]}}