{"id":146717,"date":"2024-05-16T06:08:28","date_gmt":"2024-05-16T09:08:28","guid":{"rendered":"http:\/\/argentinamunicipal.com.ar\/argentina\/?p=146717"},"modified":"2024-05-16T06:08:28","modified_gmt":"2024-05-16T09:08:28","slug":"la-uom-rosario-alerta-sobre-una-ola-de-despidos-en-las-industrias-de-la-region","status":"publish","type":"post","link":"http:\/\/argentinamunicipal.com.ar\/argentina\/la-uom-rosario-alerta-sobre-una-ola-de-despidos-en-las-industrias-de-la-region\/","title":{"rendered":"La UOM Rosario alerta sobre una ola de despidos en las industrias de la regi\u00f3n"},"content":{"rendered":"<p>El secretario general del gremio, Antonio Donello, se\u00f1al\u00f3 que crecen las cesant\u00edas en el sector metal\u00fargico. Se profundiza la crisis de la l\u00ednea blanca. A nivel nacional, tambi\u00e9n hubo despidos en las rama del neum\u00e1tico<\/p>\n<p>Por la recesi\u00f3n, crece la p\u00e9rdida de empleos por v\u00eda de despidos, ceses de contratos o retiros voluntarios en la regi\u00f3n. Desde la Uni\u00f3n Obrera el gremio metal\u00fargico de Rosario (UOM), estiman que desde comienzo de a\u00f1o se perdieron al menos mil puestos, entre efectivos y contratados.<\/p>\n<p>El secretario general de la UOM local, Antonio Donello advirti\u00f3 que \u201cen l\u00ednea blanca hay un baj\u00f3n muy grande\u201d ya que quedaron cesantes muchos empleados contratados. \u201cHay muchos retiros voluntarios, perdimos cerca de mil empleos, entre efectivos y contratados, en la pandemia no llegamos a perder la mitad de esos empleos\u201d, agreg\u00f3.<\/p>\n<p>Como lo describi\u00f3 este diaro hace algunas semanas, la actividad en este sector cay\u00f3 casi un 50% y las empresas del sector han tomado decisiones de ajuste que impactan en cerca del 30% del personal, seg\u00fan se\u00f1al\u00f3 uno de los referentes empresarios del sector. De 1,2 mill\u00f3n de unidades que se producen al a\u00f1o en todo el pa\u00eds, la mayor\u00eda en Rosario, se espera que este a\u00f1o baje a 600 mil.<\/p>\n<p>La f\u00e1brica rosarina de heladeras comerciales de El Dorado SA, que comercializa la marca de heladeras Inelro, vio recortada su actividad por una ca\u00edda de las ventas a m\u00e1s de la mitad y suspendi\u00f3 a 100 empleados por tiempo indefinido.<\/p>\n<p>La empresa tom\u00f3 la decisi\u00f3n luego de una ca\u00edda del 40% en sus ventas durante el primer trimestre. \u201cLo que hicimos fue reducir un turno. La empresa sol\u00eda trabajar con dos. No hay demanda\u201d, aseguraron.<\/p>\n<p>Por su parte, otra emblem\u00e1tica fabricante de heladeras, la firma Briket, anunci\u00f3 que durante el primer trimestre redujo a la mitad a su personal por la ca\u00edda en las ventas, que alcanz\u00f3 el 50% en marzo. Pas\u00f3 de 600 a 300 operarios.<\/p>\n<p>Pero la situaci\u00f3n es compleja en distintos sectores, como el carrocero, el sider\u00fargico (la semana pasada se anunci\u00f3 que en breve hbar\u00e1 una nueva parada en la planta de Acindar en Villa Constituci\u00f3n), las automotrices (retiros voluntarios en General Motors) y en el sector dle mueble, entre otros. En Santa Fe hab\u00eda 10 mil empleados registrados del sector privado suspendidos en el primer trimestre del a\u00f1o.<\/p>\n<p><strong>Preocupaci\u00f3n por el Rigi<\/strong><br \/>\nEn el caso de los metal\u00fargicos, la preocupaci\u00f3n se acrecienta por la posibilidad de que el Congreso apruebe, en el marco de la ley Bases, el R\u00e9gimen de Incentivo a las Grandes Inversiones (Rigi), un sistema de incentivos fiscales, jur\u00eddicos y cambiariaos que opera como un traje a medida para grandes grupos econ\u00f3micos y que presenta una competencia desleal para la industria nacional.<\/p>\n<p>\u201cNo solo nos preocupa la ca\u00edda de la actividad sino tambi\u00e9n lo que puede pasar con el Rigi, entreg\u00e1ndoles la posibilidad a empresas extranjeras que importan todo y destruyan la industria nacional\u201d, dijo Donello.<\/p>\n<p>En ese sentido, el dirigente gremial explic\u00f3 lo que podr\u00eda suceder en caso de aprobarse ese r\u00e9gimen y el impacto que podr\u00eda tener a nivel regional. \u201cGeneral Motors est\u00e1 fabricando y paga un mont\u00f3n de impuestos. Si otro le trae inversiones por 200 millones de d\u00f3lares y trae todo de afuera, \u00bfC\u00f3mo le va a competir GM? Una empresa que deja ganancia en Argentina se tiene que ir, el otro que no deja ganancias, se queda\u201d, ejemplific\u00f3.<\/p>\n<h6>Fuente: La Capital<\/h6>\n","protected":false},"excerpt":{"rendered":"<p>El secretario general del gremio, Antonio Donello, se\u00f1al\u00f3 que crecen las cesant\u00edas en el sector metal\u00fargico. Se profundiza la crisis de la l\u00ednea blanca. A nivel nacional, tambi\u00e9n hubo despidos en las rama del neum\u00e1tico<\/p>\n","protected":false},"author":2,"featured_media":146718,"comment_status":"closed","ping_status":"closed","sticky":false,"template":"","format":"standard","meta":{"footnotes":""},"categories":[2],"tags":[10],"class_list":["post-146717","post","type-post","status-publish","format-standard","has-post-thumbnail","hentry","category-informe-municipal","tag-santa-fe"],"_links":{"self":[{"href":"http:\/\/argentinamunicipal.com.ar\/argentina\/wp-json\/wp\/v2\/posts\/146717","targetHints":{"allow":["GET"]}}],"collection":[{"href":"http:\/\/argentinamunicipal.com.ar\/argentina\/wp-json\/wp\/v2\/posts"}],"about":[{"href":"http:\/\/argentinamunicipal.com.ar\/argentina\/wp-json\/wp\/v2\/types\/post"}],"author":[{"embeddable":true,"href":"http:\/\/argentinamunicipal.com.ar\/argentina\/wp-json\/wp\/v2\/users\/2"}],"replies":[{"embeddable":true,"href":"http:\/\/argentinamunicipal.com.ar\/argentina\/wp-json\/wp\/v2\/comments?post=146717"}],"version-history":[{"count":0,"href":"http:\/\/argentinamunicipal.com.ar\/argentina\/wp-json\/wp\/v2\/posts\/146717\/revisions"}],"wp:featuredmedia":[{"embeddable":true,"href":"http:\/\/argentinamunicipal.com.ar\/argentina\/wp-json\/wp\/v2\/media\/146718"}],"wp:attachment":[{"href":"http:\/\/argentinamunicipal.com.ar\/argentina\/wp-json\/wp\/v2\/media?parent=146717"}],"wp:term":[{"taxonomy":"category","embeddable":true,"href":"http:\/\/argentinamunicipal.com.ar\/argentina\/wp-json\/wp\/v2\/categories?post=146717"},{"taxonomy":"post_tag","embeddable":true,"href":"http:\/\/argentinamunicipal.com.ar\/argentina\/wp-json\/wp\/v2\/tags?post=146717"}],"curies":[{"name":"wp","href":"https:\/\/api.w.org\/{rel}","templated":true}]}}