{"id":146720,"date":"2024-05-20T05:08:54","date_gmt":"2024-05-20T08:08:54","guid":{"rendered":"http:\/\/argentinamunicipal.com.ar\/argentina\/?p=146720"},"modified":"2024-05-16T06:16:23","modified_gmt":"2024-05-16T09:16:23","slug":"por-la-crisis-cayo-la-recaudacion-y-la-coparticipacion-en-cerrillos","status":"publish","type":"post","link":"http:\/\/argentinamunicipal.com.ar\/argentina\/por-la-crisis-cayo-la-recaudacion-y-la-coparticipacion-en-cerrillos\/","title":{"rendered":"Por la crisis, cay\u00f3 la recaudaci\u00f3n y la coparticipaci\u00f3n en Cerrillos"},"content":{"rendered":"<p>Ante el contexto nacional de crisis, la coparticipaci\u00f3n cay\u00f3 en un 20% y la recaudaci\u00f3n propia de la localidad de Cerrillos tiene una ca\u00edda de entre el 50 y el 60%.<\/p>\n<p>En di\u00e1logo con Hora de Voces (FM Ya 91.3), el intendente de Cerrillos Enrique Borelli expres\u00f3 que la situaci\u00f3n econ\u00f3mica a nivel general es complicada.<\/p>\n<p>\u201cVenimos con dos meses de ca\u00edda de la coparticipaci\u00f3n de 20% aproximadamente por mes. La ca\u00edda de la recaudaci\u00f3n tambi\u00e9n ronda el 50, el 60% en el caso de Cerrillos. Nosotros durante los primeros meses que venimos recibiendo la coparticipaci\u00f3n bastante m\u00e1s alta de lo que se esperaba y con la recaudaci\u00f3n, m\u00e1s que nada por el cobro de los impuestos anuales, fuimos haciendo una reserva para poder hacer frente a las obligaciones que se ven\u00edan\u201d, destac\u00f3.<\/p>\n<p>Con las previsiones realizadas, la gesti\u00f3n logr\u00f3 recuperar el Parque Automotor de la Municipalidad y realizando obras menores, como el arreglo del Complejo Municipal, el Centro de Discapacidad, una Sala Velatoria, arreglos de calles y colocaci\u00f3n de luminarias.<\/p>\n<p>\u201cHoy no te queda mucho m\u00e1s que hacer que las previsiones cuando tenes algunos ingresos extra y despu\u00e9s salir a pedir ayuda a la provincia, que, por suerte en el caso nuestro, y creo que con todos los intendentes es lo mismo, est\u00e1 recibiendo mucho apoyo. Estamos trabajando mancomunadamente con los organismos provinciales\u201d, remarc\u00f3.<\/p>\n<p>Una situaci\u00f3n que afecta a la recaudaci\u00f3n de Cerrillos es la cantidad de nuevos vecinos que no se integraron al sistema tributario. Sobre ello, Borelli inform\u00f3 que ya se cargaron las nuevas barriadas y se logr\u00f3 avanzar en cobros electr\u00f3nicos.<\/p>\n<p>\u201cEso nos ayud\u00f3 bastante, y se va concientizando tambi\u00e9n al comerciante, al impuesto automotor tambi\u00e9n se avanz\u00f3 bastante en el cobro, porque por ah\u00ed se transfer\u00edan veh\u00edculos y no se asentaban ac\u00e1. Y estamos revisando. Cada base de datos ten\u00eda un mont\u00f3n de deficiencias, y ahora estamos con un equipo dedicado solamente a eso, a actualizar las bases de datos de todos los tributos municipales\u201d, dijo.<\/p>\n<p>Arreglo del Complejo Municipal<\/p>\n<p>Con respecto a la realizaci\u00f3n de la obra, Borrelli inform\u00f3 que el objetivo es tratar de recuperar la funcionalidad del espacio, ya que ten\u00eda muchos a\u00f1os de abandono y no se cumpl\u00edan normas b\u00e1sicas de seguridad en su estructura.<\/p>\n<p>\u201cLas estructuras estaban ya todas podridas, era un peligro realmente que hubiera gente ah\u00ed. Y bueno, se inici\u00f3 esa obra para reacondicionarla, recuperarla y lo mismo se est\u00e1 haciendo con el cine. El complejo es un complejo deportivo, pero en la parte del frente tiene un cine que hace las veces de teatro tambi\u00e9n\u201d, explic\u00f3.<\/p>\n<h6>Fuente: Nuevodiariodesalta<\/h6>\n","protected":false},"excerpt":{"rendered":"<p>Ante el contexto nacional de crisis, la coparticipaci\u00f3n cay\u00f3 en un 20% y la recaudaci\u00f3n propia de la localidad de Cerrillos tiene una ca\u00edda de entre el 50 y el 60%.<\/p>\n","protected":false},"author":2,"featured_media":146721,"comment_status":"closed","ping_status":"closed","sticky":false,"template":"","format":"standard","meta":{"footnotes":""},"categories":[5],"tags":[9],"class_list":["post-146720","post","type-post","status-publish","format-standard","has-post-thumbnail","hentry","category-informe-economico","tag-salta"],"_links":{"self":[{"href":"http:\/\/argentinamunicipal.com.ar\/argentina\/wp-json\/wp\/v2\/posts\/146720","targetHints":{"allow":["GET"]}}],"collection":[{"href":"http:\/\/argentinamunicipal.com.ar\/argentina\/wp-json\/wp\/v2\/posts"}],"about":[{"href":"http:\/\/argentinamunicipal.com.ar\/argentina\/wp-json\/wp\/v2\/types\/post"}],"author":[{"embeddable":true,"href":"http:\/\/argentinamunicipal.com.ar\/argentina\/wp-json\/wp\/v2\/users\/2"}],"replies":[{"embeddable":true,"href":"http:\/\/argentinamunicipal.com.ar\/argentina\/wp-json\/wp\/v2\/comments?post=146720"}],"version-history":[{"count":0,"href":"http:\/\/argentinamunicipal.com.ar\/argentina\/wp-json\/wp\/v2\/posts\/146720\/revisions"}],"wp:featuredmedia":[{"embeddable":true,"href":"http:\/\/argentinamunicipal.com.ar\/argentina\/wp-json\/wp\/v2\/media\/146721"}],"wp:attachment":[{"href":"http:\/\/argentinamunicipal.com.ar\/argentina\/wp-json\/wp\/v2\/media?parent=146720"}],"wp:term":[{"taxonomy":"category","embeddable":true,"href":"http:\/\/argentinamunicipal.com.ar\/argentina\/wp-json\/wp\/v2\/categories?post=146720"},{"taxonomy":"post_tag","embeddable":true,"href":"http:\/\/argentinamunicipal.com.ar\/argentina\/wp-json\/wp\/v2\/tags?post=146720"}],"curies":[{"name":"wp","href":"https:\/\/api.w.org\/{rel}","templated":true}]}}