{"id":146723,"date":"2024-05-20T04:22:37","date_gmt":"2024-05-20T07:22:37","guid":{"rendered":"http:\/\/argentinamunicipal.com.ar\/argentina\/?p=146723"},"modified":"2024-05-16T06:25:20","modified_gmt":"2024-05-16T09:25:20","slug":"cordoba-quince-localidades-de-san-justo-suscribieron-un-convenio-para-mejorar-la-convivencia-urbana","status":"publish","type":"post","link":"http:\/\/argentinamunicipal.com.ar\/argentina\/cordoba-quince-localidades-de-san-justo-suscribieron-un-convenio-para-mejorar-la-convivencia-urbana\/","title":{"rendered":"C\u00f3rdoba: Quince localidades de San Justo suscribieron un convenio para mejorar la convivencia urbana"},"content":{"rendered":"<p>Entre otras acciones, participar\u00e1n de un programa de responsabilidad vial dirigido especialmente a los j\u00f3venes. Con este acuerdo al Ministerio de Justicia y Trabajo las pol\u00edticas de movilidad se extienden a 81 localidades en siete departamentos.<\/p>\n<p>El ministro de Justicia y Trabajo de C\u00f3rdoba, Juli\u00e1n L\u00f3pez, y quince intendentes y jefes comunales del departamento San Justo firmaron un acta de acuerdo para llevar adelante acciones que fortalezcan la convivencia ciudadana y la seguridad vial en sus comunidades.<\/p>\n<p>El acto de firma de convenio realizado en la Tecnoteca de la ciudad de San Francisco, cont\u00f3 con la presencia del secretario de Convivencia Ciudadana Silvio Quiroga, y del anfitri\u00f3n del evento, intendente Dami\u00e1n Bernarte.<\/p>\n<p>Los intendentes y jefes comunales presentes recibieron un kit de seguridad vial, instrumentos para asistir en la organizaci\u00f3n del tr\u00e1nsito en sus comunidades y adem\u00e1s para autoprotecci\u00f3n en el ejercicio de estas tareas.<\/p>\n<p>\u201cTienen un kit que significa un aporte valorable, algo tangible para que puedan volver cada uno a sus municipios con estos elementos, pero fundamentalmente lo que acaban de firmar pone a disposici\u00f3n toda una plataforma de formaci\u00f3n profesional y de capacitaci\u00f3n para los agentes municipales\u201d, explic\u00f3 Juli\u00e1n L\u00f3pez.<\/p>\n<p>Con este acuerdo, las pol\u00edticas de movilidad urbana y seguridad vial impulsadas por el Ministerio a trav\u00e9s de la Secretar\u00eda de Convivencia Ciudadana llegan a siete departamentos de la Provincia, con 81 localidades comprometidas a trabajar con la Provincia en mejorar la convivencia urbana en sus entornos viales, impactando as\u00ed en mayor bienestar y seguridad de sus habitantes.<\/p>\n<p>Los quince jefes locales de Gobierno, adem\u00e1s, firmaron adhesi\u00f3n al programa que trabajar\u00e1 especialmente la seguridad vial en la poblaci\u00f3n joven.<\/p>\n<p>\u201cLa principal causa de muerte entre los j\u00f3venes de entre 18 a 35 a\u00f1os debido a siniestros viales marca a las claras la importancia que tiene para el gobierno provincial y para los gobiernos locales de trabajar mancomunadamente para fortalecer de manera importante la seguridad en nuestros j\u00f3venes\u201d, resalt\u00f3 el ministro.<\/p>\n<p>\u201cJ\u00f3venes al Volante\u201d se propone afianzar responsabilidad vial a las personas de hasta 35 a\u00f1os de edad que saquen su primera licencia para conducir a trav\u00e9s de la educaci\u00f3n.<\/p>\n<p>\u201cEl municipio conserva la toma de la pr\u00e1ctica que lo hace acorde a lo que interpreta mejor para su localidad\u201d, dijo L\u00f3pez. El inicio de la implementaci\u00f3n del programa est\u00e1 prevista para el segundo semestre del a\u00f1o.<\/p>\n<p>Suscribieron al acuerdo y adhirieron a \u201cJ\u00f3venes al Volante\u201d: Dami\u00e1n Bernarte de San Francisco; Mauricio Actis de Brinkmann; Gerardo Cerutti de Colonia Marina; Miguel Maradon de Colonia Prosperidad; Mar\u00eda Alejandra Novahig de Colonia San Pedro; Evangelina Vigna de Colonia Vignaud; Adri\u00e1n Rinero de Devoto; Germ\u00e1n Baldo de Freyre; Fabi\u00e1n Macias de Las Varas; Sebasti\u00e1n Demarchi de Morteros; V\u00edctor Hugo Alessio de Plaza Luxardo; Nora Passero de Porte\u00f1a; Rodolfo Marson de Quebracho Herrado; Horacio Depetris de Saturnino Mar\u00eda Laspiur, y Celia Giorgis de Seeber.<\/p>\n<p>Acompa\u00f1aron el acto el secretario de Organizaci\u00f3n Penitenciaria Gustavo Vidal Lascano, el subsecretario de Justicia Leandro Goria, la directora General de Convivencia Ciudadana Mariela Gonz\u00e1lez, autoridades de las fuerzas de seguridad y dem\u00e1s autoridades municipales y comunales, vecinos y vecinas.<\/p>\n<h6>Fuente: LA Voz de San Justo<\/h6>\n","protected":false},"excerpt":{"rendered":"<p>Entre otras acciones, participar\u00e1n de un programa de responsabilidad vial dirigido especialmente a los j\u00f3venes. Con este acuerdo al Ministerio de Justicia y Trabajo las pol\u00edticas de movilidad se extienden a 81 localidades en siete departamentos.<\/p>\n","protected":false},"author":2,"featured_media":146724,"comment_status":"closed","ping_status":"closed","sticky":false,"template":"","format":"standard","meta":{"footnotes":""},"categories":[2],"tags":[3],"class_list":["post-146723","post","type-post","status-publish","format-standard","has-post-thumbnail","hentry","category-informe-municipal","tag-cordoba"],"_links":{"self":[{"href":"http:\/\/argentinamunicipal.com.ar\/argentina\/wp-json\/wp\/v2\/posts\/146723","targetHints":{"allow":["GET"]}}],"collection":[{"href":"http:\/\/argentinamunicipal.com.ar\/argentina\/wp-json\/wp\/v2\/posts"}],"about":[{"href":"http:\/\/argentinamunicipal.com.ar\/argentina\/wp-json\/wp\/v2\/types\/post"}],"author":[{"embeddable":true,"href":"http:\/\/argentinamunicipal.com.ar\/argentina\/wp-json\/wp\/v2\/users\/2"}],"replies":[{"embeddable":true,"href":"http:\/\/argentinamunicipal.com.ar\/argentina\/wp-json\/wp\/v2\/comments?post=146723"}],"version-history":[{"count":0,"href":"http:\/\/argentinamunicipal.com.ar\/argentina\/wp-json\/wp\/v2\/posts\/146723\/revisions"}],"wp:featuredmedia":[{"embeddable":true,"href":"http:\/\/argentinamunicipal.com.ar\/argentina\/wp-json\/wp\/v2\/media\/146724"}],"wp:attachment":[{"href":"http:\/\/argentinamunicipal.com.ar\/argentina\/wp-json\/wp\/v2\/media?parent=146723"}],"wp:term":[{"taxonomy":"category","embeddable":true,"href":"http:\/\/argentinamunicipal.com.ar\/argentina\/wp-json\/wp\/v2\/categories?post=146723"},{"taxonomy":"post_tag","embeddable":true,"href":"http:\/\/argentinamunicipal.com.ar\/argentina\/wp-json\/wp\/v2\/tags?post=146723"}],"curies":[{"name":"wp","href":"https:\/\/api.w.org\/{rel}","templated":true}]}}