{"id":146726,"date":"2024-05-20T05:45:03","date_gmt":"2024-05-20T08:45:03","guid":{"rendered":"http:\/\/argentinamunicipal.com.ar\/argentina\/?p=146726"},"modified":"2024-05-16T06:32:43","modified_gmt":"2024-05-16T09:32:43","slug":"un-debate-sobre-el-abandono-de-los-pueblos-del-interior","status":"publish","type":"post","link":"http:\/\/argentinamunicipal.com.ar\/argentina\/un-debate-sobre-el-abandono-de-los-pueblos-del-interior\/","title":{"rendered":"Un debate sobre el abandono de los pueblos del interior"},"content":{"rendered":"<p>El Movimiento Arraigo presenta, en la Feria del Libro, un libro con aportes sobre el tema impulsado por Francisco \u00abPaco\u00bb Dura\u00f1ona<\/p>\n<p>El tema del abandono de los j\u00f3venes de sus localidades de origen por falta de oportunidades es abordado por Francisco Dura\u00f1ona, ex intendente de San Antonio de Areco, como un eje social que problematiza la forma que asumi\u00f3 la pol\u00edtica despu\u00e9s de 2015. \u00abLa pol\u00edtica le dio la espalda a la gente de interior\u00bb, sostiene Paco Dura\u00f1ona, refernte del Movimiento Arraigo, que este domingo 12 presentar\u00e1 en la Feria del Libro un t\u00edtulo que propone iniciar un debate en torno a ese conflicto econ\u00f3mico, social y pol\u00edtico: \u00abArraigo. Hacia un federalismo del siglo XXI\u00bb.<\/p>\n<p>La publicaci\u00f3n, fruto de un trabajo colectivo, re\u00fane propuestas de figuras de la pol\u00edtica (Eduardo de Pedro, Jorge Capitanich, Juan Manuel Urtubey), referentes pol\u00edticos (Silvina Batakis, Pedro Peretti), analistas, intendentes y ex intendentes, militantes, sindicalistas y otros referentes en distintas \u00e1reas que son parte de un debate que promete extenderse.<\/p>\n<p>\u00bfEs la excesiva centralizaci\u00f3n del poder pol\u00edtico parte del problema de la desigualdad y la falta de oportunidades para los j\u00f3venes en el interior? La distribuci\u00f3n de recursos p\u00fablicos, \u00bfle rest\u00f3 capacidad de dar respuesta a los municipios? \u00bfC\u00f3mo se piensa un esquema diferente y m\u00e1s equitativo de prestaci\u00f3n de servicios esenciales, como salud, educaci\u00f3n, vivienda, conectividad, agua, energ\u00eda, en todo el territorio nacional con independencia de la ubicaci\u00f3n geogr\u00e1fica?<\/p>\n<p>Son algunos de los planteos centrales del libro, casi un desaf\u00edo a la forma de hacer pol\u00edtica en estos tiempos. La presentaci\u00f3n ser\u00e1 este domingo 12 a las 18 horas en el stand de la Provincia de Buenos Aires, con presencia de Paco Dura\u00f1ona y algunos de los autores de los distintos ensayos.<\/p>\n<h6>Fuente: P\u00e1gina 12<\/h6>\n","protected":false},"excerpt":{"rendered":"<p>El Movimiento Arraigo presenta, en la Feria del Libro, un libro con aportes sobre el tema impulsado por Francisco \u00abPaco\u00bb Dura\u00f1ona<\/p>\n","protected":false},"author":2,"featured_media":146728,"comment_status":"closed","ping_status":"closed","sticky":false,"template":"","format":"standard","meta":{"footnotes":""},"categories":[2],"tags":[21],"class_list":["post-146726","post","type-post","status-publish","format-standard","has-post-thumbnail","hentry","category-informe-municipal","tag-argentina"],"_links":{"self":[{"href":"http:\/\/argentinamunicipal.com.ar\/argentina\/wp-json\/wp\/v2\/posts\/146726","targetHints":{"allow":["GET"]}}],"collection":[{"href":"http:\/\/argentinamunicipal.com.ar\/argentina\/wp-json\/wp\/v2\/posts"}],"about":[{"href":"http:\/\/argentinamunicipal.com.ar\/argentina\/wp-json\/wp\/v2\/types\/post"}],"author":[{"embeddable":true,"href":"http:\/\/argentinamunicipal.com.ar\/argentina\/wp-json\/wp\/v2\/users\/2"}],"replies":[{"embeddable":true,"href":"http:\/\/argentinamunicipal.com.ar\/argentina\/wp-json\/wp\/v2\/comments?post=146726"}],"version-history":[{"count":0,"href":"http:\/\/argentinamunicipal.com.ar\/argentina\/wp-json\/wp\/v2\/posts\/146726\/revisions"}],"wp:featuredmedia":[{"embeddable":true,"href":"http:\/\/argentinamunicipal.com.ar\/argentina\/wp-json\/wp\/v2\/media\/146728"}],"wp:attachment":[{"href":"http:\/\/argentinamunicipal.com.ar\/argentina\/wp-json\/wp\/v2\/media?parent=146726"}],"wp:term":[{"taxonomy":"category","embeddable":true,"href":"http:\/\/argentinamunicipal.com.ar\/argentina\/wp-json\/wp\/v2\/categories?post=146726"},{"taxonomy":"post_tag","embeddable":true,"href":"http:\/\/argentinamunicipal.com.ar\/argentina\/wp-json\/wp\/v2\/tags?post=146726"}],"curies":[{"name":"wp","href":"https:\/\/api.w.org\/{rel}","templated":true}]}}