{"id":146752,"date":"2024-05-17T05:42:22","date_gmt":"2024-05-17T08:42:22","guid":{"rendered":"http:\/\/argentinamunicipal.com.ar\/argentina\/?p=146752"},"modified":"2024-05-16T19:12:18","modified_gmt":"2024-05-16T22:12:18","slug":"vivir-en-la-calle-cuantas-personas-asisten-por-semana-en-mendoza-y-como-es-el-proceso-de-contencion","status":"publish","type":"post","link":"http:\/\/argentinamunicipal.com.ar\/argentina\/vivir-en-la-calle-cuantas-personas-asisten-por-semana-en-mendoza-y-como-es-el-proceso-de-contencion\/","title":{"rendered":"Vivir en la calle: cu\u00e1ntas personas asisten por semana en Mendoza y c\u00f3mo es el proceso de contenci\u00f3n"},"content":{"rendered":"<p>Comienza el fr\u00edo y son decenas las personas en situaci\u00f3n de calle. Al respecto, desde Inclusi\u00f3n y Desarrollo Humano de la Municipalidad de Mendoza comentaron cu\u00e1l es el abordaje que realizan.<\/p>\n<p>Ana Sandra Urrutia, subsecretaria de Inclusi\u00f3n y Desarrollo Humano, dialog\u00f3 en MDZ Radio 105.5 FM acerca de las personas en situaci\u00f3n de calle en el inicio de la temporada invernal y del abordaje que se hace desde la Municipalidad de la Ciudad de Mendoza ante esta realidad por dem\u00e1s compleja.<\/p>\n<p>Al respecto, Urrutia asegur\u00f3 que se trata de \u00abuna problem\u00e1tica absolutamente compleja. Las personas que est\u00e1n en situaci\u00f3n de calle est\u00e1n atravesadas por una multiplicidad de aristas individuales y sociales, deterioro en su salud mental, consumo problem\u00e1tico, falta de empleo. Y, lo m\u00e1s importante, falta de vivienda, de un techo propio a partir del cual generar diferentes estrategias de vida como la mayor\u00eda de los ciudadanos lo hacemos\u00bb.<\/p>\n<p>\u00abDesde el \u00e1rea municipal, tenemos un equipo psicosocial conformado por psic\u00f3logos, trabajadores y psic\u00f3logos sociales que abordan, entre otras, esta problem\u00e1tica. Frente a la llamada a nuestro tel\u00e9fono de guardia, el equipo se traslada a los lugares donde se encuentran estas personas para ofrecerles el traslado a un refugio, sobre todo con las bajas temperaturas de estos momentos\u00bb, coment\u00f3 Urrutia y agreg\u00f3 que \u00aben el contexto de la situaci\u00f3n econ\u00f3mica y social que estamos viviendo, se visualiza un incremento significativo en la cantidad de personas que se encuentran en situaci\u00f3n de calle y nadie puede negar esta situaci\u00f3n. Desde el equipo social, semanalmente, atendemos a, aproximadamente, 30 personas\u00bb.<\/p>\n<p>Urrutia\u00a0coment\u00f3 que \u00ablos refugios son gestionados y administrados por Contingencia de provincia. Se articula desde la guardia municipal con la guardia provincial para alojar a personas que, adem\u00e1s, quieran trasladarse a los refugios. Actualmente hay dos refugios destinados a hombres, porque es mucho m\u00e1s grande el n\u00famero de personas en\u00a0situaci\u00f3n de calle\u00a0que son varones, y un refugio que funciona en la calle Federico Moreno, destinado a mujeres y ni\u00f1os de hasta 13 a\u00f1os\u00bb.<\/p>\n<p>\u00abLa idea es que la persona est\u00e9 de tr\u00e1nsito en el lugar, a trav\u00e9s de conectar con redes familiares o comunitarias, para ofrecer una alternativa. No es transitorio para que vuelva a la calle. En caso de no existir alternativa, porque cada caso es particular, suelen quedarse en los refugios y permanecer\u00bb, dijo la funcionaria.<\/p>\n<p>En cuanto a la relaci\u00f3n existente entre la situaci\u00f3n de calle y la salud mental, Urrutia explic\u00f3 que las personas que \u00ablo est\u00e1n sufriendo, y no encuentran alternativas, van a ser atravesadas por problemas de salud mental. Vivir en la calle te genera una situaci\u00f3n de orfandad y de deterioro que, tarde o temprano, termina en el deterioro de la salud mental\u00bb.<\/p>\n<p>Para comunicarse con el \u00e1rea, la funcionaria\u00a0Urrutia\u00a0dijo que \u00abel tel\u00e9fono de la guardia, que est\u00e1 activo 24\/7, es el 2614694546. Ese n\u00famero de tel\u00e9fono tambi\u00e9n lo pueden encontrar en la p\u00e1gina de la Ciudad de Mendoza que\u00a0www.ciudaddemendoza.gob.ar\u00bb. Y agreg\u00f3: \u00abDefinitivamente, quien llega situaci\u00f3n de calle es una persona que agot\u00f3 otras instancias\u00bb.<\/p>\n<h6>Fuente: MDZ<\/h6>\n","protected":false},"excerpt":{"rendered":"<p>Comienza el fr\u00edo y son decenas las personas en situaci\u00f3n de calle. Al respecto, desde Inclusi\u00f3n y Desarrollo Humano de la Municipalidad de Mendoza comentaron cu\u00e1l es el abordaje que realizan.<\/p>\n","protected":false},"author":2,"featured_media":146753,"comment_status":"closed","ping_status":"closed","sticky":false,"template":"","format":"standard","meta":{"footnotes":""},"categories":[2],"tags":[31],"class_list":["post-146752","post","type-post","status-publish","format-standard","has-post-thumbnail","hentry","category-informe-municipal","tag-mendoza"],"_links":{"self":[{"href":"http:\/\/argentinamunicipal.com.ar\/argentina\/wp-json\/wp\/v2\/posts\/146752","targetHints":{"allow":["GET"]}}],"collection":[{"href":"http:\/\/argentinamunicipal.com.ar\/argentina\/wp-json\/wp\/v2\/posts"}],"about":[{"href":"http:\/\/argentinamunicipal.com.ar\/argentina\/wp-json\/wp\/v2\/types\/post"}],"author":[{"embeddable":true,"href":"http:\/\/argentinamunicipal.com.ar\/argentina\/wp-json\/wp\/v2\/users\/2"}],"replies":[{"embeddable":true,"href":"http:\/\/argentinamunicipal.com.ar\/argentina\/wp-json\/wp\/v2\/comments?post=146752"}],"version-history":[{"count":0,"href":"http:\/\/argentinamunicipal.com.ar\/argentina\/wp-json\/wp\/v2\/posts\/146752\/revisions"}],"wp:featuredmedia":[{"embeddable":true,"href":"http:\/\/argentinamunicipal.com.ar\/argentina\/wp-json\/wp\/v2\/media\/146753"}],"wp:attachment":[{"href":"http:\/\/argentinamunicipal.com.ar\/argentina\/wp-json\/wp\/v2\/media?parent=146752"}],"wp:term":[{"taxonomy":"category","embeddable":true,"href":"http:\/\/argentinamunicipal.com.ar\/argentina\/wp-json\/wp\/v2\/categories?post=146752"},{"taxonomy":"post_tag","embeddable":true,"href":"http:\/\/argentinamunicipal.com.ar\/argentina\/wp-json\/wp\/v2\/tags?post=146752"}],"curies":[{"name":"wp","href":"https:\/\/api.w.org\/{rel}","templated":true}]}}