{"id":146773,"date":"2024-05-17T05:31:44","date_gmt":"2024-05-17T08:31:44","guid":{"rendered":"http:\/\/argentinamunicipal.com.ar\/argentina\/?p=146773"},"modified":"2024-05-16T19:34:18","modified_gmt":"2024-05-16T22:34:18","slug":"vivir-y-tiritar-en-las-villas-el-deficit-energetico-y-habitacional-en-los-barrios-populares-rosarinos","status":"publish","type":"post","link":"http:\/\/argentinamunicipal.com.ar\/argentina\/vivir-y-tiritar-en-las-villas-el-deficit-energetico-y-habitacional-en-los-barrios-populares-rosarinos\/","title":{"rendered":"Vivir y tiritar en las villas: el d\u00e9ficit energ\u00e9tico y habitacional en los barrios populares rosarinos"},"content":{"rendered":"<p>Las familias que habitan las vecindades m\u00e1s despojadas de Rosario tienen serias dificultades para enfrentar el fr\u00edo, resultado de la lenta urbanizaci\u00f3n de los barrios.<\/p>\n<p>El fr\u00edo azot\u00f3 Rosario como hac\u00eda mucho no lo hac\u00eda en el mes de mayo. La sensaci\u00f3n t\u00e9rmica rompi\u00f3 el piso de grado cero y\u00a0en las villas y barrios populares, las temperaturas extremas tienen la misma gravedad, no importa si se suda o se tirita: la desigualdad todo lo hace m\u00e1s dif\u00edcil.<\/p>\n<p>Las villas se quintuplicaron en las \u00faltimas dos d\u00e9cadas en todo el pa\u00eds y Rosario no es una excepci\u00f3n. S\u00f3lo en Rosario, el Registro Nacional de Barrios Populares (Renabap) indica que existen 119 barrios, de los cuales m\u00e1s de un cuarto de ellos aparecieron despu\u00e9s del a\u00f1o 2000 y otros 31 barrios aparecieron en la d\u00e9cada de 1990. En s\u00edntesis, se trata de 39.415 familias que viven en situaci\u00f3n de precariedad.<\/p>\n<p>Lorena es voluntaria en el centro comunitario Victoria Walsh (Amen\u00e1bar 4325) en Villa Banana, y cuenta que en su casa, ella cuenta s\u00f3lo con una salamandra para poder calentarse. No s\u00f3lo acceder a una estufa el\u00e9ctrica se hace cuesta arriba sino que la falta de tensi\u00f3n hace imposible que la pueda encender: \u201cNo puedo poner la estufa porque saltan los cables de la poca tensi\u00f3n que hay\u201d, afirm\u00f3 en di\u00e1logo con La Capital y agreg\u00f3 que los vecinos vagan por las calles y pasillos del barrio en busca de algo que quemar y as\u00ed pelearle la pulseada al fr\u00edo: \u201cAc\u00e1 la gente quema lo que puede. Estos d\u00edas no tenemos madera, tenemos que salir a buscar material para prender y calentar\u201d.<\/p>\n<p>La vecina de Villa Banana cont\u00f3 a este diario que durante la noche, al regresar a su hogar, la calle permanece a oscuras, de la misma forma que los locales linderos tambi\u00e9n est\u00e1n con sus carteles sin encender.<br \/>\nMuchos de los vecinos no tienen m\u00e1s que un \u00fanico par de zapatillas y caminan por los pasillos \u201ccomo si fuera verano\u201d. Lorena apunt\u00f3 a este diario que \u201cen el jard\u00edn donde trabajo, como no tenemos gas, tenemos que comprar la garrafa y hacemos feria de ropa\u201d y le llam\u00f3 la atenci\u00f3n que \u201cmucha gente se acerc\u00f3 a preguntarnos si ten\u00edamos campera.\u00a0Es mucha la gente que no tiene un abrigo\u201d.<\/p>\n<p>\u00abYo misma duermo con fr\u00edo, todav\u00eda no terminamos la casa. No se aguantan el fr\u00edo que hace, por ah\u00ed prender un caloventor o una estufa es un ratito y apagarlo porque hay tanta gente conectada que no aguantan los cables. Entonces no se puede tener todo el d\u00eda el ambiente caliente\u00bb, lament\u00f3 Yamila, vecina del barrio La Sexta, quien cont\u00f3 a La Capital que vive de vender tortas fritas y asadas, con lo que puede juntar algo de dinero y dar de comer a sus hijos: \u00abHay muchos j\u00f3venes que vemos en el barrio que viven en la calle y queman cosas para poder calentarse un rato. Yo dorm\u00ed 8 meses durmiendo en el piso con mis hijos y no se lo deseo a nadie\u00bb.<\/p>\n<p>Al 92% de los m\u00e1s de 119 barrios populares de la ciudad no llega un servicio tan elemental como el agua.<\/p>\n<p><strong>Cifras marginales<\/strong><br \/>\nEl Renabap apunta que,\u00a0en la ciudad, casi 7 de cada 10 familias (68,9%) calefacciona sus hogares con energ\u00eda el\u00e9ctrica, mientras que 16,8% lo hace quemando gas de garrafa.<\/p>\n<p>No obstante, el Censo nacional 2022 revel\u00f3 que\u00a0el 93% tiene conexi\u00f3n irregular a la red el\u00e9ctrica,\u00a0el 85% tiene un acceso informal a la red de agua potable, el 72% no tiene cloaca y el 97% cocina con garrafa.<\/p>\n<p>\u201cSi viviera en un ranchito, prender\u00eda fuego igual\u201d, confi\u00f3 Lorena a\u00a0La Capital\u00a0mientras recordaba su infancia en las villas de Rosario: \u201cNosotros prend\u00edamos un braserito cuando \u00e9ramos chicos \u00bfC\u00f3mo se calienta una casa de chapa o de madera sin estufa? \u00a1No pod\u00e9s prender una estufa el\u00e9ctrica porque no hay luz!\u201d.<\/p>\n<p>La pobreza convierte la necesidad en un arma de doble filo: quien puede usar una estufa o un caloventor lo hace bajo su propio riesgo. El 26 de julio de 2023, la casa de Yamila se redujo a cenizas y restos incinerados luego de que el caloventor encendiera unos materiales que hab\u00edan quedado cerca del aparato. La familia de dos adultos y tres ni\u00f1os peque\u00f1os perdi\u00f3 todo, al punto que debieron pasar 8 meses durmiendo en el piso. Si bien recibieron donaciones y ayuda de los vecinos y organizaciones sociales como el Movimiento Evita, todav\u00eda no tienen completamente cerrado el techo con chapas, por lo que las noches son muy duras para su familia.<\/p>\n<p>\u00abLos chicos que se ponen pedazos de diarios en el pecho para que no le de fr\u00edo\u00bb<\/p>\n<p>\u00abVivimos el d\u00eda a d\u00eda como se puede\u00bb, sostuvo la vecina y se\u00f1al\u00f3: \u00abSe est\u00e1 viendo m\u00e1s pobreza que fr\u00edo. Hay cada vez m\u00e1s chicos buscando cart\u00f3n, parejas que salen a pedir en la calle. Es lamentable ver c\u00f3mo la gente rebusca para conseguir algo para comer\u00bb.<\/p>\n<p>En el barrio La Sexta, las casas m\u00e1s humildes se levantan con materiales que no siempre rechazan el fr\u00edo y los techos de chapa convierten a los hogares en heladeras: \u201cEl techo de chapa pasa mucho fr\u00edo.\u00a0Mis hijos duermen los tres con buzo y a veces hasta con gorrito. Es muy feo dormir en la helada\u201d, describi\u00f3 Yamila, que vive en el barrio ubicado en las inmediaciones de la ciudad universitaria de La Siberia. Un nombre muy adecuado para las sensaciones t\u00e9rmicas que se viven en las casas con piso de carpeta de hormig\u00f3n y chapa.<\/p>\n<p><strong>Comer para sacar el fr\u00edo del cuerpo<\/strong><br \/>\nPor su parte, Soledad, vecina del\u00a0barrio Los Pumitas\u00a0y cocinera en uno de los comedores comunitarios que la organizaci\u00f3n La Garganta Poderosa sostiene all\u00ed en zona noroeste, advierte que\u00a0las personas queman lo que pueden para poder afrontar el fr\u00edo.<\/p>\n<p>\u00abLos vecinos queman maderas que encuentran, basura o esas cosas para poder tener un poco de calor en sus hogares.\u00a0No est\u00e1 como para comprarse una campera, hay ni\u00f1os que tienen lo poquito que pueden llegar a ponerse\u00bb, dijo la militante, quien cont\u00f3 a\u00a0La Capital\u00a0que\u00a0\u00abhay chicos que tienen una camperita y se ponen pedazos de revista o de diarios en el pecho para que no le de fr\u00edo. Es cruel lo que vivimos en los barrios. Estamos olvidados\u00bb.<\/p>\n<p>Seg\u00fan Soledad, quienes llevan adelante comedores y merenderos no saben c\u00f3mo hacer \u00abpara hacerle llegar algo m\u00e1s a los chicos.\u00a0M\u00e1s que nada, la gente busca en los comedores para poder comer un plato de comida caliente\u00bb.<\/p>\n<p>Nadie se ha acercado desde las instituciones gubernamentales a asistir o a siquiera preguntar si existe alguna necesidad. Los comedores y merenderos que funcionan en el barrio est\u00e1n dando \u201cuna sola raci\u00f3n de comida o de copa de leche por d\u00eda, si es que dan\u201d, se\u00f1al\u00f3 Lorena, quien sostuvo que en el espacio donde es voluntaria entregan \u201cun bols\u00f3n de mercader\u00eda una vez por mes, que se arma de lo que nos dan\u201d, pero es muy poco lo que llega a los comedores y la necesidad se incrementa.<\/p>\n<p>Yamila comparte con Lorena y Soledad la actividad de trabajar en comedores comunitarios:\u00a0desde diciembre que el gobierno nacional cort\u00f3 el env\u00edo de recursos y los merenderos s\u00f3lo pueden contar c\u00f3mo aumenta la demanda de comida. \u00abAntes la gente pod\u00eda ir a dormir con el cuerpo calentito despu\u00e9s de comer un guiso, pero ahora se est\u00e1 complicando incluso eso\u00bb, remat\u00f3 la joven.<\/p>\n<h6>Fuente: La Capital<\/h6>\n","protected":false},"excerpt":{"rendered":"<p>Las familias que habitan las vecindades m\u00e1s despojadas de Rosario tienen serias dificultades para enfrentar el fr\u00edo, resultado de la lenta urbanizaci\u00f3n de los barrios.<\/p>\n","protected":false},"author":2,"featured_media":146774,"comment_status":"closed","ping_status":"closed","sticky":false,"template":"","format":"standard","meta":{"footnotes":""},"categories":[2],"tags":[10],"class_list":["post-146773","post","type-post","status-publish","format-standard","has-post-thumbnail","hentry","category-informe-municipal","tag-santa-fe"],"_links":{"self":[{"href":"http:\/\/argentinamunicipal.com.ar\/argentina\/wp-json\/wp\/v2\/posts\/146773","targetHints":{"allow":["GET"]}}],"collection":[{"href":"http:\/\/argentinamunicipal.com.ar\/argentina\/wp-json\/wp\/v2\/posts"}],"about":[{"href":"http:\/\/argentinamunicipal.com.ar\/argentina\/wp-json\/wp\/v2\/types\/post"}],"author":[{"embeddable":true,"href":"http:\/\/argentinamunicipal.com.ar\/argentina\/wp-json\/wp\/v2\/users\/2"}],"replies":[{"embeddable":true,"href":"http:\/\/argentinamunicipal.com.ar\/argentina\/wp-json\/wp\/v2\/comments?post=146773"}],"version-history":[{"count":0,"href":"http:\/\/argentinamunicipal.com.ar\/argentina\/wp-json\/wp\/v2\/posts\/146773\/revisions"}],"wp:featuredmedia":[{"embeddable":true,"href":"http:\/\/argentinamunicipal.com.ar\/argentina\/wp-json\/wp\/v2\/media\/146774"}],"wp:attachment":[{"href":"http:\/\/argentinamunicipal.com.ar\/argentina\/wp-json\/wp\/v2\/media?parent=146773"}],"wp:term":[{"taxonomy":"category","embeddable":true,"href":"http:\/\/argentinamunicipal.com.ar\/argentina\/wp-json\/wp\/v2\/categories?post=146773"},{"taxonomy":"post_tag","embeddable":true,"href":"http:\/\/argentinamunicipal.com.ar\/argentina\/wp-json\/wp\/v2\/tags?post=146773"}],"curies":[{"name":"wp","href":"https:\/\/api.w.org\/{rel}","templated":true}]}}