{"id":146841,"date":"2024-05-21T05:45:48","date_gmt":"2024-05-21T08:45:48","guid":{"rendered":"http:\/\/argentinamunicipal.com.ar\/argentina\/?p=146841"},"modified":"2024-05-20T19:18:09","modified_gmt":"2024-05-20T22:18:09","slug":"un-intendente-fueguino-presentara-un-amparo-para-frenar-los-aumentos-en-las-tarifas-de-gas","status":"publish","type":"post","link":"http:\/\/argentinamunicipal.com.ar\/argentina\/un-intendente-fueguino-presentara-un-amparo-para-frenar-los-aumentos-en-las-tarifas-de-gas\/","title":{"rendered":"Un intendente fueguino presentar\u00e1 un amparo para frenar los aumentos en las tarifas de gas"},"content":{"rendered":"<p>Se trata de Mart\u00edn P\u00e9rez, intendente de R\u00edo Grande. Lo har\u00e1 en conjunto con clubes deportivos y sociales locales.<\/p>\n<p>El intendente de la ciudad fueguina de R\u00edo Grande, Mart\u00edn P\u00e9rez, anunci\u00f3 que presentar\u00e1 un amparo para frenar los aumentos en las tarifas de gas<\/p>\n<p>\u201cTomamos la decisi\u00f3n con todas las instituciones presentes, y con el resto de las que quieran sumarse, de\u00a0presentar la pr\u00f3xima semana un amparo colectivo\u00a0ante la Justicia Federal para frenar este tarifazo\u201d, indic\u00f3 el\u00a0intendente de Rio Grande, Mart\u00edn P\u00e9rez<\/p>\n<p>Lo hizo durante un encuentro con dirigentes de clubes sociales y deportivos este fin de semana. En el encuentro cont\u00f3 que\u00a0\u201ctodos los referentes y los clubes de nuestra ciudad nos han manifestado su gran preocupaci\u00f3n por\u00a0los aumentos de las tarifas de gas que resultan impagables\u201d.<\/p>\n<p>\u201cEntendemos que\u00a0todas las acciones que se hagan desde este punto de vista son positivas\u00a0para poder tratar de ponerle un freno a esta situaci\u00f3n, que tiene que ver puntualmente con\u00a0la quita de los subsidios nacionales y no contemplar nuestra condici\u00f3n insular\u00a0y como productores de gas\u201d, agreg\u00f3.<\/p>\n<p>P\u00e9rez remarc\u00f3 la importancia de que la municipalidad y otros actores de R\u00edo Grande presenten un frente unido ante este tema.\u00a0\u201cEs necesario que actuemos en conjunto, vamos a articular un amparo colectivo para pedirle a la Justicia Federal que act\u00fae, que escuche la urgencia y la demanda que tiene nuestra comunidad, teniendo en cuenta que se aproxima el invierno y, por lo tanto, los meses de mayor consumo\u201d, enfatiz\u00f3 durante la reuni\u00f3n, seg\u00fan refleja el matutino provincial Provincia 23 en su edici\u00f3n de este lunes.<\/p>\n<p>El Intendente hizo hincapi\u00e9 en el rol social de los clubes.\u00a0\u201cDetr\u00e1s de estos clubes e instituciones, hay familias.\u00a0No podemos permitir que alguno de ellos cierre, como ha pasado en otros puntos del pa\u00eds.\u00a0Cada instituci\u00f3n cumple un rol de contenci\u00f3n, de acompa\u00f1amiento y de desarrollo, que es fundamental para nuestra ciudad\u201d, expres\u00f3.<\/p>\n<p>Jos\u00e9 Guenchur, presidente del Club General San Mart\u00edn de R\u00edo Grande ya hab\u00eda expresado su\u00a0preocupaci\u00f3n por el futuro de los clubes\u00a0deportivos y sociales de Tierra del Fuego tras la quita de subsidios y ayudas por parte del Gobierno Nacional.<\/p>\n<h6>Fuente: NA<\/h6>\n","protected":false},"excerpt":{"rendered":"<p>Se trata de Mart\u00edn P\u00e9rez, intendente de R\u00edo Grande. Lo har\u00e1 en conjunto con clubes deportivos y sociales locales.<\/p>\n","protected":false},"author":2,"featured_media":146842,"comment_status":"closed","ping_status":"closed","sticky":false,"template":"","format":"standard","meta":{"footnotes":""},"categories":[2],"tags":[34],"class_list":["post-146841","post","type-post","status-publish","format-standard","has-post-thumbnail","hentry","category-informe-municipal","tag-tierra-del-fuego"],"_links":{"self":[{"href":"http:\/\/argentinamunicipal.com.ar\/argentina\/wp-json\/wp\/v2\/posts\/146841","targetHints":{"allow":["GET"]}}],"collection":[{"href":"http:\/\/argentinamunicipal.com.ar\/argentina\/wp-json\/wp\/v2\/posts"}],"about":[{"href":"http:\/\/argentinamunicipal.com.ar\/argentina\/wp-json\/wp\/v2\/types\/post"}],"author":[{"embeddable":true,"href":"http:\/\/argentinamunicipal.com.ar\/argentina\/wp-json\/wp\/v2\/users\/2"}],"replies":[{"embeddable":true,"href":"http:\/\/argentinamunicipal.com.ar\/argentina\/wp-json\/wp\/v2\/comments?post=146841"}],"version-history":[{"count":0,"href":"http:\/\/argentinamunicipal.com.ar\/argentina\/wp-json\/wp\/v2\/posts\/146841\/revisions"}],"wp:featuredmedia":[{"embeddable":true,"href":"http:\/\/argentinamunicipal.com.ar\/argentina\/wp-json\/wp\/v2\/media\/146842"}],"wp:attachment":[{"href":"http:\/\/argentinamunicipal.com.ar\/argentina\/wp-json\/wp\/v2\/media?parent=146841"}],"wp:term":[{"taxonomy":"category","embeddable":true,"href":"http:\/\/argentinamunicipal.com.ar\/argentina\/wp-json\/wp\/v2\/categories?post=146841"},{"taxonomy":"post_tag","embeddable":true,"href":"http:\/\/argentinamunicipal.com.ar\/argentina\/wp-json\/wp\/v2\/tags?post=146841"}],"curies":[{"name":"wp","href":"https:\/\/api.w.org\/{rel}","templated":true}]}}