{"id":146886,"date":"2024-05-27T04:53:09","date_gmt":"2024-05-27T07:53:09","guid":{"rendered":"http:\/\/argentinamunicipal.com.ar\/argentina\/?p=146886"},"modified":"2024-05-22T19:01:59","modified_gmt":"2024-05-22T22:01:59","slug":"drama-social-mas-de-500-personas-viven-en-las-calles-de-la-ciudad-de-santa-fe","status":"publish","type":"post","link":"http:\/\/argentinamunicipal.com.ar\/argentina\/drama-social-mas-de-500-personas-viven-en-las-calles-de-la-ciudad-de-santa-fe\/","title":{"rendered":"Drama social: m\u00e1s de 500 personas viven en las calles de la ciudad de Santa Fe"},"content":{"rendered":"<p>Seg\u00fan el Relevamiento Nacional de Personas en Situaci\u00f3n de calle la mayor\u00eda son personas que tuvieron problemas familiares. M\u00e1s del 65% son hombres menores de 40 a\u00f1os. Los que realizan alg\u00fan trabajo lo hacen de cuidacoches, limpiavidrios o malabaristas<\/p>\n<p>Un informe realizado en la ciudad de Santa Fe, entre otras, por el Relevamiento Nacional de Personas en Situaci\u00f3n de calle (ReNaCALLE) determin\u00f3 que m\u00e1s de 500 personas viven en la calle, de los cuales unos 100 son cuidacoches. Esta situaci\u00f3n se agrava por la llegada de las primeras bajas temperaturas.<\/p>\n<p>Ante este verdadero drama social, la Municipalidad santafesina preparar\u00e1 150 raciones de alimentos diarios para entregar, pese a que de distintas organizaciones sociales advierten que son m\u00e1s de 500 personas.<\/p>\n<p>Los datos surgen del Relevamiento Nacional de Personas en Situaci\u00f3n de calle (ReNaCALLE), que se llev\u00f3 a cabo en diez ciudades,\u00a0Santa Fe entre ellas.\u00a0El relevamiento fue articulado por el gobierno nacional en el 2023, para el que se convoc\u00f3 a organizaciones sociales para efectuarlo. En Santa Fe tambi\u00e9n participaron instituciones eclesi\u00e1sticas. En el informe del a\u00f1o pasado, que se realizar\u00e1 tambi\u00e9n este a\u00f1o,\u00a0se report\u00f3 que son 505 las personas que viven en las calles de la capital de la provincia, en su mayor\u00eda en el centro de la ciudad.<\/p>\n<p><strong>La mayor\u00eda son hombres j\u00f3venes<\/strong><br \/>\nLa mayor\u00eda son hombres (88,5%), y de acuerdo a la franja etaria de 18 a 29 a\u00f1os (36,87%) y de 30 a 39 a\u00f1os (29,05%). Casi ninguno (92%) ha completado los estudios escolares.<\/p>\n<p>Entre los motivos que estas personas terminaron durmiendo en la calle los\u00a0conflictos familiares est\u00e1n al tope con 120 casos, 111 por haber sido\u00a0expulsados de sus viviendas, y por el\u00a0consumo problem\u00e1tico de sustancias 85.<\/p>\n<p>Con respecto a la situaci\u00f3n laboral de las personas relevadas, un 70% ha respondido que ha trabajado en la \u00faltima semana. De la poblaci\u00f3n que ha respondido que no realiza ninguna actividad laboral (27%), casi el 59% ha referido buscar trabajo y no encontrar y el 13% presenta alg\u00fan tipo de discapacidad.\u00a0El rubro de trabajo predominante en el universo relevado es el de trabajadores en espacios p\u00fablicos: cuidacoches, limpiavidrios, malabaristas.<\/p>\n<p>El 64% de las personas que viven en la calle en la ciudad consume sustancias psicoactivas y, de ese porcentaje, el 71% considera que el consumo es un problema en su vida. El 68% ha referido que el consumo ha aumentado desde que se encuentra en situaci\u00f3n de calle.<\/p>\n<p>Finalmente la encuesta a las personas, se pregunta en funci\u00f3n de sus percepciones, qu\u00e9 cuestiones identifican como medio para superar la situaci\u00f3n de calle. Frente a esto la mayor\u00eda respondi\u00f3 tener un trabajo (207) y\/o tener una vivienda permanente (203).<\/p>\n<p><strong>\u201cVa a ser muy dif\u00edcil tratar de pacificar la ciudad\u201d<\/strong><br \/>\n\u201cLa situaci\u00f3n de calle no se puede pensar por fuera del problema del abordaje que est\u00e1n teniendo con las pol\u00edticas p\u00fablicas relacionadas con los trapitos. No hay trapito que no est\u00e9 en situaci\u00f3n de calle. Y creo que eso es lo central que tenemos que entender. La mayor\u00eda est\u00e1 atravesando un cuadro de consumo problem\u00e1tico de sustancias y si no hacemos un abordaje integral como ciudad\u00a0va a ser muy dif\u00edcil tratar de \u00abpacificar\u00bb\u00a0la ciudad de Santa Fe. Lejos de lograr ese objetivo va a haber un incremento de la violencia\u201d, advirti\u00f3 Gast\u00f3n Restagno, referente de Nuestram\u00e9rica en Santa Fe, a\u00a0UNO Santa Fe<\/p>\n<p>El dirigente subray\u00f3 que \u201csi uno lee la Ley Nacional de personas en situaci\u00f3n de calle, se ve el camino necesario sobre c\u00f3mo se tiene que abordar el problema en s\u00ed, con la creaci\u00f3n de los centros de integraci\u00f3n social destinados a personas en situaci\u00f3n de calle que lo que busca es tener un abordaje integral con un equipo interdisciplinario, y que pueda acompa\u00f1ar en la trayectoria de vida cotidiana de las personas que est\u00e1n en esa situaci\u00f3n\u201d.<\/p>\n<p>Sobre c\u00f3mo pueden impactar los indicadores sociales y econ\u00f3micos relevados luego del ReNaCALLE, Restagno expres\u00f3: \u201cEstamos tratando de evaluar con un observatorio de pol\u00edtica social y econ\u00f3mica cu\u00e1l es el impacto en la sociedad en general sobre esto. Los primeros resultados son lo que ya conocemos,\u00a0con la inflaci\u00f3n que hay en los productos alimentarios y en alquileres va a haber m\u00e1s personas en situaci\u00f3n de calle\u201d.<\/p>\n<p>Nuestram\u00e9rica regenta dos Centros de Integraci\u00f3n Comunitaria (CIC), uno para hombres, y otro para mujeres y disidencias. En el primero se da alojamiento a unas 50 personas, pero quienes asisten a comer son alrededor de 150. En cuanto al segundo, que funciona como centro de d\u00eda, se acompa\u00f1a a entre 15 y 20 mujeres.<\/p>\n<h6>Fuente: El Ciudadano<\/h6>\n","protected":false},"excerpt":{"rendered":"<p>Seg\u00fan el Relevamiento Nacional de Personas en Situaci\u00f3n de calle la mayor\u00eda son personas que tuvieron problemas familiares. M\u00e1s del 65% son hombres menores de 40 a\u00f1os. Los que realizan alg\u00fan trabajo lo hacen de cuidacoches, limpiavidrios o malabaristas<\/p>\n","protected":false},"author":2,"featured_media":146887,"comment_status":"closed","ping_status":"closed","sticky":false,"template":"","format":"standard","meta":{"footnotes":""},"categories":[2],"tags":[10],"class_list":["post-146886","post","type-post","status-publish","format-standard","has-post-thumbnail","hentry","category-informe-municipal","tag-santa-fe"],"_links":{"self":[{"href":"http:\/\/argentinamunicipal.com.ar\/argentina\/wp-json\/wp\/v2\/posts\/146886","targetHints":{"allow":["GET"]}}],"collection":[{"href":"http:\/\/argentinamunicipal.com.ar\/argentina\/wp-json\/wp\/v2\/posts"}],"about":[{"href":"http:\/\/argentinamunicipal.com.ar\/argentina\/wp-json\/wp\/v2\/types\/post"}],"author":[{"embeddable":true,"href":"http:\/\/argentinamunicipal.com.ar\/argentina\/wp-json\/wp\/v2\/users\/2"}],"replies":[{"embeddable":true,"href":"http:\/\/argentinamunicipal.com.ar\/argentina\/wp-json\/wp\/v2\/comments?post=146886"}],"version-history":[{"count":0,"href":"http:\/\/argentinamunicipal.com.ar\/argentina\/wp-json\/wp\/v2\/posts\/146886\/revisions"}],"wp:featuredmedia":[{"embeddable":true,"href":"http:\/\/argentinamunicipal.com.ar\/argentina\/wp-json\/wp\/v2\/media\/146887"}],"wp:attachment":[{"href":"http:\/\/argentinamunicipal.com.ar\/argentina\/wp-json\/wp\/v2\/media?parent=146886"}],"wp:term":[{"taxonomy":"category","embeddable":true,"href":"http:\/\/argentinamunicipal.com.ar\/argentina\/wp-json\/wp\/v2\/categories?post=146886"},{"taxonomy":"post_tag","embeddable":true,"href":"http:\/\/argentinamunicipal.com.ar\/argentina\/wp-json\/wp\/v2\/tags?post=146886"}],"curies":[{"name":"wp","href":"https:\/\/api.w.org\/{rel}","templated":true}]}}