{"id":146889,"date":"2024-05-27T05:03:32","date_gmt":"2024-05-27T08:03:32","guid":{"rendered":"http:\/\/argentinamunicipal.com.ar\/argentina\/?p=146889"},"modified":"2024-05-22T19:06:58","modified_gmt":"2024-05-22T22:06:58","slug":"rosario-alertan-que-las-raciones-de-comida-en-los-barrios-populares-se-duplican-semana-a-semana","status":"publish","type":"post","link":"http:\/\/argentinamunicipal.com.ar\/argentina\/rosario-alertan-que-las-raciones-de-comida-en-los-barrios-populares-se-duplican-semana-a-semana\/","title":{"rendered":"Rosario: Alertan que las raciones de comida en los barrios populares se duplican semana a semana"},"content":{"rendered":"<p>Desde distintos comedores aseguran que la realidad es desesperante en materia alimentaria y no dan abasto si no cuentan con ayuda de los tres niveles del Estado<\/p>\n<p>Si bien para el gobierno la inflaci\u00f3n sigue bajando paulatinamente, de acuerdo al Indec, lo que no para de incrementarse en Rosario son las ollas populares de lo barrios m\u00e1s carenciados a ra\u00edz de la emergencia alimentaria. Eso es lo que puso de manifiesto el comedor que la Corriente Clasista y Combativa posee en varios puntos de Rosario, donde en una semana se duplic\u00f3 la cantidad de raciones producto de la demanda alimentaria y la falta del env\u00edo de recursos del Estado nacional, seg\u00fan aseguraron desde la CCC.<\/p>\n<p>\u00abHoy (viernes), la verdad, sent\u00ed mucha tristeza al ver que la demanda de gente creci\u00f3 notablemente de una semana a la otra\u00bb, lament\u00f3 el l\u00edder de la CCC en Rosario, Eduardo Delmonte para precisar: \u00abEl viernes 10 de mayo cocinamos para 120 personas y hoy, una semana despu\u00e9s, tuvimos que hacerlo para 280, entre adultos y ni\u00f1os\u00bb.<\/p>\n<p>\u00abEso es un mont\u00f3n\u00bb, lament\u00f3 Delmonte para adjudicar esta demanda alimentaria a la ausencia del Estado nacional. \u00abNos recortaron los recursos para poder cocinar, ya que Naci\u00f3n dej\u00f3 de enviar alimentos\u00bb, afirm\u00f3.<br \/>\nEn ese contexto, el referente local de la CCC revel\u00f3 que siente\u00a0\u00abmucha tristeza\u00bb\u00a0cuando la gente del barrio le dice \u00abnos vemos el viernes\u00bb, y con\u00a0\u00abun nudo en la garganta\u00bb, les responde:\u00a0\u00abYo les aviso\u00bb.<\/p>\n<p>\u00abS\u00e9 que la semana que viene, si no conseguimos donaciones, muchas familias no van a tener un plato de comida caliente en su mesa\u00bb, advirti\u00f3 con profunda tristeza y preocupaci\u00f3n para reclamar: \u00abEspero que alguien se ponga en los zapatos del pueblo, porque hoy hay hambre, y mucha\u00bb.<\/p>\n<p><strong>Desesperado pedido de ayuda<\/strong><br \/>\nEn sinton\u00eda con Delmonte, Soledad Giupponi, delegada de la CCC en Cab\u00edn y voluntaria del comedor \u00abRayito de Sol\u00bb desde hace tres a\u00f1os, revel\u00f3:\u00a0\u00abVen\u00edamos entregando raciones a entre 60 y 70 personas; y la semana pasada se increment\u00f3 a 120 y este viernes a 280\u00bb.<\/p>\n<p>Giupponi rese\u00f1\u00f3 que \u00abantes se acostumbraba a que muchas familias\u00a0vengan a retirar la comida para sus hijos, pero ahora viene mucha gente grande, j\u00f3venes y muchos abuelos\u00bb.<\/p>\n<p>Seg\u00fan consign\u00f3, desde el ex Ministerio de Desarrollo Social (hoy Capital Humano) dejaron de enviar alimentos desde octubre y cada vez se complica m\u00e1s poder ayudar a quienes m\u00e1s lo necesitan en plena crisis econ\u00f3mica y ajustes llevados a cabo por el gobierno de Javier Milei.<\/p>\n<p>\u00abNos enviaban arroz, fideos, pur\u00e9 de tomate, aceite. Pero\u00a0cada vez fueron recortando m\u00e1s y desde octubre del a\u00f1o pasado ya no nos dieron m\u00e1s\u00bb, asegur\u00f3 la referente del comedor para afirmar que la poca mercader\u00eda con la que cuentan la sostienen desde el voluntariado.<\/p>\n<p>\u00abLos fondos salen del bolsillo de las voluntarias y voluntarios; si Naci\u00f3n no manda los alimentos, se va a complicar cada vez m\u00e1s la situaci\u00f3n\u00bb, advirti\u00f3 para remarcar: \u00abNo hay leche, estamos dando mate cocido, pero la gente viene igual porque es algo caliente para tomar y darles a los chicos cuando salen de la escuela\u00bb.<\/p>\n<p><strong>Una realidad triste y desesperante<\/strong><br \/>\nDesde esa organizaci\u00f3n como tantas otras vienen denunciando que desde la asunci\u00f3n del gobierno de Javier Milei,\u00a0el Estado nacional no envi\u00f3 m\u00e1s alimentos para abastecer a comedores y merenderos de los barrios populares de Rosario.<\/p>\n<p>S\u00f3lo para observar la realidad de los barrios, desde la organizaci\u00f3n barrial apuntaron que en el comedor Somos Uno, de Villa Banana, la demanda se increment\u00f3 de 70 a 120 raciones diarias.<\/p>\n<p>Esa realidad se incrementa en comedores del barrio La Cer\u00e1mica, donde\u00a0de 200 raciones ascendieron a 350, mientras que en barrio Bonnano, de 46 raciones pas\u00f3 a 90.<\/p>\n<p>El n\u00fanero se incrementa de manera considerable en Las Flores Sur, donde afirman: \u00abVen\u00edamos entregando a 60 familias, todas con entre cinco, ocho y diez hijos, que hac\u00edan un total de\u00a0298 raciones y ahora se sumaron 40 familias m\u00e1s y se nos hace imposible cocinar. Estuvimos contando tenemos 400 raciones y ya no no podemos anotar m\u00e1s, los dejamos en lista de espera\u00bb.<\/p>\n<p>En tanto, en el comedor ubicado en barrio Belgrano, en diciembre entregaba comida a\u00a060 familias (100 raciones) y hoy suma 85 familias (130 raciones). \u00abNos da miedo seguir sumando ya que aveces no tenemos para poder sustentarnos.\u00a0Es muy triste tener que decirles que no podemos o que no alcanzamos con los insumos que nos dan. Y a la hora de sumar tenemos prioridades y vemos cuantos hijos tienen o si son personas muy mayores\u00bb.<\/p>\n<h6>Fuente: La Capital<\/h6>\n","protected":false},"excerpt":{"rendered":"<p>Desde distintos comedores aseguran que la realidad es desesperante en materia alimentaria y no dan abasto si no cuentan con ayuda de los tres niveles del Estado<\/p>\n","protected":false},"author":2,"featured_media":146890,"comment_status":"closed","ping_status":"closed","sticky":false,"template":"","format":"standard","meta":{"footnotes":""},"categories":[2],"tags":[10],"class_list":["post-146889","post","type-post","status-publish","format-standard","has-post-thumbnail","hentry","category-informe-municipal","tag-santa-fe"],"_links":{"self":[{"href":"http:\/\/argentinamunicipal.com.ar\/argentina\/wp-json\/wp\/v2\/posts\/146889","targetHints":{"allow":["GET"]}}],"collection":[{"href":"http:\/\/argentinamunicipal.com.ar\/argentina\/wp-json\/wp\/v2\/posts"}],"about":[{"href":"http:\/\/argentinamunicipal.com.ar\/argentina\/wp-json\/wp\/v2\/types\/post"}],"author":[{"embeddable":true,"href":"http:\/\/argentinamunicipal.com.ar\/argentina\/wp-json\/wp\/v2\/users\/2"}],"replies":[{"embeddable":true,"href":"http:\/\/argentinamunicipal.com.ar\/argentina\/wp-json\/wp\/v2\/comments?post=146889"}],"version-history":[{"count":0,"href":"http:\/\/argentinamunicipal.com.ar\/argentina\/wp-json\/wp\/v2\/posts\/146889\/revisions"}],"wp:featuredmedia":[{"embeddable":true,"href":"http:\/\/argentinamunicipal.com.ar\/argentina\/wp-json\/wp\/v2\/media\/146890"}],"wp:attachment":[{"href":"http:\/\/argentinamunicipal.com.ar\/argentina\/wp-json\/wp\/v2\/media?parent=146889"}],"wp:term":[{"taxonomy":"category","embeddable":true,"href":"http:\/\/argentinamunicipal.com.ar\/argentina\/wp-json\/wp\/v2\/categories?post=146889"},{"taxonomy":"post_tag","embeddable":true,"href":"http:\/\/argentinamunicipal.com.ar\/argentina\/wp-json\/wp\/v2\/tags?post=146889"}],"curies":[{"name":"wp","href":"https:\/\/api.w.org\/{rel}","templated":true}]}}