{"id":146978,"date":"2024-05-27T05:40:31","date_gmt":"2024-05-27T08:40:31","guid":{"rendered":"http:\/\/argentinamunicipal.com.ar\/argentina\/?p=146978"},"modified":"2024-05-26T11:15:48","modified_gmt":"2024-05-26T14:15:48","slug":"marcha-de-las-ollas-vacias-en-rosario-multitudinaria-manifestacion-por-la-falta-de-alimentos-en-comedores","status":"publish","type":"post","link":"http:\/\/argentinamunicipal.com.ar\/argentina\/marcha-de-las-ollas-vacias-en-rosario-multitudinaria-manifestacion-por-la-falta-de-alimentos-en-comedores\/","title":{"rendered":"Marcha de las ollas vac\u00edas en Rosario: multitudinaria manifestaci\u00f3n por la falta de alimentos en comedores\u00a0"},"content":{"rendered":"<p>Organizaciones sociales de la econom\u00eda popular se manifestaron este jueves frente al municipio en una protesta que tambi\u00e9n pide respuestas al gobierno nacional. \u201cNo hay leche, los chicos comen una vez al d\u00eda y cada vez m\u00e1s gente va a los comedores\u201d, cont\u00f3 Ver\u00f3nica, de un comedor de barrio Azcu\u00e9naga<\/p>\n<p>La Corriente Clasista y Combativa (CCC) y otras organizaciones sociales nucleadas en la Uni\u00f3n de Trabajadores y Trabajadoras de la Econom\u00eda Popular (Utep) encabezaron este jueves la \u201cProtesta contra el hambre\u201d. Desde las 9 concentraron frente a la Municipalidad donde exigieron mayor prepuesto de los 40 mil pesos que reciben cada comedor o copa de leche. Despu\u00e9s, fue la \u201cmarcha de las ollas vac\u00edas\u201d alrededor de la plaza 25 de Mayo. El cierre fue al mediod\u00eda con una asamblea frente a la sede de Ans\u00e9s de Rioja y Sarmiento. La multitudinaria movilizaci\u00f3n busc\u00f3 exponer el corte en la entrega de alimentos por parte del gobierno nacional desde diciembre y reclamar al municipio que vuelque \u201cmayores recursos\u201d al medio millar de comedores y copas de leche que funcionan en la ciudad.<\/p>\n<p>Eduardo Delmonte, referente de la CCC, cont\u00f3 en di\u00e1logo con El Ciudadano que estuvieron presentes en la convocatoria unos 2 mil integrantes de organizaciones sociales para reclamar frente al Palacio Municipal por mayores recursos para comedores y copas de leche.<\/p>\n<p>\u201cVinimos sum\u00e1ndonos a una jornada nacional de lucha donde denunciamos el crecimiento del hambre en la Argentina. Este es el pa\u00eds de la comida por excelencia y, sin embargo hay hambre porque es inalcanzable el costo de los alimentos y la desigualdad social que existe\u201d, explic\u00f3.<\/p>\n<p>Respecto a la convocatoria, Delmonte se\u00f1al\u00f3 que el pedido de respuesta principal es \u201cal gobierno nacional que es el que ha definido desde que asumi\u00f3 cortar los suministros de alimentos a las ollas populares que son 45.000 en todo el pa\u00eds y que le dan de comer a millones de personas. Cruelmente se ha retirado el plato de comida de los chicos\u201d.<\/p>\n<p>El referente social tambi\u00e9n hizo hincapi\u00e9 en otra problem\u00e1tica: la falta de leche. \u201cNo hay para darles a los chicos y tampoco en los dispositivos gubernamentales la tienen. Estamos viviendo una situaci\u00f3n de una cat\u00e1strofe alimentaria. En nuestro caso en una ciudad donde pasa el 80 por ciento de todo el pa\u00eds que se exporta, sale de ac\u00e1. La gente la ve pasar y no sabe qu\u00e9 van a comer sus hijos esta noche\u201d, explic\u00f3 para luego preguntar qu\u00e9 hizo el ejecutivo nacional con toda la plata que no entregaron a los comedores desde diciembre.<\/p>\n<p>Delmonte dijo que en el Gran Rosario funcionan unos 500 comedores populares y copas de leche mientras que uno de los referentes barriales agreg\u00f3 que cada vez m\u00e1s se abren nuevos comedores donde no hab\u00eda como por ejemplo en las Iglesias que ahora tambi\u00e9n est\u00e1n pidiendo recursos y donaciones para dar un plato de comida o meriendas.<\/p>\n<p><strong>\u201cLos chicos comen una vez al d\u00eda\u201d<\/strong><br \/>\nVer\u00f3nica fue una de cocineras de barrio Azcu\u00e9naga que estuvo en la movilizaci\u00f3n y dio un panorama desolador sobre la situaci\u00f3n del hambre en el departamento Rosario. \u201cEn los comedores no alcanza el alimento. La gente se est\u00e1 quedando sin trabajo y cada vez m\u00e1s va a los comedores barriales. Le estamos reclamando a la municipalidad que por favor asista m\u00e1s a los comedores. Nos entregan 40 mil por mes y una olla sale alrededor de 100.000 pesos. Se cocina una sola vez comida a la semana\u201d, cont\u00f3.<\/p>\n<p>La militante social tambi\u00e9n habl\u00f3 de la leche y dio datos concretos. \u201cTe dan 26 mil pesos que no es m\u00e1s copa de leche, es de copa de mate cocido porque lamentablemente como est\u00e1n caras las cosas, la leche no se puede comprar. Incluso en los Centros de Salud tampoco est\u00e1n entregando\u201d, se\u00f1al\u00f3 para agregar que \u201cestamos exigi\u00e9ndole al intendente (Pablo Javkin) que deje de mirar tanto la Bolsa de Comercio y mire m\u00e1s a los barrios porque hay muchas necesidades. Incluso un relevamiento en Villa Gobernador G\u00e1lvez dio cuenta que hay chicos bajos de peso y ya con desnutrici\u00f3n\u201d describi\u00f3.<\/p>\n<p>\u201cPor m\u00e1s que el presidente aumente la asignaci\u00f3n, el alimentar: o se le da de comer, se le viste o se le da el techo. Los chicos comen una vez al d\u00eda. Es lamentable lo que pasando la ciudad, en s\u00ed en todo el pa\u00eds\u201d, concluy\u00f3 Ver\u00f3nica este jueves cerca del mediod\u00eda en la vuelta con las ollas vac\u00edas que hicieron las organizaciones en la plaza 25 de Mayo para luego hacer una asamblea frente a la sede de la Ans\u00e9s en la ciudad.<\/p>\n<h6>Fuente: El Ciudadano<\/h6>\n","protected":false},"excerpt":{"rendered":"<p>\u201cNo hay leche, los chicos comen una vez al d\u00eda y cada vez m\u00e1s gente va a los comedores\u201d, cont\u00f3 Ver\u00f3nica, de un comedor de barrio Azcu\u00e9naga<\/p>\n","protected":false},"author":2,"featured_media":146979,"comment_status":"closed","ping_status":"closed","sticky":false,"template":"","format":"standard","meta":{"footnotes":""},"categories":[2],"tags":[10],"class_list":["post-146978","post","type-post","status-publish","format-standard","has-post-thumbnail","hentry","category-informe-municipal","tag-santa-fe"],"_links":{"self":[{"href":"http:\/\/argentinamunicipal.com.ar\/argentina\/wp-json\/wp\/v2\/posts\/146978","targetHints":{"allow":["GET"]}}],"collection":[{"href":"http:\/\/argentinamunicipal.com.ar\/argentina\/wp-json\/wp\/v2\/posts"}],"about":[{"href":"http:\/\/argentinamunicipal.com.ar\/argentina\/wp-json\/wp\/v2\/types\/post"}],"author":[{"embeddable":true,"href":"http:\/\/argentinamunicipal.com.ar\/argentina\/wp-json\/wp\/v2\/users\/2"}],"replies":[{"embeddable":true,"href":"http:\/\/argentinamunicipal.com.ar\/argentina\/wp-json\/wp\/v2\/comments?post=146978"}],"version-history":[{"count":0,"href":"http:\/\/argentinamunicipal.com.ar\/argentina\/wp-json\/wp\/v2\/posts\/146978\/revisions"}],"wp:featuredmedia":[{"embeddable":true,"href":"http:\/\/argentinamunicipal.com.ar\/argentina\/wp-json\/wp\/v2\/media\/146979"}],"wp:attachment":[{"href":"http:\/\/argentinamunicipal.com.ar\/argentina\/wp-json\/wp\/v2\/media?parent=146978"}],"wp:term":[{"taxonomy":"category","embeddable":true,"href":"http:\/\/argentinamunicipal.com.ar\/argentina\/wp-json\/wp\/v2\/categories?post=146978"},{"taxonomy":"post_tag","embeddable":true,"href":"http:\/\/argentinamunicipal.com.ar\/argentina\/wp-json\/wp\/v2\/tags?post=146978"}],"curies":[{"name":"wp","href":"https:\/\/api.w.org\/{rel}","templated":true}]}}