{"id":146991,"date":"2024-05-28T05:00:12","date_gmt":"2024-05-28T08:00:12","guid":{"rendered":"http:\/\/argentinamunicipal.com.ar\/argentina\/?p=146991"},"modified":"2024-05-27T18:28:11","modified_gmt":"2024-05-27T21:28:11","slug":"la-provincia-de-santa-fe-suma-tres-nuevos-municipios","status":"publish","type":"post","link":"http:\/\/argentinamunicipal.com.ar\/argentina\/la-provincia-de-santa-fe-suma-tres-nuevos-municipios\/","title":{"rendered":"La provincia de Santa Fe suma tres nuevos municipios"},"content":{"rendered":"<p>El Senado declar\u00f3 ciudades a Helvecia y Alvear. A estas dos se agrega Villa Minetti, que recibi\u00f3 el mismo status a partir de la sanci\u00f3n definitiva en la C\u00e1mara de Diputados.<\/p>\n<p>La C\u00e1mara de Senadores\u00a0realiz\u00f3\u00a0este jueves la Sesi\u00f3n Ordinaria n\u00b0 2 del Per\u00edodo 142. Fue presidida por el presidente provisional, Felipe Michlig, debido a que la vicegobernadora Gisela Scaglia debi\u00f3 ausentarse del pa\u00eds para participar del Primer Encuentro Internacional del Sentido, en la Ciudad del Vaticano.<\/p>\n<p><strong>Alvear y Helvecia, nuevas ciudades<\/strong><br \/>\nTras una moci\u00f3n propuesta por el senador Rodrigo Borla -y aprobada por unanimidad- se alter\u00f3 el orden de la sesi\u00f3n para tratar en primer lugar dos proyectos con pedido de tratamiento preferencial, referidos a la declaraci\u00f3n como ciudades a las localidades\u00a0Alvear (departamento Rosario) y Helvecia (departamento Garay).<\/p>\n<p>El senador Ciro Seisas se refiri\u00f3 a la declaraci\u00f3n de Alvear como ciudad y lo consider\u00f3 \u201cun salto hacia adelante, al desarrollo\u201d de una localidad que fue \u201cuna de las primeras estaciones de ferrocarril que tuvo la Argentina\u201d.\u00a0\u201cNos llena de felicidad\u00a0que nos toque esta partecita de la historia, que es un estricto y amplio sentido de justicia a lo que la gente de Alvear merece\u201d.<\/p>\n<p>Tambi\u00e9n se sum\u00f3 el senador Julio \u201cPaco\u201d Garibaldi (La Capital) quien destac\u00f3 que Alvear es \u201cuna de las localidades m\u00e1s miradas de la provincia por su capacidad de generar empleo\u201d y la consider\u00f3 \u201cun ejemplo\u201d para el pa\u00eds.<\/p>\n<p>Seguidamente fue el turno de la localidad de Helvecia, que de esta manera se convierte en la primera ciudad del departamento Garay. Tras la sanci\u00f3n definitiva del proyecto impulsado por la diputada Ximena Sola, el senador Germ\u00e1n Baumgartner asegur\u00f3 que es\u00a0\u201cun momento hist\u00f3rico para el departamento Garay y la localidad de Helvecia\u201d.<\/p>\n<p>Tras se\u00f1alar que el mencionado era el \u201c\u00fanico departamento cuya cabecera no era ciudad\u201d se\u00f1al\u00f3 las virtudes de la comunidad de Helvecia y asegur\u00f3 que \u201ccontinuar\u00e1 con su idiosincrasia\u201d aunque \u201cadministrativamente habr\u00e1 cambios que marcan una etapa llena de oportunidades\u201d.<\/p>\n<p>La sesi\u00f3n cont\u00f3 con la presencia de vecinos, autoridades y personalidades de las dos nuevas ciudades, as\u00ed como tambi\u00e9n de\u00a0Villa Minetti\u00a0(departamento 9 de Julio) que\u00a0tambi\u00e9n fue declarada con el mismo status a partir de la sanci\u00f3n respectiva en la C\u00e1mara de Diputados.<\/p>\n<h6>Fuente: sin Mordaza<\/h6>\n","protected":false},"excerpt":{"rendered":"<p>El Senado declar\u00f3 ciudades a Helvecia y Alvear. A estas dos se agrega Villa Minetti, que recibi\u00f3 el mismo status a partir de la sanci\u00f3n definitiva en la C\u00e1mara de Diputados.<\/p>\n","protected":false},"author":2,"featured_media":146992,"comment_status":"closed","ping_status":"closed","sticky":false,"template":"","format":"standard","meta":{"footnotes":""},"categories":[2],"tags":[10],"class_list":["post-146991","post","type-post","status-publish","format-standard","has-post-thumbnail","hentry","category-informe-municipal","tag-santa-fe"],"_links":{"self":[{"href":"http:\/\/argentinamunicipal.com.ar\/argentina\/wp-json\/wp\/v2\/posts\/146991","targetHints":{"allow":["GET"]}}],"collection":[{"href":"http:\/\/argentinamunicipal.com.ar\/argentina\/wp-json\/wp\/v2\/posts"}],"about":[{"href":"http:\/\/argentinamunicipal.com.ar\/argentina\/wp-json\/wp\/v2\/types\/post"}],"author":[{"embeddable":true,"href":"http:\/\/argentinamunicipal.com.ar\/argentina\/wp-json\/wp\/v2\/users\/2"}],"replies":[{"embeddable":true,"href":"http:\/\/argentinamunicipal.com.ar\/argentina\/wp-json\/wp\/v2\/comments?post=146991"}],"version-history":[{"count":0,"href":"http:\/\/argentinamunicipal.com.ar\/argentina\/wp-json\/wp\/v2\/posts\/146991\/revisions"}],"wp:featuredmedia":[{"embeddable":true,"href":"http:\/\/argentinamunicipal.com.ar\/argentina\/wp-json\/wp\/v2\/media\/146992"}],"wp:attachment":[{"href":"http:\/\/argentinamunicipal.com.ar\/argentina\/wp-json\/wp\/v2\/media?parent=146991"}],"wp:term":[{"taxonomy":"category","embeddable":true,"href":"http:\/\/argentinamunicipal.com.ar\/argentina\/wp-json\/wp\/v2\/categories?post=146991"},{"taxonomy":"post_tag","embeddable":true,"href":"http:\/\/argentinamunicipal.com.ar\/argentina\/wp-json\/wp\/v2\/tags?post=146991"}],"curies":[{"name":"wp","href":"https:\/\/api.w.org\/{rel}","templated":true}]}}