{"id":147090,"date":"2024-05-31T05:50:24","date_gmt":"2024-05-31T08:50:24","guid":{"rendered":"http:\/\/argentinamunicipal.com.ar\/argentina\/?p=147090"},"modified":"2024-05-28T19:21:51","modified_gmt":"2024-05-28T22:21:51","slug":"tenemos-el-parana-que-pasa-por-delante-de-las-localidades-y-hay-barrios-enteros-sin-agua-potable","status":"publish","type":"post","link":"http:\/\/argentinamunicipal.com.ar\/argentina\/tenemos-el-parana-que-pasa-por-delante-de-las-localidades-y-hay-barrios-enteros-sin-agua-potable\/","title":{"rendered":"\u201cTenemos el Paran\u00e1 que pasa por delante de las localidades y hay barrios enteros sin agua potable\u201d"},"content":{"rendered":"<p>El intendente de Villa Gobernador G\u00e1lvez analiz\u00f3 la principal necesidad de obra p\u00fablica en el Gran Rosario y tambi\u00e9n de su ciudad. \u00abToda la regi\u00f3n es un conglomerado de un mill\u00f3n y medio de habitantes que, si no se pensara en com\u00fan, estar\u00eda padeciendo much\u00edsimos problemas\u00bb, explic\u00f3<\/p>\n<p>El intendente de Villa Gobernador G\u00e1lvez, Alberto Ricci, analiz\u00f3 la situaci\u00f3n de su ciudad en el marco de las estrategias para la zona metropolitana. El dirigente socialista resalt\u00f3 la importancia del Ecom, la necesidad de obras en el ingreso de la ciudad y se lament\u00f3 por las deficiencias en la llegada del servicio de agua potable a zonas del Gran Rosario. Adem\u00e1s, descart\u00f3 de plano que el gobierno nacional pueda mantener su teor\u00eda de frenar a cero la obra p\u00fablica.<\/p>\n<p>\u2014\u00bfSiente que se est\u00e1 pensando estrat\u00e9gicamente la regi\u00f3n del Gran Rosario?<\/p>\n<p>\u2014Rosario y toda la regi\u00f3n es un conglomerado de un mill\u00f3n y medio de habitantes que, si no se pensara en com\u00fan, estar\u00eda padeciendo much\u00edsimos problemas. Por suerte hace muchos a\u00f1os que funciona el Ente de Coordinaci\u00f3n Metropolitano, que si bien es liderado por la persona que est\u00e1 a cargo de la Intendencia de la ciudad de Rosario, somos m\u00e1s de 30 localidades las que estamos interactuando continuamente. En estos d\u00edas se realiza la reuni\u00f3n anual, tuvimos un cambio de autoridades con el cambio de gobierno y es muy importante seguir trabajando y seguir gestionando a trav\u00e9s del Ecom diferentes obras, con cr\u00e9ditos internacionales como el del BID, con la provincia y con la Naci\u00f3n tambi\u00e9n. Hay que seguir trabajando y seguir defendiendo al Ecom, que si bien estuvo en estos a\u00f1os, tanto en la pandemia como en el gobierno anterior, un poco ausente de algunos proyectos importantes, no dej\u00f3 de trabajar nunca, especialmente en la gesti\u00f3n integral de residuos s\u00f3lidos urbanos de la regi\u00f3n, donde se est\u00e1 haciendo un buen trabajo.<\/p>\n<p>\u2014El gobierno provincial desliz\u00f3 que quiere avanzar sobre la tasa vial que cobran los municipios de la zona portuaria. \u00bfC\u00f3mo afectar\u00eda eso a Villa Gobernador G\u00e1lvez?<\/p>\n<p>\u2014Villa Gobernador G\u00e1lvez comparte el cobro de la tasa vial con la localidad de Alvear. Tenemos un sector del camino urbano. La tasa vial se cobra solamente a los transportistas que ingresan a la zona portuaria en caminos urbanos. Nosotros con esa tasa vial tenemos que hacer el mantenimiento de casi dos kil\u00f3metros de pavimento, tenemos que hacer el corte de yuyos, la limpieza, el control de seguridad, que lo hacemos no s\u00f3lo sobre el tramo urbano sino sobre el tramo provincial, que va desde la ruta 21 hasta la autopista. Utilizamos muchos recursos para eso. Aparte tambi\u00e9n tenemos ayudas sociales a clubes de nuestra ciudad que salen de esa tasa. Por eso es muy importante este ingreso para la ciudad. Que no sientan los transportistas o los productores que es una tasa que va en contra de la rentabilidad, sino que beneficia much\u00edsimo a las localidades que tenemos la problem\u00e1tica, que desconoce mucha gente, de tener un puerto adentro de la ciudad.<\/p>\n<p>\u2014\u00bfQu\u00e9 obra considera prioritaria para la ciudad?<\/p>\n<p>\u2014Nosotros en Villa Gobernador Galvez, frente al gran crecimiento de la ciudad, estamos necesitando la remodelaci\u00f3n del ingreso por la zona oeste, lo que ser\u00eda la continuaci\u00f3n de la avenida San Mart\u00edn de Rosario, que se transforma en la avenida Ra\u00fal Alfonsin en Villa Gobernador G\u00e1lvez. El ingreso de la zona oeste ser\u00eda avenida Soldado Aguirre, que va desde Alfons\u00edn hasta calle Sarmiento, y calle Sarmiento hasta lo que ser\u00eda la uni\u00f3n con calle Mosconi. Es una obra muy grande. Una obra de m\u00e1s de 3.000 metros de avenida doble. Hoy no puedo saber el importe de esa obra, pero es grand\u00edsimo.<\/p>\n<p>\u2014\u00bfUna obra estrat\u00e9gica para la regi\u00f3n?<\/p>\n<p>\u2014Hoy la regi\u00f3n est\u00e1 sufriendo la problem\u00e1tica del agua potable. Tenemos un r\u00edo Paran\u00e1 que pasa por delante de muchas localidades. Y nosotros, no s\u00f3lo en Villa Gobernador G\u00e1lvez sino en muchas localidades, tenemos barrios o localidades completas sin agua potable. Estamos hablando muchas veces de acueductos que van a la provincia de C\u00f3rdoba, o al norte de la provincia, y nosotros, adelante del r\u00edo Paran\u00e1, hoy no tenemos agua potable.<\/p>\n<p>\u2014\u00bfUna obra que considere vital para la provincia?<\/p>\n<p>\u2014Es muy dif\u00edcil pensar una obra para la provincia, una obra grande, porque yo conozco m\u00e1s que nada esta regi\u00f3n, pero hay much\u00edsimas cosas por hacer. Yo creo que en la provincia de Santa Fe tendr\u00edamos que tener al menos m\u00e1s conectividad ferroviaria entre las localidades. Es una conectividad de menor costo que la que se da, tanto en cargas como en transporte de pasajeros. Incluso en la ciudad de Rosario y su relaci\u00f3n con la regi\u00f3n. Pero hablo de trenes modernos, no los viejos trenes que est\u00e1n haciendo los recorridos por la regi\u00f3n. Creo que tiene que haber una modernizaci\u00f3n en el transporte de pasajeros y en el transporte ferroviario especialmente.<\/p>\n<p>\u2014\u00bfConsidera que hay diferencias en el trato a municipios?<\/p>\n<p>\u2014Yo no puedo decir eso, porque tanto en el gobierno de Miguel Lifschitz, como en el de Omar Perotti, como el actual de Maximiliano Pullaro, realmente tengo respuestas r\u00e1pidas. No pido cosas que no son, pero siempre que necesit\u00e9 de los gobiernos provinciales estuvieron a la altura de las circunstancias.<\/p>\n<p>\u2014\u00bfSe puede mantener el concepto de \u201ccero obra p\u00fablica\u201d de la Naci\u00f3n?<\/p>\n<p>\u2014Es imposible mantener la idea de que la Naci\u00f3n no haga obras. Nosotros estamos peleando por la obra de la cascada del arroyo Saladillo. Una obra que empez\u00f3 y qued\u00f3 a menos de la mitad y hoy corremos el riesgo de perder los puentes que unen a VGG con la ciudad de Rosario, en lo que es Ayacucho y avenida San Mart\u00edn. Y perder los puentes de la Circunvalaci\u00f3n de Rosario. Es imposible que Naci\u00f3n se retire de la obra p\u00fablica. No se le puede dejar toda esa problem\u00e1tica ni a las provincias ni a las localidades.<\/p>\n<p>\u2014\u00bfQu\u00e9 le falta y qu\u00e9 le sobra a la gesti\u00f3n de Pullaro?<\/p>\n<p>\u2014A la gesti\u00f3n de Pullaro le sobran much\u00edsimas ganas. La verdad es que Maxi es un excelente gobernador, una excelente persona, con quien hemos trabajado juntos en el gobierno de Miguel Lifschitz, \u00e9l como ministro y yo empezando mi carrera pol\u00edtica como intendente. Despu\u00e9s de la desaparici\u00f3n de Miguel estuve hablando con \u00e9l y le dije que \u00e9l ten\u00eda que seguir ese camino. Gracias a Dios hoy lo tenemos como gobernador y tiene muchas ganas.<\/p>\n<p>A lo mejor le falta plata para poder llevar adelante cosas que tiene pensadas. Y tambi\u00e9n, en lo que hace a la parte seguridad, creo que le hace falta m\u00e1s apoyo del gobierno nacional, y de otros gobernadores, que tendr\u00eda que tomar la actitud como la que toma Maxi, de enfrentar lo que es el narcodelito, o los hechos de inseguridad, de la forma en que lo est\u00e1 haciendo. Si nosotros tuvi\u00e9ramos apoyo, tanto de Naci\u00f3n como de otros gobernadores, este pa\u00eds seguramente cambiar\u00eda en el aspecto de seguridad.<\/p>\n<p>\u2014\u00bfLe gustar\u00eda ser gobernador en un futuro?<\/p>\n<p>\u2014No est\u00e1 en mis planes. Creo que esa etapa es para gente joven, como Maxi. Si bien me siento con capacidad para llevar adelante una gobernaci\u00f3n, no est\u00e1 en mis planes. Estoy m\u00e1s para retirarme para el descanso que para hacerme cargo de una provincia.<\/p>\n<h6>Fuente: El Ciudadano<\/h6>\n","protected":false},"excerpt":{"rendered":"<p>El intendente de Villa Gobernador G\u00e1lvez analiz\u00f3 la principal necesidad de obra p\u00fablica en el Gran Rosario y tambi\u00e9n de su ciudad. \u00abToda la regi\u00f3n es un conglomerado de un mill\u00f3n y medio de habitantes que, si no se pensara en com\u00fan, estar\u00eda padeciendo much\u00edsimos problemas\u00bb<\/p>\n","protected":false},"author":2,"featured_media":147091,"comment_status":"closed","ping_status":"closed","sticky":false,"template":"","format":"standard","meta":{"footnotes":""},"categories":[2],"tags":[10],"class_list":["post-147090","post","type-post","status-publish","format-standard","has-post-thumbnail","hentry","category-informe-municipal","tag-santa-fe"],"_links":{"self":[{"href":"http:\/\/argentinamunicipal.com.ar\/argentina\/wp-json\/wp\/v2\/posts\/147090","targetHints":{"allow":["GET"]}}],"collection":[{"href":"http:\/\/argentinamunicipal.com.ar\/argentina\/wp-json\/wp\/v2\/posts"}],"about":[{"href":"http:\/\/argentinamunicipal.com.ar\/argentina\/wp-json\/wp\/v2\/types\/post"}],"author":[{"embeddable":true,"href":"http:\/\/argentinamunicipal.com.ar\/argentina\/wp-json\/wp\/v2\/users\/2"}],"replies":[{"embeddable":true,"href":"http:\/\/argentinamunicipal.com.ar\/argentina\/wp-json\/wp\/v2\/comments?post=147090"}],"version-history":[{"count":0,"href":"http:\/\/argentinamunicipal.com.ar\/argentina\/wp-json\/wp\/v2\/posts\/147090\/revisions"}],"wp:featuredmedia":[{"embeddable":true,"href":"http:\/\/argentinamunicipal.com.ar\/argentina\/wp-json\/wp\/v2\/media\/147091"}],"wp:attachment":[{"href":"http:\/\/argentinamunicipal.com.ar\/argentina\/wp-json\/wp\/v2\/media?parent=147090"}],"wp:term":[{"taxonomy":"category","embeddable":true,"href":"http:\/\/argentinamunicipal.com.ar\/argentina\/wp-json\/wp\/v2\/categories?post=147090"},{"taxonomy":"post_tag","embeddable":true,"href":"http:\/\/argentinamunicipal.com.ar\/argentina\/wp-json\/wp\/v2\/tags?post=147090"}],"curies":[{"name":"wp","href":"https:\/\/api.w.org\/{rel}","templated":true}]}}