{"id":147093,"date":"2024-05-31T05:45:33","date_gmt":"2024-05-31T08:45:33","guid":{"rendered":"http:\/\/argentinamunicipal.com.ar\/argentina\/?p=147093"},"modified":"2024-05-30T19:34:55","modified_gmt":"2024-05-30T22:34:55","slug":"de-la-prohibicion-al-dilema-que-tiempo-llevara-la-inclusion-laboral-de-los-ex-trapitos-en-santa-fe","status":"publish","type":"post","link":"http:\/\/argentinamunicipal.com.ar\/argentina\/de-la-prohibicion-al-dilema-que-tiempo-llevara-la-inclusion-laboral-de-los-ex-trapitos-en-santa-fe\/","title":{"rendered":"De la prohibici\u00f3n al dilema: qu\u00e9 tiempo llevar\u00e1 la inclusi\u00f3n laboral de los ex trapitos en Santa Fe"},"content":{"rendered":"<p>Desde el municipio deslizan que ya son \u201cunos 40\u201d los ex cuidacoches y lava autos incorporados en tareas formales. \u00bfTienen capacidad las cooperativas de trabajo?<\/p>\n<p>Tras la entrada en vigencia de la\u00a0prohibici\u00f3n\u00a0de la actividad de los\u00a0cuidacoches\u00a0en la ciudad de Santa Fe, con un operativo de control desplegado entre los agentes municipales y la polic\u00eda provincial, los interrogantes empiezan a resonar por estos d\u00edas, pasado ya un tiempo prudencial.\u00a0\u00bfY ahora, qu\u00e9?<\/p>\n<p>\u00bfC\u00f3mo incluir\u00e1 el\u00a0municipio capitalino\u00a0a los ex \u201ctrapitos\u201d? \u00bfAd\u00f3nde, en qu\u00e9 tareas, bajo qu\u00e9 condiciones, con qu\u00e9 retribuci\u00f3n econ\u00f3mica? \u00bfTienen capacidad operativa las cooperativas de trabajo para tomar gente? \u00bfCu\u00e1ntas personas est\u00e1n aptas f\u00edsicamente para realizar una labor de zanjeo, por ejemplo, que demanda un esfuerzo importante? \u00bfHay financiamiento en las arcas municipales para atender esta cuesti\u00f3n social?<\/p>\n<p>Desde el municipio prefieren ser cautos respecto de cu\u00e1ntos ex cuidacoches se incluyeron a un trabajo formal a la fecha. \u201cSer\u00e1n unas 40 personas, estimativamente. Pero es un n\u00famero variable, cambiante\u2026 M\u00e1s adelante se dar\u00e1n datos certeros\u201d, se limitan a deslizar desde el entorno del intendente Juan Pablo Poletti.<\/p>\n<p><strong>Lavadero y gomer\u00eda<\/strong><br \/>\nComo cont\u00f3 El Litoral, se est\u00e1 afinando la idea de\u00a0habilitar un lavadero de autos con prestaci\u00f3n de servicio al automotor (gomer\u00eda)\u00a0para que all\u00ed trabajen estas personas que ya no pueden ni cuidar ni lavar autos en la v\u00eda p\u00fablica.<br \/>\nPero para eso, hay que firmar un convenio de colaboraci\u00f3n. En principio, ser\u00eda con un sindicato que nuclea varias cooperativas de trabajo en la ciudad y la regi\u00f3n. Hasta 10 ex cuidacoches podr\u00edan trabajar all\u00ed.<\/p>\n<p>Esta especie de lavadero social de autos funcionar\u00eda en un corral\u00f3n ubicado en el barrio Barranquitas, en calle Brasil al 3900. En una primera instancia, all\u00ed podr\u00edan trabajar hasta 10 personas, de manera formal (con obra social, seguro de vida y aportes jubilatorios). Aqu\u00ed se incluye asistencia al automotor, como gomer\u00eda.<\/p>\n<p>\u201cDe momento, no hay nada firmado\u2026 Hay ideas, hay contactos, pero por ahora en nuestras cooperativas no se incorpor\u00f3 nadie, porque no hay convenio rubricado\u201d, dicen por lo bajo fuentes del cooperativismo local consultadas por este diario.<\/p>\n<p><strong>\u201cImposibilidad\u201d<\/strong><br \/>\n\u201cYo creo que hay una imposibilidad operativa de incluir en las cooperativas de trabajo a todos los ex cuidacoches que el municipio tiene censados, que seg\u00fan dicen, son unas 70 personas.\u00a0Hoy, no son m\u00e1s de 20 los ex trapitos incorporados a tareas laborales formales\u201d, asegura a El Litoral un referente cooperativista de la ciudad, que tiene a\u00f1os de trabajo en la econom\u00eda social circular, y que pide reserva de nombre.<\/p>\n<p>\u201cEl gran problema que hay es que el programa de Iniciativas Comunitarias, el \u00e1rea que contiene a las cooperativas, no est\u00e1 funcionando al ciento por ciento. Est\u00e1 trabada con los pagos, hay cooperativas a las que se les adeudan dos o tres meses. Los convenios son baj\u00edsimos. Y no hay presupuesto&#8230;\u201d, agrega la fuente consultada.<\/p>\n<p>La otra pregunta es c\u00f3mo el municipio implementar\u00eda la inclusi\u00f3n laboral de los ex cuidacoches. No es f\u00e1cil ensamblar equipos de trabajo con una din\u00e1mica que funcione. \u201cPero adem\u00e1s, hay entre 260 y 300 ex cuidacoches en la ciudad, sin censar, en un n\u00famero global. Quiz\u00e1s hubiese sido bueno incorporarlos en un programa con tareas espec\u00edficas de acuerdo a cada cada caso, a cada persona, a las edades, estado de salud, aptitudes. Quiz\u00e1s incluirlos en la parte h\u00eddrica, que se est\u00e1n necesitando zanjeos permanentemente\u201d, opina.<\/p>\n<p>Pero tambi\u00e9n, hay una particularidad biogr\u00e1fica de una persona que subsisti\u00f3 por a\u00f1os en la calle cuidando coches.<\/p>\n<p>No es f\u00e1cil de un d\u00eda para el otro instalarlo en una din\u00e1mica, una forma, una rutina laboral diaria.<\/p>\n<p>\u201cHay gente muy mayor, que f\u00edsicamente no podr\u00eda hacer un zanjeo o un barrido\u2026 Otros no tienen los h\u00e1bitos de horarios, o no socializan en grupo porque se acostumbraron a sobrevivir de forma solitaria en las calles. Hay muchos factores que deber\u00edan tenerse en cuenta para darle viabilidad a la inclusi\u00f3n laboral de los ex cuidacoches\u201d, concluye el referente interrogado.<\/p>\n<h6>Fuente: El Litoral<\/h6>\n","protected":false},"excerpt":{"rendered":"<p>Desde el municipio deslizan que ya son \u201cunos 40\u201d los ex cuidacoches y lava autos incorporados en tareas formales. \u00bfTienen capacidad las cooperativas de trabajo?<\/p>\n","protected":false},"author":2,"featured_media":147094,"comment_status":"closed","ping_status":"closed","sticky":false,"template":"","format":"standard","meta":{"footnotes":""},"categories":[2],"tags":[10],"class_list":["post-147093","post","type-post","status-publish","format-standard","has-post-thumbnail","hentry","category-informe-municipal","tag-santa-fe"],"_links":{"self":[{"href":"http:\/\/argentinamunicipal.com.ar\/argentina\/wp-json\/wp\/v2\/posts\/147093","targetHints":{"allow":["GET"]}}],"collection":[{"href":"http:\/\/argentinamunicipal.com.ar\/argentina\/wp-json\/wp\/v2\/posts"}],"about":[{"href":"http:\/\/argentinamunicipal.com.ar\/argentina\/wp-json\/wp\/v2\/types\/post"}],"author":[{"embeddable":true,"href":"http:\/\/argentinamunicipal.com.ar\/argentina\/wp-json\/wp\/v2\/users\/2"}],"replies":[{"embeddable":true,"href":"http:\/\/argentinamunicipal.com.ar\/argentina\/wp-json\/wp\/v2\/comments?post=147093"}],"version-history":[{"count":0,"href":"http:\/\/argentinamunicipal.com.ar\/argentina\/wp-json\/wp\/v2\/posts\/147093\/revisions"}],"wp:featuredmedia":[{"embeddable":true,"href":"http:\/\/argentinamunicipal.com.ar\/argentina\/wp-json\/wp\/v2\/media\/147094"}],"wp:attachment":[{"href":"http:\/\/argentinamunicipal.com.ar\/argentina\/wp-json\/wp\/v2\/media?parent=147093"}],"wp:term":[{"taxonomy":"category","embeddable":true,"href":"http:\/\/argentinamunicipal.com.ar\/argentina\/wp-json\/wp\/v2\/categories?post=147093"},{"taxonomy":"post_tag","embeddable":true,"href":"http:\/\/argentinamunicipal.com.ar\/argentina\/wp-json\/wp\/v2\/tags?post=147093"}],"curies":[{"name":"wp","href":"https:\/\/api.w.org\/{rel}","templated":true}]}}