{"id":147187,"date":"2024-05-31T05:49:22","date_gmt":"2024-05-31T08:49:22","guid":{"rendered":"http:\/\/argentinamunicipal.com.ar\/argentina\/?p=147187"},"modified":"2024-05-30T18:58:21","modified_gmt":"2024-05-30T21:58:21","slug":"las-quintas-de-frutillas-de-coronda-produciran-este-ano-entre-40-y-50-hectareas-menos","status":"publish","type":"post","link":"http:\/\/argentinamunicipal.com.ar\/argentina\/las-quintas-de-frutillas-de-coronda-produciran-este-ano-entre-40-y-50-hectareas-menos\/","title":{"rendered":"Las quintas de frutillas de Coronda producir\u00e1n este a\u00f1o entre 40 y 50 hect\u00e1reas menos"},"content":{"rendered":"<p>El mes que viene estar\u00e1 lista la primicia, que es la frutilla que primero sale al mercado. Sin embargo, por varias causas, este a\u00f1o nuevamente habr\u00e1 una reducci\u00f3n en la superficie trabajada, con la consecuente disminuci\u00f3n laboral.<\/p>\n<p>El intendente de la ciudad de Coronda, Ricardo Ram\u00edrez, se reuni\u00f3 con el Ministro de la Producci\u00f3n de la provincia,\u00a0Gustavo Puccini, para visitar Pymes y quintas y tambi\u00e9n para hablar sobre la realidad del sector frutihort\u00edcola, que espera para el mes que viene la denominada \u201cprimicia\u201d, que es la primera frutilla de la Argentina, y que por ende, tiene mejor salida al mercado y precios convenientes para el productor.<\/p>\n<p>Ante eso, el mandatario corondino dijo que \u201chemos recorrido algunas Pymes y quintas, el ministro nos anunci\u00f3 que llega Caminos de la ruralidad, por casi 100 millones de pesos, y sabiendo la realidad de Coronda, el gobernador de Santa Fe Maximiliano Pullaro prometi\u00f3 obras en los barrios y seguir ayudando a nuestra ciudad\u201d.<\/p>\n<p>Sin embargo, el dato m\u00e1s sobresaliente de la charla estuvo en la producci\u00f3n de la fruta que le da a Coronda la categor\u00eda de capital nacional: \u201cLos pusimos al tanto sobre la problem\u00e1tica del sector, Coronda va a producir entre 40 y 50 hect\u00e1reas menos de frutillas\u201d y agreg\u00f3 que \u201cesto viene de all\u00e1 de noviembre, con el granizo que cay\u00f3 en gran parte de los campos. La gente no pudo comprar los insumos, los insumos subieron dolarizados, entonces nos dar\u00edan apoyo con insumos para que se usen r\u00e1pidamente como paliativo\u201d.<\/p>\n<p><strong>Menos mano de obra<\/strong><br \/>\nEl primer mandatario agreg\u00f3 adem\u00e1s que \u201cel productor ya termin\u00f3 de plantar, y que tenga un alivio es importante. Pero hay que trabajar a largo plazo, la subsecretaria de Producci\u00f3n Bel\u00e9n Sierra ya est\u00e1 trazando lineamientos con el gobierno para la cosecha 2025 y se viene la primicia, tenemos que llegar y acompa\u00f1ar al productor. Es preocupante el tema de producci\u00f3n, tambi\u00e9n la pesca, la ganader\u00eda, los granos, el turismo, tenemos que fortalecer eso porque genera mano de obra que su resta en las quintas se va a sentir este a\u00f1o\u201d.<\/p>\n<p>Finalmente, sobre un pedido de informes desde la C\u00e1mara de Diputados acerca del uso de un fosforado con el cual un hombre se quit\u00f3 la vida y luego al ser atendido afect\u00f3 a 14 trabajadores de la salud en el hospital de Coronda, Ram\u00edrez, que tambi\u00e9n es productor de frutillas, expres\u00f3: \u201cTenemos que tener cuidado, lo dije en su momento, se lo dije al ministro, este chico atent\u00f3 contra su vida, tom\u00f3 un vaso de un elemento que es bandera amarilla, est\u00e1 autorizado para su uso correcto, hab\u00eda fumigado una semana antes, el pedido que hacen es por desconocimiento.<br \/>\nEs un producto autorizado, se usan 50 cent\u00edmetros en 200 litros de agua para fumigar y este muchacho se llev\u00f3 un poco a la casa, tal vez todo deber\u00eda haber estado bajo llave, trajo inconvenientes pero leves al personal, al hacer llorarles la vista, caus\u00f3 picaz\u00f3n, pero este muchacho ingiri\u00f3 m\u00e1s de 250 cm3 de este l\u00edquido \u00e9l solo y por eso pas\u00f3 todo lo que pas\u00f3\u201d finaliz\u00f3 el intendente corondino.<\/p>\n<h6>Fuente: El Litoral<\/h6>\n","protected":false},"excerpt":{"rendered":"<p>El mes que viene estar\u00e1 lista la primicia, que es la frutilla que primero sale al mercado. Sin embargo, por varias causas, este a\u00f1o nuevamente habr\u00e1 una reducci\u00f3n en la superficie trabajada, con la consecuente disminuci\u00f3n laboral.<\/p>\n","protected":false},"author":2,"featured_media":147189,"comment_status":"closed","ping_status":"closed","sticky":false,"template":"","format":"standard","meta":{"footnotes":""},"categories":[2],"tags":[10],"class_list":["post-147187","post","type-post","status-publish","format-standard","has-post-thumbnail","hentry","category-informe-municipal","tag-santa-fe"],"_links":{"self":[{"href":"http:\/\/argentinamunicipal.com.ar\/argentina\/wp-json\/wp\/v2\/posts\/147187","targetHints":{"allow":["GET"]}}],"collection":[{"href":"http:\/\/argentinamunicipal.com.ar\/argentina\/wp-json\/wp\/v2\/posts"}],"about":[{"href":"http:\/\/argentinamunicipal.com.ar\/argentina\/wp-json\/wp\/v2\/types\/post"}],"author":[{"embeddable":true,"href":"http:\/\/argentinamunicipal.com.ar\/argentina\/wp-json\/wp\/v2\/users\/2"}],"replies":[{"embeddable":true,"href":"http:\/\/argentinamunicipal.com.ar\/argentina\/wp-json\/wp\/v2\/comments?post=147187"}],"version-history":[{"count":0,"href":"http:\/\/argentinamunicipal.com.ar\/argentina\/wp-json\/wp\/v2\/posts\/147187\/revisions"}],"wp:featuredmedia":[{"embeddable":true,"href":"http:\/\/argentinamunicipal.com.ar\/argentina\/wp-json\/wp\/v2\/media\/147189"}],"wp:attachment":[{"href":"http:\/\/argentinamunicipal.com.ar\/argentina\/wp-json\/wp\/v2\/media?parent=147187"}],"wp:term":[{"taxonomy":"category","embeddable":true,"href":"http:\/\/argentinamunicipal.com.ar\/argentina\/wp-json\/wp\/v2\/categories?post=147187"},{"taxonomy":"post_tag","embeddable":true,"href":"http:\/\/argentinamunicipal.com.ar\/argentina\/wp-json\/wp\/v2\/tags?post=147187"}],"curies":[{"name":"wp","href":"https:\/\/api.w.org\/{rel}","templated":true}]}}