{"id":147365,"date":"2024-06-05T05:42:20","date_gmt":"2024-06-05T08:42:20","guid":{"rendered":"http:\/\/argentinamunicipal.com.ar\/argentina\/?p=147365"},"modified":"2024-06-04T19:45:36","modified_gmt":"2024-06-04T22:45:36","slug":"en-la-ciudad-de-mendoza-se-duplico-la-apertura-de-locales-comerciales-respecto-a-las-bajas","status":"publish","type":"post","link":"http:\/\/argentinamunicipal.com.ar\/argentina\/en-la-ciudad-de-mendoza-se-duplico-la-apertura-de-locales-comerciales-respecto-a-las-bajas\/","title":{"rendered":"En la Ciudad de Mendoza se duplic\u00f3 la apertura de locales comerciales respecto a las bajas"},"content":{"rendered":"<p>As\u00ed se desprende de un estudio de desarrollo econ\u00f3mico de la Ciudad de Mendoza. Hay un boom de almacenes de cercan\u00eda, caf\u00e9s y restaurantes<\/p>\n<p>Un estudio econ\u00f3mico de la\u00a0Ciudad de Mendoza\u00a0arroj\u00f3 que\u00a0se duplic\u00f3 la apertura de locales comerciales, desde el 1 de enero al 30 de abril del 2024,\u00a0con respecto a las bajas, algo que se destac\u00f3 desde la Municipalidad de Capital por la iniciativa privada y las pol\u00edticas de sostenimiento del intendente Ulpiano Suarez.<br \/>\nSiguiendo el informe desde el\u00a01\u00a0enero al 30 de abril se habilitaron 274 nuevos comercios\u00a0y cerraron 143 en el mismo per\u00edodo.<\/p>\n<p>Los n\u00fameros del 2023 arrojan que para esta altura, el panorama era similar con altas que se manten\u00edan en un saldo positivo con respecto a las bajas.<\/p>\n<p>La tendencia en las aperturas son los\u00a0almacenes de cercan\u00eda,\u00a0tanto de las grandes cadenas de supermercados, como de emprendedores de Mendoza.\u00a0Tambi\u00e9n caf\u00e9s y restaurantes.<\/p>\n<p>En 2023 hubo 806 nuevos comercios que se instalaron en la Capital de Mendoza y bajaron sus persianas 336.<\/p>\n<p>El intendente\u00a0Suarez\u00a0afirm\u00f3 en di\u00e1logo con UNO que \u00ablas altas duplican a las bajas, la curva es similar al a\u00f1o pasado y nuestra intenci\u00f3n es que\u00a0terminemos el a\u00f1o de esta misma manera\u00bb.<\/p>\n<p>El jefe comunal admiti\u00f3 que se siente el impacto de la crisis econ\u00f3mica y as\u00ed como hay nuevos emprendimientos y capitales que invierten en Mendoza, tambi\u00e9n se da la contrapartida de los cierres, incluso de los despidos.<\/p>\n<p>\u00abTodas nuestras pol\u00edticas est\u00e1n enfocadas en acompa\u00f1ar el comercio con un tablero, donde monitoreamos la\u00a0zona donde crece la actividad comercial y lo que apuntamos es a mejorar el clima de negocios\u00a0con incentivos, con\u00a0beneficios impositivos\u00a0que s\u00ed lo podemos hacer desde el gobierno municipal, mientras tanto estamos con muchas expectativas de que mejoren los indicadores a nivel nacional\u201d, se explay\u00f3 Suarez.<\/p>\n<p>En tal sentido afirm\u00f3 que se trabaja en los puntos calientes del microcentro como son las calles C\u00f3rdoba, Patricias Mendocinas, Godoy Cruz, Col\u00f3n y Belgrano.<\/p>\n<p><strong>Ciudad activa, un programa de fomento a los comercios<\/strong><br \/>\nEntre los programas que destac\u00f3 el intendente hizo especial hincapi\u00e9 en Ciudad Activa, que es un programa de la Ciudad de Mendoza que busca fomentar la inversi\u00f3n privada, la creaci\u00f3n de empleo y el desarrollo urbano sostenible. El programa se basa en tres ejes principales:<\/p>\n<p>Promoci\u00f3n de la inversi\u00f3n privada:\u00a0se ofrecen exenciones de la tasa de comercio para nuevos locales comerciales, seg\u00fan la zona. Por ejemplo, en la Zona Oeste, los nuevos locales comerciales est\u00e1n exentos del 100% de la tasa durante el primer a\u00f1o y del 50% durante el segundo.<\/p>\n<p>Fomento de la creaci\u00f3n de empleo genuino.<\/p>\n<p>Fortalecimiento del desarrollo urbano sostenible.<\/p>\n<p>Suarez recalc\u00f3 que se trabaja en ofrecer alternativas para mejorar la sostenibilidad de los comercios, pensando en su realidad y c\u00f3mo pueden adaptarse a la vida que tiene la urbe.<\/p>\n<p>\u00abLo que nosotros estamos planteando es el horario corrido por los beneficios que tiene en materia de ahorro energ\u00e9tico, por la econom\u00eda para el empleado de comercio que tiene que viajar varias veces en el d\u00eda y por supuesto para el turista que quiere aprovechar el d\u00eda\u201d, manifest\u00f3.<\/p>\n<p>Se est\u00e1 promoviendo esta idea y hay un consenso en el 70% de los locales, sobre todo la zona comercial m\u00e1s transitada.<\/p>\n<p>\u00abComo intendente voy a bregar para que haya acuerdo y lo podamos implementar es una de las acciones que estamos llevando para sostener y acompa\u00f1ar el comercio que aporta el 19% al total del Producto Bruto Interno de la provincia\u201d, recalc\u00f3.<\/p>\n<p>La idea fue bien recibida tambi\u00e9n desde el Centro de Empleados de Comercio (CEC) y pidieron que se respetaran los horarios de almuerzo.<\/p>\n<p><strong>Impulso a la actividad en las galer\u00edas<\/strong><br \/>\nTambi\u00e9n como otra de las acciones para potenciar las ventas y el sostenimiento de la actividad comercial, el radical mencion\u00f3 el impulso a las galer\u00edas.<\/p>\n<p>\u00abEl\u00a0diferencial que tiene el centro comercial a cielo abierto de la Ciudad, es que mientras se pueden recorrer los locales, mirar vidrieras se pueden disfrutar de las calles, de las plazas y de los servicios. Es algo totalmente distinto a lo que ofrece un shopping que es igual en cualquier parte del mundo\u201d, opin\u00f3 Suarez.<\/p>\n<p>Estas acciones se agregan a la iniciativa de\u00a0degustaciones, espect\u00e1culos art\u00edsticos, intervenciones, sorteos y descuentos. Estas fueron las atracciones que tuvo Vino a la Piazza, para fomentar el desarrollo comercial en las galer\u00edas.<\/p>\n<p>\u00abDesde el municipio seguimos comprometidos con el desarrollo comercial.\u00a0Estamos impulsando la actividad en las galer\u00edas\u00a0de la Ciudad, con espect\u00e1culos art\u00edsticos y atractivas promociones. Adem\u00e1s presentamos &#8216;El d\u00eda de las galer\u00edas&#8217;, un programa que permitir\u00e1 todos los martes disfrutar de descuentos desde el 15% en la Galer\u00eda Piazza. Invitamos a las dem\u00e1s galer\u00edas a sumarse a esta iniciativa\u201d, cerr\u00f3 el intendente.<\/p>\n<p><strong>La crisis cal\u00f3 hondo en las ventas y en la p\u00e9rdida de empleos<\/strong><br \/>\nEsta semana el titular del CEC,\u00a0Fernando Ligorria, asegur\u00f3 que al menos\u00a070 personas perdieron sus fuentes laborales en el sector del comercio. Ligorria alert\u00f3 al comparar estos n\u00fameros con el 2023 y afirm\u00f3 que la crisis se evidencia en un 20% por encima del per\u00edodo anterior.<\/p>\n<p>Por su parte, C\u00e1mara Empresaria de Comercio, Industria, Turismo y Servicios, Adri\u00e1n Al\u00edn, analiz\u00f3 que la situaci\u00f3n econ\u00f3mica es mala y esto se refleja en la ca\u00edda de las ventas.<\/p>\n<p>Al\u00edn recalc\u00f3 que hay que sumar los costos de los servicios y los alquileres, por lo que\u00a0la problem\u00e1tica del sector es diversa.<\/p>\n<h6>Fuente: Uno<\/h6>\n","protected":false},"excerpt":{"rendered":"<p>As\u00ed se desprende de un estudio de desarrollo econ\u00f3mico de la Ciudad de Mendoza. Hay un boom de almacenes de cercan\u00eda, caf\u00e9s y restaurantes<\/p>\n","protected":false},"author":2,"featured_media":147367,"comment_status":"closed","ping_status":"closed","sticky":false,"template":"","format":"standard","meta":{"footnotes":""},"categories":[5],"tags":[31],"class_list":["post-147365","post","type-post","status-publish","format-standard","has-post-thumbnail","hentry","category-informe-economico","tag-mendoza"],"_links":{"self":[{"href":"http:\/\/argentinamunicipal.com.ar\/argentina\/wp-json\/wp\/v2\/posts\/147365","targetHints":{"allow":["GET"]}}],"collection":[{"href":"http:\/\/argentinamunicipal.com.ar\/argentina\/wp-json\/wp\/v2\/posts"}],"about":[{"href":"http:\/\/argentinamunicipal.com.ar\/argentina\/wp-json\/wp\/v2\/types\/post"}],"author":[{"embeddable":true,"href":"http:\/\/argentinamunicipal.com.ar\/argentina\/wp-json\/wp\/v2\/users\/2"}],"replies":[{"embeddable":true,"href":"http:\/\/argentinamunicipal.com.ar\/argentina\/wp-json\/wp\/v2\/comments?post=147365"}],"version-history":[{"count":0,"href":"http:\/\/argentinamunicipal.com.ar\/argentina\/wp-json\/wp\/v2\/posts\/147365\/revisions"}],"wp:featuredmedia":[{"embeddable":true,"href":"http:\/\/argentinamunicipal.com.ar\/argentina\/wp-json\/wp\/v2\/media\/147367"}],"wp:attachment":[{"href":"http:\/\/argentinamunicipal.com.ar\/argentina\/wp-json\/wp\/v2\/media?parent=147365"}],"wp:term":[{"taxonomy":"category","embeddable":true,"href":"http:\/\/argentinamunicipal.com.ar\/argentina\/wp-json\/wp\/v2\/categories?post=147365"},{"taxonomy":"post_tag","embeddable":true,"href":"http:\/\/argentinamunicipal.com.ar\/argentina\/wp-json\/wp\/v2\/tags?post=147365"}],"curies":[{"name":"wp","href":"https:\/\/api.w.org\/{rel}","templated":true}]}}