{"id":14747,"date":"2014-09-06T09:18:40","date_gmt":"2014-09-06T12:18:40","guid":{"rendered":"http:\/\/argentinamunicipal.com.ar\/argentina\/?p=14747"},"modified":"2014-09-06T09:18:40","modified_gmt":"2014-09-06T12:18:40","slug":"destacan-a-entre-rios-como-una-de-las-plazas-turisticas-mas-importantes-del-pais","status":"publish","type":"post","link":"http:\/\/argentinamunicipal.com.ar\/argentina\/destacan-a-entre-rios-como-una-de-las-plazas-turisticas-mas-importantes-del-pais\/","title":{"rendered":"Destacan a Entre R\u00edos como una de las plazas tur\u00edsticas mas importantes del pa\u00eds"},"content":{"rendered":"<p><a href=\"http:\/\/argentinamunicipal.com.ar\/argentina\/wp-content\/uploads\/2014\/09\/Entre-R\u00edos-turismo.jpg\"><img loading=\"lazy\" decoding=\"async\" class=\"aligncenter size-full wp-image-14748\" src=\"http:\/\/argentinamunicipal.com.ar\/argentina\/wp-content\/uploads\/2014\/09\/Entre-R\u00edos-turismo.jpg\" alt=\"Entre-R\u00edos-turismo\" width=\"640\" height=\"249\" srcset=\"http:\/\/argentinamunicipal.com.ar\/argentina\/wp-content\/uploads\/2014\/09\/Entre-R\u00edos-turismo.jpg 640w, http:\/\/argentinamunicipal.com.ar\/argentina\/wp-content\/uploads\/2014\/09\/Entre-R\u00edos-turismo-300x116.jpg 300w\" sizes=\"auto, (max-width: 640px) 100vw, 640px\" \/><\/a><\/p>\n<p>\u00abApostamos y cre\u00edmos siempre en la potencialidad tur\u00edstica de Entre R\u00edos, en sus bellezas naturales \u00fanicas\u201d, dijo el gobernador Sergio Urribarri, desde Gualeguaych\u00fa, donde se re\u00fanen los diputados nacionales que integran la Comisi\u00f3n de Turismo \u2022 Participa tambi\u00e9n el ministro de Turismo de la Naci\u00f3n, Enrique Meyer<\/p>\n<p>Los legisladores que integran la Comisi\u00f3n de Turismo de la C\u00e1mara de Diputados de la Naci\u00f3n, encabezada por Omar Ducl\u00f3s (GEN &#8211; provincia de Buenos Aires) llevan adelante desde este jueves una visita a Entre R\u00edos donde participan de diferentes actividades de labor parlamentaria y conocer\u00e1n el desarrollo tur\u00edstico de la provincia. La diputada Juliana Di Tullio, presidenta del bloque del FpV, tambi\u00e9n forma parte de la comitiva.<\/p>\n<p>En ese marco, el gobernador Sergio Urribarri explic\u00f3: \u201cEste tipo de reuniones son importantes porque al igual que otras provincias, apoyados por el gobierno nacional, hemos tenido la oportunidad de crecer de una manera in\u00e9dita en servicios tur\u00edsticos. En Entre R\u00edos nos ha permitido generar miles y miles de puestos de trabajo y la generaci\u00f3n de peque\u00f1os y medianos emprendimientos; estamos en uno de los lugares que fueron premiados a nivel nacional en materia tur\u00edstica\u201d.<\/p>\n<p>El mandatario subray\u00f3 \u201cque esta comisi\u00f3n o cualquier otro organismo nacional que sesione aqu\u00ed es importante porque tiene una representaci\u00f3n federal, y se pueden generar espacios, para que no solo en Entre R\u00edos sino en el pa\u00eds, puedan seguir transform\u00e1ndose como una pol\u00edtica de Estado\u201d.<\/p>\n<p>\u00abHace casi siete a\u00f1os y de la mano de todos, absolutamente de todos, peronistas, radicales e independientes, y de todo el sector privado productivo, industrial y agropecuario; hicimos que Entre R\u00edos encuentre su proyecto provincia y por eso digo tan orgullosamente que es la que m\u00e1s creci\u00f3\u00bb, expres\u00f3 el gobernador.<\/p>\n<p>Adem\u00e1s dijo: \u201cHoy podemos mostrar al pa\u00eds indicadores que nos ponen por encima de todos los promedios de crecimiento en infraestructura e industria, en el aspecto sanitario y educativo, una provincia que creci\u00f3 un 54 por ciento su matr\u00edcula estudiantil, donde creci\u00f3 un 48 por ciento la clase media en seis a\u00f1os, y las exportaciones crecieron un 377 por ciento\u201d.<\/p>\n<h3>\u2022 Tendencias tur\u00edsticas<\/h3>\n<p>Por su parte, el ministro de Turismo de la Naci\u00f3n Enrique Meyer, expres\u00f3 que la proyecci\u00f3n de Entre R\u00edos como plaza tur\u00edstica \u201cha tenido un desarrollo espectacular en los \u00faltimos a\u00f1os en materia tur\u00edstica, en un momento donde en el mundo las necesidades del ser humano debido al estr\u00e9s posiciona a Entre R\u00edos como un lugar de descanso, con las aguas termales y dem\u00e1s servicios de turismo de bienestar que hoy son ejes\u201d, y agreg\u00f3: \u201cEntre R\u00edos est\u00e1 a tono con las \u00faltimas tendencias tur\u00edsticas sumado a ello la mayor conectividad por las autov\u00edas que tiene, le permite ser una de las plazas tur\u00edsticas m\u00e1s importantes de Argentina\u201d.<\/p>\n<p>En ese contexto tambi\u00e9n se refiri\u00f3 sobre lo que esto genera como una plaza propicia para inversiones empresariales \u201cporque todos los factores coadyuvan a eso, el inversor necesita tener la certeza de que va a tener autopista y servicios, y de hecho Entre R\u00edos tiene a tres o cuatro horas pr\u00e1cticamente el cincuenta por ciento de la poblaci\u00f3n de nuestro pa\u00eds\u201d.<\/p>\n<h3>\u2022 Jornadas de intercambio<\/h3>\n<p>Cabe destacar que esta visita se constituye como la primera que la Comisi\u00f3n de Turismo de la HCDN efect\u00faa a la provincia de Entre R\u00edos.<\/p>\n<p>En esa ciudad, los diputados nacionales participaron de una intensa agenda de actividades. Junto al gobernador entrerriano, Sergio Urribarri, y el ministro de Turismo de la Naci\u00f3n, Enrique Meyer, estuvieron el titular de la cartera de Turismo de Entre R\u00edos, Hugo Mars\u00f3, y los intendentes municipales Juan Jos\u00e9 Bahillo, de Gualeguaych\u00fa, y Rub\u00e9n Garcilazo, de Victoria. Acompa\u00f1aron el senador Pedro Guastavino, y los diputados Ana Carolina Gaillard, Liliana R\u00edos, Julio Solanas, Lautaro Gervasoni y Jorge Barreto.<\/p>\n<p>Con el objetivo de que ambas costas entrerrianas est\u00e9n representadas en el marco de la visita, la delegaci\u00f3n finalizar\u00e1 su recorrido en la ciudad de Victoria, espec\u00edficamente en las Termas \u201cVictoria del Agua\u201d donde, como cierre, los diputados se reunir\u00e1n con la Comisi\u00f3n Directiva de la Federaci\u00f3n Argentina de Colegios y Asociados de Profesionales en Turismo (Facatur), para profundizar sobre el desarrollo termal de la Provincia.<\/p>\n<h6>Fuente: APF Digital<\/h6>\n","protected":false},"excerpt":{"rendered":"<p>\u00abApostamos y cre\u00edmos siempre en la potencialidad tur\u00edstica de Entre R\u00edos, en sus bellezas naturales \u00fanicas\u201d, dijo el gobernador Sergio Urribarri, desde Gualeguaych\u00fa, donde se re\u00fanen los diputados nacionales que integran la Comisi\u00f3n de Turismo \u2022 Participa tambi\u00e9n el ministro de Turismo de la Naci\u00f3n, Enrique Meyer Los legisladores que integran la Comisi\u00f3n de Turismo<\/p>\n","protected":false},"author":2,"featured_media":14748,"comment_status":"closed","ping_status":"closed","sticky":false,"template":"","format":"standard","meta":{"footnotes":""},"categories":[2],"tags":[17],"class_list":["post-14747","post","type-post","status-publish","format-standard","has-post-thumbnail","hentry","category-informe-municipal","tag-entre-rios"],"_links":{"self":[{"href":"http:\/\/argentinamunicipal.com.ar\/argentina\/wp-json\/wp\/v2\/posts\/14747","targetHints":{"allow":["GET"]}}],"collection":[{"href":"http:\/\/argentinamunicipal.com.ar\/argentina\/wp-json\/wp\/v2\/posts"}],"about":[{"href":"http:\/\/argentinamunicipal.com.ar\/argentina\/wp-json\/wp\/v2\/types\/post"}],"author":[{"embeddable":true,"href":"http:\/\/argentinamunicipal.com.ar\/argentina\/wp-json\/wp\/v2\/users\/2"}],"replies":[{"embeddable":true,"href":"http:\/\/argentinamunicipal.com.ar\/argentina\/wp-json\/wp\/v2\/comments?post=14747"}],"version-history":[{"count":0,"href":"http:\/\/argentinamunicipal.com.ar\/argentina\/wp-json\/wp\/v2\/posts\/14747\/revisions"}],"wp:featuredmedia":[{"embeddable":true,"href":"http:\/\/argentinamunicipal.com.ar\/argentina\/wp-json\/wp\/v2\/media\/14748"}],"wp:attachment":[{"href":"http:\/\/argentinamunicipal.com.ar\/argentina\/wp-json\/wp\/v2\/media?parent=14747"}],"wp:term":[{"taxonomy":"category","embeddable":true,"href":"http:\/\/argentinamunicipal.com.ar\/argentina\/wp-json\/wp\/v2\/categories?post=14747"},{"taxonomy":"post_tag","embeddable":true,"href":"http:\/\/argentinamunicipal.com.ar\/argentina\/wp-json\/wp\/v2\/tags?post=14747"}],"curies":[{"name":"wp","href":"https:\/\/api.w.org\/{rel}","templated":true}]}}