{"id":147472,"date":"2024-06-07T05:05:53","date_gmt":"2024-06-07T08:05:53","guid":{"rendered":"http:\/\/argentinamunicipal.com.ar\/argentina\/?p=147472"},"modified":"2024-06-06T19:08:15","modified_gmt":"2024-06-06T22:08:15","slug":"casi-3-500-personas-colapsaron-un-comedor-de-las-heras-tenemos-miedo-por-el-hambre-de-la-gente","status":"publish","type":"post","link":"http:\/\/argentinamunicipal.com.ar\/argentina\/casi-3-500-personas-colapsaron-un-comedor-de-las-heras-tenemos-miedo-por-el-hambre-de-la-gente\/","title":{"rendered":"Casi 3.500 personas colapsaron un comedor de Las Heras: \u00abTenemos miedo por el hambre de la gente\u00bb"},"content":{"rendered":"<p>Fue una \u00abnoche diferente a todas\u00bb en Los Horneritos. Se cocin\u00f3 casi una tonelada de comida y no alcanz\u00f3 para todos. Hubo m\u00e1s de cuatro cuadras de fila<\/p>\n<p>La situaci\u00f3n es alarmante, dice Gabriela Carmona, fundadora del comedor Los Horneritos que en la noche del martes dio de comer a casi de 3.500 personas. La fila super\u00f3 las cuatro cuadras, sin contar a los jubilados, ni\u00f1os y embarazadas que tienen prioridad.<\/p>\n<p>Se cocinaron 900 kilos de comida. Casi una tonelada. Y no alcanz\u00f3.<\/p>\n<p>Dos familias que esperaron su turno m\u00e1s las 15 familias de los colaboradores del comedor no llegaron a recibir su plato de fideos con tuco y carne.<\/p>\n<p>\u00abFue una noche diferente a todas. Hubo m\u00e1s gente que nunca\u00bb, dice Gabriela, que tuvo que pedir presencia policial al ver que la gente no paraba de llegar.<\/p>\n<p>\u00abTenemos miedo\u00bb, relata. \u00abMiedo del hambre de la gente. De que se peleen entre ellos por la desesperaci\u00f3n por ver que no va a alcanzar para darles un plato\u00bb, agrega sobre lo que vivi\u00f3 anoche y teme que se acreciente en los pr\u00f3ximos d\u00edas.<\/p>\n<p>El comedor no da abasto. Nada parece ser suficiente. De enero a mayo creci\u00f3 la demanda un 200% y apenas en estos poquitos d\u00edas de junio ya se super\u00f3 ampliamente el promedio de cada martes y jueves, que era de unas 3.000 personas.<\/p>\n<p>\u00bfQu\u00e9 va a pasar ma\u00f1ana? \u00bfY qu\u00e9 va a pasar a mediados de junio y en julio cuando el trabajo merma en muchos sectores?, se pregunta Carmona que no quiere hablar del cierre del comedor pero que sabe que la situaci\u00f3n as\u00ed \u00abes insostenible\u00bb.<\/p>\n<p><strong>Llegaron desde otros departamentos para comer en El Borboll\u00f3n<\/strong><br \/>\nEl micro va y viene desde El Borboll\u00f3n hasta el barrio La Gloria con personas que llegan hasta el comedor Los Horneritos con toda su familia. Este martes tambi\u00e9n lleg\u00f3 gente de Lavalle y de Guaymall\u00e9n.<\/p>\n<p>En colectivo, solo, desde ese departamento arrib\u00f3 un jubilado para comer cerca de las 21 y volverse a su casa. Como \u00e9sa, otras cientos de historias. Tambi\u00e9n la de otro grupo de familias que se pag\u00f3 un flete en camioneta para poder llegar al comedor.<\/p>\n<p>\u00abLa situaci\u00f3n es alarmante\u00bb, insiste Gaby, como la conocen en Los Horneritos.<\/p>\n<p>\u00abHab\u00eda muchos ni\u00f1os y muchos abuelos\u00bb, se sorprendi\u00f3\u00a0cuando uno cree que ya ha perdido la capacidad de sorprenderse.<\/p>\n<p>Fueron dos horas de servicio, como nunca antes. Y hubo familias que llegaron al tabl\u00f3n cuando las ollas ya estaban vac\u00edas. \u00abLes dimos mercader\u00eda para que se pudieran preparar algo en su casa\u00bb, cuenta Gabriela en el d\u00eda despu\u00e9s.<\/p>\n<p>Detr\u00e1s de cada plato hay una historia, un trabajador al que no le alcanza, un jubilado, una mam\u00e1 soltera, una vecina que le golpea la puerta y le pregunta con timidez y algo de verg\u00fcenza si puede acercarse al comedor.<\/p>\n<p>El miedo que los invade es el miedo al hambre de la gente.<\/p>\n<p><strong>La ayuda estatal<\/strong><br \/>\n\u00abSe golpean puertas en todos lados\u00bb para poder comprar o conseguir mercader\u00eda para cocinar.\u00a0Por primera vez, la semana pasada fue hasta la Casa de Gobierno.\u00a0Le dieron para tres d\u00edas de comida.\u00a0O al menos ese era el plan seg\u00fan el promedio de los 6.000 platos diarios.<\/p>\n<p>Esa mercader\u00eda se us\u00f3 para el jueves pasado, para este martes y deb\u00eda alcanzar para ma\u00f1ana pero tras el colapso, solo queda para media comida.<\/p>\n<p>Se viene una lentejeada. \u00abLentejas tenemos as\u00ed que hoy estamos en busca de zapallos y huesitos de cerdo\u00bb, dice pensando en el jueves.<\/p>\n<p>Desde la Naci\u00f3n no ha llegado nada. Desde la Municipalidad de Las Heras, tampoco. \u00abNo nos han llamado ni para preguntar\u00bb, lamenta.<\/p>\n<p>No pide nada m\u00e1s que insumos y espera que la situaci\u00f3n se visibilice para que la ayuda, desde donde sea, llegue.<\/p>\n<h6>Fuente: Uno<\/h6>\n","protected":false},"excerpt":{"rendered":"<p>Fue una \u00abnoche diferente a todas\u00bb en Los Horneritos. Se cocin\u00f3 casi una tonelada de comida y no alcanz\u00f3 para todos. Hubo m\u00e1s de cuatro cuadras de fila<\/p>\n","protected":false},"author":2,"featured_media":147473,"comment_status":"closed","ping_status":"closed","sticky":false,"template":"","format":"standard","meta":{"footnotes":""},"categories":[2],"tags":[31],"class_list":["post-147472","post","type-post","status-publish","format-standard","has-post-thumbnail","hentry","category-informe-municipal","tag-mendoza"],"_links":{"self":[{"href":"http:\/\/argentinamunicipal.com.ar\/argentina\/wp-json\/wp\/v2\/posts\/147472","targetHints":{"allow":["GET"]}}],"collection":[{"href":"http:\/\/argentinamunicipal.com.ar\/argentina\/wp-json\/wp\/v2\/posts"}],"about":[{"href":"http:\/\/argentinamunicipal.com.ar\/argentina\/wp-json\/wp\/v2\/types\/post"}],"author":[{"embeddable":true,"href":"http:\/\/argentinamunicipal.com.ar\/argentina\/wp-json\/wp\/v2\/users\/2"}],"replies":[{"embeddable":true,"href":"http:\/\/argentinamunicipal.com.ar\/argentina\/wp-json\/wp\/v2\/comments?post=147472"}],"version-history":[{"count":0,"href":"http:\/\/argentinamunicipal.com.ar\/argentina\/wp-json\/wp\/v2\/posts\/147472\/revisions"}],"wp:featuredmedia":[{"embeddable":true,"href":"http:\/\/argentinamunicipal.com.ar\/argentina\/wp-json\/wp\/v2\/media\/147473"}],"wp:attachment":[{"href":"http:\/\/argentinamunicipal.com.ar\/argentina\/wp-json\/wp\/v2\/media?parent=147472"}],"wp:term":[{"taxonomy":"category","embeddable":true,"href":"http:\/\/argentinamunicipal.com.ar\/argentina\/wp-json\/wp\/v2\/categories?post=147472"},{"taxonomy":"post_tag","embeddable":true,"href":"http:\/\/argentinamunicipal.com.ar\/argentina\/wp-json\/wp\/v2\/tags?post=147472"}],"curies":[{"name":"wp","href":"https:\/\/api.w.org\/{rel}","templated":true}]}}