{"id":14750,"date":"2014-09-07T07:19:01","date_gmt":"2014-09-07T10:19:01","guid":{"rendered":"http:\/\/argentinamunicipal.com.ar\/argentina\/?p=14750"},"modified":"2014-09-06T09:22:44","modified_gmt":"2014-09-06T12:22:44","slug":"intendentes-de-entre-rios-debatieron-sobre-centros-comerciales-a-cielo-abierto","status":"publish","type":"post","link":"http:\/\/argentinamunicipal.com.ar\/argentina\/intendentes-de-entre-rios-debatieron-sobre-centros-comerciales-a-cielo-abierto\/","title":{"rendered":"Intendentes de Entre R\u00edos debatieron sobre centros comerciales a cielo abierto"},"content":{"rendered":"<p><a href=\"http:\/\/argentinamunicipal.com.ar\/argentina\/wp-content\/uploads\/2014\/09\/peatonal-san-martin.jpg\"><img loading=\"lazy\" decoding=\"async\" class=\"aligncenter  wp-image-14751\" src=\"http:\/\/argentinamunicipal.com.ar\/argentina\/wp-content\/uploads\/2014\/09\/peatonal-san-martin.jpg\" alt=\"peatonal san martin\" width=\"715\" height=\"315\" srcset=\"http:\/\/argentinamunicipal.com.ar\/argentina\/wp-content\/uploads\/2014\/09\/peatonal-san-martin.jpg 908w, http:\/\/argentinamunicipal.com.ar\/argentina\/wp-content\/uploads\/2014\/09\/peatonal-san-martin-300x132.jpg 300w\" sizes=\"auto, (max-width: 715px) 100vw, 715px\" \/><\/a><\/p>\n<p>Las ciudades de Concordia, Col\u00f3n, Chajar\u00ed, Concepci\u00f3n de Uruguay y Victoria fueron escenario para la realizaci\u00f3n de conferencias relacionadas a Centros Comerciales a Cielo Abierto durante los \u00faltimos d\u00edas \u2022 De los encuentros participaron profesionales de la Confederaci\u00f3n Argentina de la Mediana Empresa (CAME), funcionarios provinciales y municipales, centros comerciales, y p\u00fablico en general<\/p>\n<p>Continuando con el trabajo iniciado en mayo, tras la Cuarta Visita a Centros Comerciales Abiertos de Espa\u00f1a, el Gobierno de la Provincia de Entre R\u00edos organiz\u00f3 y coordin\u00f3 la realizaci\u00f3n de conferencias abiertas en las cuales se inform\u00f3 y explic\u00f3 el programa que se est\u00e1 llevando adelante junto con CAME sobre Centros Comerciales a Cielo Abierto (CCCA).<\/p>\n<p>Las conferencias se realizaron en las ciudades de Concordia, Col\u00f3n, Chajar\u00ed, Concepci\u00f3n de Uruguay y Victoria. De las mismas participaron Oscar Antonione (CAME); el Director de Comercio Interior de Entre R\u00edos, Santiago Escales; los intendentes de Victoria, Rub\u00e9n Dar\u00edo Garcilazo; de Concepci\u00f3n del Uruguay, Carlos Schepens; de Chajar\u00ed, Jos\u00e9 Luis Panozzo; de Col\u00f3n, Mariano Rebord; el secretario de Gobierno de Concordia, Juan Domingo Orabona; funcionarios, presidentes de los centros comerciales y p\u00fablico en general.<\/p>\n<p>Durante las conferencias se explic\u00f3 el objetivo del programa de Centros Comerciales a Cielo Abierto de CAME y la metodolog\u00eda de trabajo que se llevar\u00e1 adelante. A lo largo de las jornadas, los comerciantes interactuaron con los t\u00e9cnicos, evacuando sus inquietudes.<\/p>\n<p>Asimismo, se firmaron convenios para el desarrollo de los Centros entre CAME y los municipios y centros comerciales en las localidades de Chajar\u00ed, Col\u00f3n, Concepci\u00f3n del Uruguay y Victoria.<\/p>\n<p>Estos convenios reflejan la voluntad concreta que tienen tanto los municipios como los comerciantes de esas ciudades para comenzar a trabajar en un proyecto de CCCA. Por su parte, los arquitectos de CAME ya comenzaron a trabajar en las ciudades de Col\u00f3n y Concepci\u00f3n del Uruguay y, en breve, tambi\u00e9n comenzar\u00e1 a trabajar otro equipo, especializado en dise\u00f1o y comercializaci\u00f3n\u201d, se indic\u00f3.<\/p>\n<p>Al respecto, expres\u00f3 Santiago Escales: \u201cDesde el Gobierno provincial hemos tomado la iniciativa de llevar adelante y apoyar este programa que tiene CAME sobre Centros Comerciales a Cielo Abierto. Es un proyecto que, adem\u00e1s de ser una herramienta muy competitiva para el sector pyme comercial, cumple con uno de los ejes fundamentales de la pol\u00edtica de nuestro Gobernador, que es la articulaci\u00f3n p\u00fablico- privado.\u201d<\/p>\n<p>\u201cEstos proyectos implican el compromiso de cada una de las partes: el Estado, tanto municipal como provincial, y los comerciantes, a trav\u00e9s de sus centros comerciales. De ese trabajo asociado es de donde podemos comenzar a construir un centro comercial y urbano m\u00e1s atractivo y tur\u00edstico para cada una de las ciudades de nuestra provincia\u201d, concluy\u00f3 el Director de Comercio Interior.<\/p>\n<h3>\u2022 Impulsar Centros Comerciales a Cielo Abierto<\/h3>\n<p>Se entiende a los Centros Comerciales a Cielo Abierto como espacios delimitados que agrupan e integran la oferta de comercios independientes, con una imagen unificada, destac\u00e1ndose la cooperaci\u00f3n p\u00fablico-privado. La misma es encausada por un ente gestor.<\/p>\n<p>Los CCCA, como una nueva forma de gesti\u00f3n urbana del comercio, suponen la aceptaci\u00f3n de desaf\u00edos propios del comercio minorista tradicional y la cooperaci\u00f3n de los distintos sectores, todo ello para alcanzar mejores niveles de competitividad y revalorizar los espacios comunes de la ciudad.<\/p>\n<h6>Fuente: APF Digital<\/h6>\n","protected":false},"excerpt":{"rendered":"<p>Las ciudades de Concordia, Col\u00f3n, Chajar\u00ed, Concepci\u00f3n de Uruguay y Victoria fueron escenario para la realizaci\u00f3n de conferencias relacionadas a Centros Comerciales a Cielo Abierto durante los \u00faltimos d\u00edas \u2022 De los encuentros participaron profesionales de la Confederaci\u00f3n Argentina de la Mediana Empresa (CAME), funcionarios provinciales y municipales, centros comerciales, y p\u00fablico en general Continuando<\/p>\n","protected":false},"author":2,"featured_media":14751,"comment_status":"closed","ping_status":"closed","sticky":false,"template":"","format":"standard","meta":{"footnotes":""},"categories":[2],"tags":[17],"class_list":["post-14750","post","type-post","status-publish","format-standard","has-post-thumbnail","hentry","category-informe-municipal","tag-entre-rios"],"_links":{"self":[{"href":"http:\/\/argentinamunicipal.com.ar\/argentina\/wp-json\/wp\/v2\/posts\/14750","targetHints":{"allow":["GET"]}}],"collection":[{"href":"http:\/\/argentinamunicipal.com.ar\/argentina\/wp-json\/wp\/v2\/posts"}],"about":[{"href":"http:\/\/argentinamunicipal.com.ar\/argentina\/wp-json\/wp\/v2\/types\/post"}],"author":[{"embeddable":true,"href":"http:\/\/argentinamunicipal.com.ar\/argentina\/wp-json\/wp\/v2\/users\/2"}],"replies":[{"embeddable":true,"href":"http:\/\/argentinamunicipal.com.ar\/argentina\/wp-json\/wp\/v2\/comments?post=14750"}],"version-history":[{"count":0,"href":"http:\/\/argentinamunicipal.com.ar\/argentina\/wp-json\/wp\/v2\/posts\/14750\/revisions"}],"wp:featuredmedia":[{"embeddable":true,"href":"http:\/\/argentinamunicipal.com.ar\/argentina\/wp-json\/wp\/v2\/media\/14751"}],"wp:attachment":[{"href":"http:\/\/argentinamunicipal.com.ar\/argentina\/wp-json\/wp\/v2\/media?parent=14750"}],"wp:term":[{"taxonomy":"category","embeddable":true,"href":"http:\/\/argentinamunicipal.com.ar\/argentina\/wp-json\/wp\/v2\/categories?post=14750"},{"taxonomy":"post_tag","embeddable":true,"href":"http:\/\/argentinamunicipal.com.ar\/argentina\/wp-json\/wp\/v2\/tags?post=14750"}],"curies":[{"name":"wp","href":"https:\/\/api.w.org\/{rel}","templated":true}]}}