{"id":147544,"date":"2024-06-11T05:50:00","date_gmt":"2024-06-11T08:50:00","guid":{"rendered":"http:\/\/argentinamunicipal.com.ar\/argentina\/?p=147544"},"modified":"2024-06-10T19:26:47","modified_gmt":"2024-06-10T22:26:47","slug":"el-desembarco-de-65-golpistas-brasilenos-en-argentina-abre-interrogantes","status":"publish","type":"post","link":"http:\/\/argentinamunicipal.com.ar\/argentina\/el-desembarco-de-65-golpistas-brasilenos-en-argentina-abre-interrogantes\/","title":{"rendered":"El desembarco de 65 golpistas brasile\u00f1os en Argentina abre\u00a0interrogantes"},"content":{"rendered":"<p>Durante una reciente audiencia en el Congreso argentino Eduardo Bolsonaro denunci\u00f3 la \u00abcensura\u00bb y la \u201cpersecuci\u00f3n pol\u00edtica\u201d de la que ser\u00edan v\u00edctimas los opositores a Lula y defendi\u00f3 que se les conceda asilo.<\/p>\n<p>Hablando en portu\u00f1ol un\u00a0bolsonarista\u00a0que particip\u00f3, junto a otros\u00a0miles, del intento de golpe contra Lula,\u00a0dice: \u201cViva la libertad carajo\u201d. Est\u00e1 en la Plaza de Mayo dando una entrevista que fue bastante comentada este fin de semana en Brasil. A unos metros del brasile\u00f1o con gorra y bufanda , aparecen en un segundo plano, dos militares argentinos haciendo la venia mientras la bandera es arriada en el centro de la plaza.<\/p>\n<p>El entrevistado dice ser paulista, y es uno de los cerca de\u00a065 sediciosos\u00a0refugiados en Buenos Aires\u00a0y posiblemente otras ciudades,\u00a0cuyas repatriaciones deben ser solicitadas por Brasilia.<\/p>\n<p>Junto al hombre de 50 a\u00f1os, llamado Luiz Fern\u00e1ndes Ven\u00e1ncio hay otro, m\u00e1s joven, Marco Siman Oliveira, igualmente golpista. Ambos aseguran ser v\u00edctimas de una supuesta persecuci\u00f3n pol\u00edtica de la izquierda.<\/p>\n<p>Todos los envueltos en la asonada del 8 de enero de 2023, desde Jair Bolsonaro, los generales de su entorno y los militantes que depredaron los palacios del Ejecutivo, Legislativo y el Supremo Tribunal Federal, sostienen que lo ocurrido no fue un intento de golpe sino disturbios causados por la sospecha de fraude en las elecciones de octubre de 2022.<\/p>\n<p>Ese mismo argumento fue esgrimido la semana pasada para redoblar la presi\u00f3n en el Congreso, por la aprobaci\u00f3n de\u00a0una ley de amnist\u00eda\u00a0que alcanzar\u00eda a los pr\u00f3fugos filmados en Plaza de Mayo pero sobre todo para\u00a0dar impunidad al verdadero responsable de la conjura: Bolsonaro.<\/p>\n<p>El reportaje del portal de noticias ligado al diario Folha de San Pablo a los fugitivos se realiz\u00f3 a plena luz del d\u00eda, con la Casa Rosada como tel\u00f3n de fondo. Luego de recitar en portu\u00f1ol la consigna mile\u00edsta terminada en \u201ccarajo\u201d, Fern\u00e1ndes Ven\u00e1ncio retom\u00f3 el portugu\u00e9s para contar que nadie lo control\u00f3 al atravesar las fronteras.<\/p>\n<p>El hombre se declara defensor de la libertad a ultranza. Tanto, que asegura estar dispuesto a morir o cruzar el oc\u00e9ano nadando, antes de perderla (a la libertad, claro).<\/p>\n<p>Y asegura que\u00a0fue en busca de la libertad que rompi\u00f3 la tobillera\u00a0electr\u00f3nica\u00a0que llevaba por orden judicial tras dejar la c\u00e1rcel para poder escapar hacia Argentina donde espera vivir por un mucho tiempo como \u201cemprendedor\u201d.<\/p>\n<p><strong>Lula, Milei y el G7<\/strong><br \/>\nLa fuga de decenas de condenados o imputados\u00a0por delitos como Golpe de Estado, Abolici\u00f3n del Estado Democr\u00e1tico de Derecho y Organizaci\u00f3n Il\u00edcita, se instal\u00f3 en la agenda brasile\u00f1a.<\/p>\n<p>La onda expansiva de esc\u00e1ndalo debe perdurar hasta el pr\u00f3ximo jueves cuando est\u00e1 previsto el arribo de\u00a0Lula y Milei a Apulia, en el sur de Italia, donde se celebrar\u00e1 la cumbre de presidentes del G7,\u00a0la organizaci\u00f3n de la que son parte las principales econom\u00edas occidentales.<\/p>\n<p>Lula fue invitado a todas las cumbres del G7 mientras ocup\u00f3 la presidencia de su pa\u00eds (su tercer mandato comenz\u00f3 hace un a\u00f1o y medio). El brasile\u00f1o es reconocido como\u00a0uno de los l\u00edderes del Sur Global\u00a0adem\u00e1s de estar al frente de una de las principales econom\u00edas del mundo, que este a\u00f1o debe trepar al octavo lugar del ranking global seg\u00fan una previsi\u00f3n reciente del FMI .<\/p>\n<p>La talla del dirigente del Partido de los Trabajadores se puede medir por su proyecci\u00f3n internacional: en lo que va de 2024 recibi\u00f3 a l\u00edderes occidentales como el franc\u00e9s Emmanuel Macron y el espa\u00f1ol Pedro S\u00e1nchez, mientras su vicepresidente, Geraldo Alckmin acaba de reunirse con el presidente chino Xi Jinping en Beijing . Y su asesor internacional, Celso Amorim, viaj\u00f3 a Rusia donde convers\u00f3 sobre la guerra en Ucrania con el canciller Sergei Lavrov.<\/p>\n<p>En cambio la presencia del argentino en Apulia no parece ser en m\u00e9rito a su envergadura de estadista (su agenda internacional se ha centrado en encuentros con magnates de las plataformas digitales y representantes de la ultraderecha, como su viaje a Madrid para un evento organizado por Vox) sino a la afinidad que tiene con la primera ministra italiana, Giorgia Meloni, anfitriona de la cita del G7.<\/p>\n<p>Lula debe tener algunas reuniones bilaterales entre el jueves y viernes pr\u00f3ximos y no se descarta un encuentro con su colega argentino, con quien nunca convers\u00f3 desde que \u00e9ste asumi\u00f3 la presidencia el 10 de diciembre del a\u00f1o pasado en una ceremonia donde s\u00ed estuvieron Bolsonaro y su hijo, el diputado Eduardo.<\/p>\n<p>Si ese encuentro ocurriera, aunque nada permite darlo por seguro,\u00a0la situaci\u00f3n de los bolsonaristas refugiados en la Argentina ser\u00e1 un tema probable, por no decir obligado,\u00a0porque arrestarlos es una cuesti\u00f3n de Estado para Brasil, en la que est\u00e1 involucrado el Supremo Tribunal Federal responsable de la investigaci\u00f3n sobre los hechos de 2023.<\/p>\n<p><strong>Megaoperativo<\/strong><br \/>\nEl Supremo orden\u00f3 la detenci\u00f3n y allanamientos en las viviendas de m\u00e1s de 150 condenados por la asonada de enero de 2023 en el megaoperativo bautizado como \u00abLesa Patria\u00bb realizado el jueves pasado por la Polic\u00eda Federal en 19 estados del pa\u00eds.<\/p>\n<p>Fue una de las m\u00e1s importantes acciones contra la organizaci\u00f3n que organiz\u00f3 y ejecut\u00f3 el plan para derrocar a Lula realizadas hasta la fecha.<\/p>\n<p>El pr\u00f3ximo paso de esa ofensiva debe ser la repatriaci\u00f3n \u2013o el intento de que \u00e9sta se realice- de\u00a0quienes se escaparon a la Argentina, as\u00ed como los que estar\u00edan ocultos en Uruguay y Paraguay.<\/p>\n<p>Los investigadores dejaron trascender que uno de los interrogantes hasta ahora no revelados es si personajes como Fern\u00e1ndes Ven\u00e1ncio y Siman Oliveira, instalados c\u00f3modamente en Buenos Aires, contaron con apoyo econ\u00f3mico y log\u00edstico para darse a la fuga.<\/p>\n<p>Y en caso de que \u00e9ste respaldo hubiera existido, saber quienes est\u00e1n detr\u00e1s del mismo.<\/p>\n<p><strong>Indicios<\/strong><br \/>\nNo deja de ser sugestivo que una semana antes de que los golpistas brasile\u00f1os acepten dar la cara ante la prensa en Plaza de Mayo, Eduardo Bolsonaro, acompa\u00f1ado de varios legisladores de extrema derecha, todos ellos defensores de la asonada de 2023, fueron recibidos en Buenos Aires por la diputada Maria Celeste Ponce, de La Libertad Avanza.<\/p>\n<p>Durante una audiencia en el Congreso argentino el hijo de Jair Bolsonaro denunci\u00f3 la \u00abcensura\u00bb y la \u201cpersecuci\u00f3n pol\u00edtica\u201d de la que ser\u00edan v\u00edctimas los opositores a Lula y defendi\u00f3 que se les conceda asilo.<\/p>\n<p>El legislador act\u00faa como \u201ccanciller\u201d de su padre &#8211; a quien el Supremo le retir\u00f3 el pasaporte y no puede salir de Brasil debido al temor a que se asile en otro pa\u00eds- e interlocutor directo con Milei, el exmandatario y probable candidato estadounidense Donald Trump ,el primer ministro h\u00fangaro, V\u00edktor Orb\u00e1n y el diputado espa\u00f1ol Santiago Abascal, referente de Vox.<\/p>\n<p>En la lista de interlocutores de Bolsonaro hijo tambi\u00e9n est\u00e1n los neonazis alemanes, del partido AfD y los ultras portugueses de Chega.<\/p>\n<p>Ahora bien, el v\u00ednculo entre Eduardo Bolsonaro y Milei estar\u00eda marcado por la afinidad pol\u00edtica acompa\u00f1ada de una amistad que se forj\u00f3 en los \u00faltimos a\u00f1os, cuando el congresista viaj\u00f3 con frecuencia a Buenos Aires para dar su apoyo a la candidatura del libertario.<\/p>\n<p>Si las investigaciones en curso demostraran que\u00a0el desembarque de Eduardo en el Parlamento argentino fue parte de una maniobra para garantizar que refugio a los golpistas\u00a0y esa estrategia contar\u00eda con la anuencia de Milei, esto agregar\u00eda un nuevo\u00a0obst\u00e1culo\u00a0a la relaci\u00f3n entre los dos gobiernos.<\/p>\n<p>Porque de ser as\u00ed el argentino ser\u00eda no s\u00f3lo amigo del principal enemigo de Lula, sino un potencial c\u00f3mplice en el esquema urdido para garantizar la impunidad de los involucrados en el alzamiento que estuvo a punto de derrocarlo e instalar una dictadura.<\/p>\n<p>Esas son las sospechas con las que el brasile\u00f1o desembarcar\u00e1 en Italia y podr\u00edan condicionar su encuentro o nuevo desencuentro con Milei.<\/p>\n<h6>Fuente: P\u00e1gina 12<\/h6>\n","protected":false},"excerpt":{"rendered":"<p>Durante una reciente audiencia en el Congreso argentino Eduardo\u00a0Bolsonaro denunci\u00f3 la \u00abcensura\u00bb y la \u201cpersecuci\u00f3n pol\u00edtica\u201d de la que ser\u00edan v\u00edctimas los opositores a Lula y defendi\u00f3 que se les conceda asilo<\/p>\n","protected":false},"author":2,"featured_media":147545,"comment_status":"closed","ping_status":"closed","sticky":false,"template":"","format":"standard","meta":{"footnotes":""},"categories":[8],"tags":[21],"class_list":["post-147544","post","type-post","status-publish","format-standard","has-post-thumbnail","hentry","category-informe-nacional","tag-argentina"],"_links":{"self":[{"href":"http:\/\/argentinamunicipal.com.ar\/argentina\/wp-json\/wp\/v2\/posts\/147544","targetHints":{"allow":["GET"]}}],"collection":[{"href":"http:\/\/argentinamunicipal.com.ar\/argentina\/wp-json\/wp\/v2\/posts"}],"about":[{"href":"http:\/\/argentinamunicipal.com.ar\/argentina\/wp-json\/wp\/v2\/types\/post"}],"author":[{"embeddable":true,"href":"http:\/\/argentinamunicipal.com.ar\/argentina\/wp-json\/wp\/v2\/users\/2"}],"replies":[{"embeddable":true,"href":"http:\/\/argentinamunicipal.com.ar\/argentina\/wp-json\/wp\/v2\/comments?post=147544"}],"version-history":[{"count":0,"href":"http:\/\/argentinamunicipal.com.ar\/argentina\/wp-json\/wp\/v2\/posts\/147544\/revisions"}],"wp:featuredmedia":[{"embeddable":true,"href":"http:\/\/argentinamunicipal.com.ar\/argentina\/wp-json\/wp\/v2\/media\/147545"}],"wp:attachment":[{"href":"http:\/\/argentinamunicipal.com.ar\/argentina\/wp-json\/wp\/v2\/media?parent=147544"}],"wp:term":[{"taxonomy":"category","embeddable":true,"href":"http:\/\/argentinamunicipal.com.ar\/argentina\/wp-json\/wp\/v2\/categories?post=147544"},{"taxonomy":"post_tag","embeddable":true,"href":"http:\/\/argentinamunicipal.com.ar\/argentina\/wp-json\/wp\/v2\/tags?post=147544"}],"curies":[{"name":"wp","href":"https:\/\/api.w.org\/{rel}","templated":true}]}}