{"id":148387,"date":"2024-07-12T05:36:28","date_gmt":"2024-07-12T08:36:28","guid":{"rendered":"http:\/\/argentinamunicipal.com.ar\/argentina\/?p=148387"},"modified":"2024-07-11T06:39:23","modified_gmt":"2024-07-11T09:39:23","slug":"lucha-antigranizo-tres-intendentes-del-este-mendocino-piden-que-siga-funcionando","status":"publish","type":"post","link":"http:\/\/argentinamunicipal.com.ar\/argentina\/lucha-antigranizo-tres-intendentes-del-este-mendocino-piden-que-siga-funcionando\/","title":{"rendered":"Lucha antigranizo: tres intendentes del Este mendocino piden que siga funcionando"},"content":{"rendered":"<p>A la pelea de San Rafael y Alvear se sumaron los departamentos del Este. Mari Abed, Ra\u00fal Rufeil y Ricardo Mansur piden que el Alfredo Cornejo de marcha atr\u00e1s en la suspensi\u00f3n.<\/p>\n<p>El Gobierno provincial decidi\u00f3 no destinar m\u00e1s fondos a la lucha antigranizo y desvincul\u00f3 de AEMSA a los pilotos que estaban a cargo del programa. Los primeros en alzar la voz en contra de la decisi\u00f3n del gobernador Alfredo Cornejo fueron los productores del oasis sur de Mendoza.<\/p>\n<p>Actualmente, el intendente de General Alvear, Alejandro Molero, y a su par de Sn Rafael, Omar F\u00e9lix, trabajan en un proyecto para mantener la lucha antigranizo funcionando durante la temporada en el sur de Mendoza. En par de semanas deben llevar el plan al Ejecutivo provincial para que eval\u00faen entre todos la viabilidad.<\/p>\n<p>Ahora, se sumaron al reclamo los intendentes del oasis este. Mario Abed, de Jun\u00edn, Ra\u00fal Rufeil, de San Mart\u00edn y Ricardo Mansur, de Rivadavia presentaron una nota en el Ministerio de Producci\u00f3n dirigida a Rodolfo Vargas Arizu para solicitar que el Gobierno provicial de marcha atr\u00e1s en su decisi\u00f3n.<\/p>\n<p>\u00abSolicitamos revertir de morcha inmediata la decisi\u00f3n de eliminar el sistema de mitigaci\u00f3n de granizo hasta tanto se discuta y se demuestre su ineficiencia\u00bb, expresaron en la nota.<\/p>\n<p>Ademas pidieron una soluci\u00f3n para la pr\u00f3xima temporada. \u00abSolicitamos se otorgue a nuestros productores el tiempo y las herramientas necesarias para encontrar soluciones viables a esta situaci\u00f3n inesperada e insostenible de forma indivudual debido al avanzado estado del ciclo de producci\u00f3n\u00bb, agregaron.<\/p>\n<p>Por otro lados, los tres intendentes oficialistas pusieron en duda la posibilidad de que los municipios gestionen la\u00a0lucha\u00a0antigranizo\u00a0porque no tienen los recursos y porque \u00abhasta el Gobierno provincial lo considera costoso e ineficiente\u00bb.<\/p>\n<h6>Fuente: MDZ<\/h6>\n","protected":false},"excerpt":{"rendered":"<p>A la pelea de San Rafael y Alvear se sumaron los departamentos del Este. Mari Abed, Ra\u00fal Rufeil y Ricardo Mansur piden que el Alfredo Cornejo de marcha atr\u00e1s en la suspensi\u00f3n.<\/p>\n","protected":false},"author":2,"featured_media":148388,"comment_status":"closed","ping_status":"closed","sticky":false,"template":"","format":"standard","meta":{"footnotes":""},"categories":[2],"tags":[31],"class_list":["post-148387","post","type-post","status-publish","format-standard","has-post-thumbnail","hentry","category-informe-municipal","tag-mendoza"],"_links":{"self":[{"href":"http:\/\/argentinamunicipal.com.ar\/argentina\/wp-json\/wp\/v2\/posts\/148387","targetHints":{"allow":["GET"]}}],"collection":[{"href":"http:\/\/argentinamunicipal.com.ar\/argentina\/wp-json\/wp\/v2\/posts"}],"about":[{"href":"http:\/\/argentinamunicipal.com.ar\/argentina\/wp-json\/wp\/v2\/types\/post"}],"author":[{"embeddable":true,"href":"http:\/\/argentinamunicipal.com.ar\/argentina\/wp-json\/wp\/v2\/users\/2"}],"replies":[{"embeddable":true,"href":"http:\/\/argentinamunicipal.com.ar\/argentina\/wp-json\/wp\/v2\/comments?post=148387"}],"version-history":[{"count":0,"href":"http:\/\/argentinamunicipal.com.ar\/argentina\/wp-json\/wp\/v2\/posts\/148387\/revisions"}],"wp:featuredmedia":[{"embeddable":true,"href":"http:\/\/argentinamunicipal.com.ar\/argentina\/wp-json\/wp\/v2\/media\/148388"}],"wp:attachment":[{"href":"http:\/\/argentinamunicipal.com.ar\/argentina\/wp-json\/wp\/v2\/media?parent=148387"}],"wp:term":[{"taxonomy":"category","embeddable":true,"href":"http:\/\/argentinamunicipal.com.ar\/argentina\/wp-json\/wp\/v2\/categories?post=148387"},{"taxonomy":"post_tag","embeddable":true,"href":"http:\/\/argentinamunicipal.com.ar\/argentina\/wp-json\/wp\/v2\/tags?post=148387"}],"curies":[{"name":"wp","href":"https:\/\/api.w.org\/{rel}","templated":true}]}}