{"id":148494,"date":"2024-07-17T05:50:36","date_gmt":"2024-07-17T08:50:36","guid":{"rendered":"http:\/\/argentinamunicipal.com.ar\/argentina\/?p=148494"},"modified":"2024-07-16T19:04:11","modified_gmt":"2024-07-16T22:04:11","slug":"por-el-aumento-de-personas-en-situacion-de-calle-la-provincia-de-mendoza-y-dos-comunas-alquilaron-lugares-de-emergencia","status":"publish","type":"post","link":"http:\/\/argentinamunicipal.com.ar\/argentina\/por-el-aumento-de-personas-en-situacion-de-calle-la-provincia-de-mendoza-y-dos-comunas-alquilaron-lugares-de-emergencia\/","title":{"rendered":"Por el aumento de personas en situaci\u00f3n de calle, la Provincia de Mendoza y dos comunas alquilaron lugares de emergencia"},"content":{"rendered":"<p>La crisis econ\u00f3mica y el fr\u00edo extremo han influido para que crezca la necesidad de refugios. Hay tres en la provincia pero no dan abasto<\/p>\n<p>El\u00a0fr\u00edo polar\u00a0pega duro en Mendoza y sobre todo a los que no tienen techo. Hay\u00a0500 personas en\u00a0situaci\u00f3n de calle\u00a0que todos los d\u00edas buscan estrategias para sobrevivir al\u00a0crudo invierno. Duermen en plazas, cajeros o la entrada de alg\u00fan edificio.<\/p>\n<p>Frente a un aumento de demanda en los\u00a0tres refugios de la provincia, el Gobierno de Mendoza y los municipios de\u00a0Capital\u00a0y\u00a0Guaymall\u00e9n alquilan lugares\u00a0de manera temporal para hacer frente a esta emergencia.<\/p>\n<p>Ricardo tiene 54 a\u00f1os y hace cuatro meses que dej\u00f3 la casa que compart\u00eda con su hermano en La Estanzuela. Trata de\u00a0protegerse del fr\u00edo\u00a0con unos viejos pullovers de lana que le hacen de abrigo y se mantiene cerca de la zona m\u00e1s transitada de la Ciudad para comer. Su aspecto es desemejorado y parece que perdi\u00f3 bastante peso.<\/p>\n<p>\u00abLa esposa de mi hermano me ech\u00f3 de la casa. Hace cuatro meses que no tengo donde estar. Ahora con este fr\u00edo voy a un\u00a0refugio, pero en el d\u00eda hay que andar para\u00a0sobrevivir\u00bb, afirm\u00f3 mientras le daban un vaso de caf\u00e9 y una torta.<\/p>\n<p>\u00abCon estas heladas no queda otra que aguantar. Por ahora no voy a poder volver y ya estoy tratando de conseguir ayuda\u00bb, dijo mientras se apuraba para compartir con un amigo en su misma situaci\u00f3n la comida que le regalaron en una cafeter\u00eda.<\/p>\n<p><strong>La intervenci\u00f3n del gobierno y de los municipios<\/strong><br \/>\nEl director general de Desarrollo Comunitario de la provincia,\u00a0Ernesto Mancinelli, asegur\u00f3 a\u00a0Diario UNO\u00a0que, mientras trabajan en el\u00a0legajo \u00fanico\u00a0de personas en\u00a0situaci\u00f3n de calle\u00a0para llevar un control de c\u00f3mo se los asiste en los distintos municipios en los que se mueven, se est\u00e1n llevando adelante reuniones con los referentes Desarrollo Social para hacer un seguimiento de esta poblaci\u00f3n.<\/p>\n<p>\u00abLa realidad es que creci\u00f3 este fen\u00f3meno,\u00a0tenemos un 30% m\u00e1s de gente en las calles, agravado por la situaci\u00f3n econ\u00f3mica. Es una poblaci\u00f3n que no encuentra empleo, que sufre\u00a0padecimientos mentales\u00a0o\u00a0alg\u00fan tipo de consumo\u00a0y es un trabajo muy arduo sacarlos de la v\u00eda p\u00fablica. Sin embargo, estamos abocados con los municipios en\u00a0ubicarlos en hostels, pensiones, departamentos\u00a0u otra soluci\u00f3n de manera temporal\u00bb, indic\u00f3 Mancinelli.<\/p>\n<p><strong>La intervenci\u00f3n de la Municipalidad de Capital<\/strong><br \/>\nUna de las comunas que est\u00e1 dando respuesta habitacional es Ciudad. As\u00ed lo explic\u00f3 la Subsecretar\u00eda de Inclusi\u00f3n y Desarrollo Humano,\u00a0Ana Urrutia.<\/p>\n<p>\u00abEl intendente Ulpiano Suarez est\u00e1 muy comprometido con este trabajo y vamos a dar respuesta a todo aquel vecino de Ciudad que est\u00e9 en situaci\u00f3n de calle con estas temperaturas tan bajas, tan extremas que hace que la dignidad se vea m\u00e1s vulnerada.\u00a0Estamos alquilando lugares\u00a0y destinando un 20% del total del presupuesto para esta\u00a0ayuda social, aunque esto se puede ampliar en funci\u00f3n de la necesidad\u00bb, indic\u00f3 la funcionaria.<\/p>\n<p>Urrutia detall\u00f3 que tienen\u00a0130 ciudadanos relevados\u00a0en lo que va de estos seis meses y se est\u00e1 haciendo el acompa\u00f1amiento a 40.<\/p>\n<p>\u00abNosotros estamos haciendo un\u00a0abordaje integral. Trabajamos en la soluci\u00f3n de vivienda, en la salud, en el v\u00ednculo de esta persona con la Municipalidad para que pueda acceder a un trabajo. Es una tarea muy compleja pero estamos centrados en esto y tenemos la esperanza de que puedan salir adelante en alg\u00fan momento por sus propios medios\u00bb, agreg\u00f3.<\/p>\n<p>Suarez\u00a0hab\u00eda solicitado un espacio al Ej\u00e9rcito Argentino\u00a0pero hasta el momento no lograron el visto bueno para contar con lugares alternativos a los refugios.<\/p>\n<p>\u00abAc\u00e1 todos los organismos tienen un papel central para esta cruzada por la dignidad de estas personas.\u00a0Las condiciones son dur\u00edsimas. Fr\u00edo extremo, una situaci\u00f3n econ\u00f3mica muy mala. Todos los actores debemos aunar los esfuerzos y los recursos\u00bb, abog\u00f3.<\/p>\n<p>A aquellas personas que sistem\u00e1ticamente vivieron en la v\u00eda p\u00fablica se les suman nuevas, que perdieron su empleo y un lugar donde vivir.<\/p>\n<p>\u00abTenemos un equipo interdisciplinario con trabajadores sociales que est\u00e1n monitoreando la situaci\u00f3n. Hay quienes son receptivos y aceptan la ayuda, otros no\u00bb, agreg\u00f3 la funcionaria y recalc\u00f3 el\u00a0trabajo en conjunto con la provincia\u00a0ya que es un problema que se da en el Gran Mendoza y que excede a un \u00fanico municipio.<\/p>\n<p><strong>El trabajo de Guaymall\u00e9n para alojar temporalmente a los \u00absin techo\u00bb<\/strong><br \/>\nLa\u00a0Municipalidad de Guaymall\u00e9n\u00a0tiene relevadas 40 personas en situaci\u00f3n de calle, a las cuales las est\u00e1 abordando con un equipo interdisciplinario y asistiendo con el\u00a0alquiler de pensiones.<\/p>\n<p>\u00abLa Municipalidad no tiene refugios propios, se coordina con provincia, y\u00a0se alquilan pensiones y espacios\u00a0(siempre los tiene que ver el equipo interdisciplinario porque es dif\u00edcil que los acepten en los casos en los que hay abuso de sustancias)\u00bb, indicaron desde la comuna.<\/p>\n<p>En tanto,\u00a0Godoy Cruz no asiste en la emergencia habitacional a esta poblaci\u00f3n, sino que\u00a0realiza los monitoreos en la noche\u00a0y los deriva a la provincia.<\/p>\n<p>Seg\u00fan informaron,\u00a0no tienen datos estad\u00edsticos sobre quienes viven en la v\u00eda p\u00fablica.<\/p>\n<p><strong>Un legajo social \u00fanico para las personas en situaci\u00f3n de calle<\/strong><br \/>\nMancinelli destac\u00f3 el trabajo de la provincia en conjunto con los municipios para contener a personas que\u00a0se mueven por distintos departamentos. Algunos son mendocinos, otros vienen de otros puntos de Argentina y hasta hay extranjeros que por alg\u00fan motivo quedaron varados.<\/p>\n<p>\u00abEs una herramienta tecnol\u00f3gica que viene a\u00a0ordenar el trabajo que estamos haciendo\u00a0en toda la provincia. Hoy tenemos que aunar los distintos procedimientos que tiene cada comuna, con las \u00e1reas de Desarrollo social, para hacer un acompa\u00f1amiento m\u00e1s integral y\u00a0no repetir los subsidios\u00a0porque los recursos son escasos y hay que ayudar a todas las personas que est\u00e1n atravesando por esta situaci\u00f3n\u00bb, recalc\u00f3 el funcionario.<\/p>\n<h6>Fuente: Uno<\/h6>\n","protected":false},"excerpt":{"rendered":"<p>La\u00a0crisis econ\u00f3mica\u00a0y el\u00a0fr\u00edo extremo\u00a0han influido para que crezca la necesidad de refugios. Hay tres en la provincia pero no dan abasto<\/p>\n","protected":false},"author":2,"featured_media":148495,"comment_status":"closed","ping_status":"closed","sticky":false,"template":"","format":"standard","meta":{"footnotes":""},"categories":[2],"tags":[31],"class_list":["post-148494","post","type-post","status-publish","format-standard","has-post-thumbnail","hentry","category-informe-municipal","tag-mendoza"],"_links":{"self":[{"href":"http:\/\/argentinamunicipal.com.ar\/argentina\/wp-json\/wp\/v2\/posts\/148494","targetHints":{"allow":["GET"]}}],"collection":[{"href":"http:\/\/argentinamunicipal.com.ar\/argentina\/wp-json\/wp\/v2\/posts"}],"about":[{"href":"http:\/\/argentinamunicipal.com.ar\/argentina\/wp-json\/wp\/v2\/types\/post"}],"author":[{"embeddable":true,"href":"http:\/\/argentinamunicipal.com.ar\/argentina\/wp-json\/wp\/v2\/users\/2"}],"replies":[{"embeddable":true,"href":"http:\/\/argentinamunicipal.com.ar\/argentina\/wp-json\/wp\/v2\/comments?post=148494"}],"version-history":[{"count":0,"href":"http:\/\/argentinamunicipal.com.ar\/argentina\/wp-json\/wp\/v2\/posts\/148494\/revisions"}],"wp:featuredmedia":[{"embeddable":true,"href":"http:\/\/argentinamunicipal.com.ar\/argentina\/wp-json\/wp\/v2\/media\/148495"}],"wp:attachment":[{"href":"http:\/\/argentinamunicipal.com.ar\/argentina\/wp-json\/wp\/v2\/media?parent=148494"}],"wp:term":[{"taxonomy":"category","embeddable":true,"href":"http:\/\/argentinamunicipal.com.ar\/argentina\/wp-json\/wp\/v2\/categories?post=148494"},{"taxonomy":"post_tag","embeddable":true,"href":"http:\/\/argentinamunicipal.com.ar\/argentina\/wp-json\/wp\/v2\/tags?post=148494"}],"curies":[{"name":"wp","href":"https:\/\/api.w.org\/{rel}","templated":true}]}}