{"id":148559,"date":"2024-07-19T05:13:49","date_gmt":"2024-07-19T08:13:49","guid":{"rendered":"http:\/\/argentinamunicipal.com.ar\/argentina\/?p=148559"},"modified":"2024-07-18T06:15:37","modified_gmt":"2024-07-18T09:15:37","slug":"el-intendente-de-san-carlos-analiza-un-proyecto-de-drones-antigranizo-como-alternativa-para-el-valle-de-uco","status":"publish","type":"post","link":"http:\/\/argentinamunicipal.com.ar\/argentina\/el-intendente-de-san-carlos-analiza-un-proyecto-de-drones-antigranizo-como-alternativa-para-el-valle-de-uco\/","title":{"rendered":"El intendente de San Carlos analiza un proyecto de drones antigranizo como alternativa para el Valle de Uco"},"content":{"rendered":"<p>Alejandro Morillas revel\u00f3 que un particular le acerc\u00f3 la opci\u00f3n de siembra de nubes con drones. Estudia costos y viabilidad para present\u00e1rsela a Cornejo<\/p>\n<p>San Carlos\u00a0aprovech\u00f3 la discusi\u00f3n por el fin (o no) de la\u00a0lucha antigranizo\u00a0con aviones para estudiar una alternativa que present\u00f3 un privado: la siembra de nubes con\u00a0drones. El intendente Alejandro Morillas confi\u00f3 a\u00a0Diario UNO\u00a0que analiza el proyecto para present\u00e1rselo a Alfredo Cornejo.<\/p>\n<p>En el\u00a0Valle de Uco, por su geograf\u00eda, no sobrevolaban los aviones de la lucha antigranizo que el ministro de Producci\u00f3n, Rodolfo Vargas Arizu, dio por terminada. La prevenci\u00f3n en esta zona se ejecuta solamente a trav\u00e9s de generadores de superficie, que no son suficientes, por lo que esta nueva opci\u00f3n que se presenta es vista con muy buenos ojos.<\/p>\n<p>\u00abTenemos 11 generadores de los cuales solo funcionan 8. Para que la lucha fuera realmente efectiva necesitar\u00edamos unos 50, pero cuestan 50.000 d\u00f3lares cada uno\u00bb, cont\u00f3 Morillas para graficar por qu\u00e9 esta alternativa de drones antigranizos asoma como plausible.<\/p>\n<p>Siembra de nubes a menor costo y riesgo: \u00bfes posible?<br \/>\nEs lo que se est\u00e1 estudiando en la Municipalidad de San Carlos, en conjunto con la\u00a0Sociedad Rural\u00a0del Valle de Uco.<\/p>\n<p>Morillas revel\u00f3 que\u00a0es una empresa la que present\u00f3 la propuesta que est\u00e1 siendo analizada a fondo, especialmente en lo que refiere a costos y a efectividad.<\/p>\n<p>\u00abEn principio,\u00a0sembrar nubes con drones no solo bajar\u00eda los costos de la lucha antigranizo, sino tambi\u00e9n los riesgos, porque no tendr\u00edas pilotos meti\u00e9ndose en medio de tormentas peligrosas\u00bb, analiz\u00f3 el intendente.<\/p>\n<p>\u00abEllos dicen que es viable\u00bb, dijo sobre el particular que present\u00f3 la propuesta, cuya raz\u00f3n social a\u00fan se mantiene bajo llave.<\/p>\n<p>La intenci\u00f3n de Morillas es preparar esta propuesta de manera seria para present\u00e1rsela al gobernador.\u00a0\u00bfPor qu\u00e9? Porque por los costos que se manejan, aunque sean mucho menores a los de la lucha con aviones o a la compra de generadores, para el\u00a0municipio\u00a0en soledad ser\u00eda \u00abmuy dif\u00edcil\u00bb afrontarlo.<\/p>\n<p>\u00abQuiz\u00e1s podr\u00edamos manejar algo en conjunto\u00bb, se anim\u00f3 a pensar involucrando a la Provincia.<\/p>\n<p>Cornejo ya dijo que a aquellos intendentes que prefieran mantener la lucha activa \u00abno los vamos a dejar solos\u00bb y que espera que le presenten\u00a0propuestas\u00a0para analizar de qu\u00e9 manera se podr\u00eda colaborar.<\/p>\n<p>As\u00ed como\u00a0San Rafael y General Alvear analizan costos\u00a0para decidir si conservan o no algunos aviones para el Sur;\u00a0San Carlos\u00a0tambi\u00e9n activ\u00f3 una alternativa que, por ahora, asoma como \u00abbuena\u00bb, seg\u00fan su intendente.<\/p>\n<p><strong>Se reflota un proyecto de la UNCuyo<\/strong><br \/>\nYa en 2021,\u00a0los diputados sancarlinos Jorge Difonso y Mauricio Torres\u00a0hab\u00edan presentado un proyecto para que se cree un sistema de lucha antigranizo con aviones no tripulados o drones.<\/p>\n<p>Seg\u00fan record\u00f3 Difonso, la propuesta fue desarrollada con t\u00e9cnicos e ingenieros de la\u00a0Facultad de Ciencias Aplicadas a la Industria, dependiente de la Universidad Nacional de Cuyo.<\/p>\n<p>\u00abEs necesaria la malla, el seguro, los aviones y de ser posible el drone, porque el objetivo es mitigar el da\u00f1o\u00bb, afirm\u00f3.<\/p>\n<h6>Fuente: Uno<\/h6>\n","protected":false},"excerpt":{"rendered":"<p>Alejandro Morillas\u00a0revel\u00f3 que un particular le acerc\u00f3 la opci\u00f3n de siembra de nubes con\u00a0drones. Estudia costos y viabilidad para present\u00e1rsela a Cornejo<\/p>\n","protected":false},"author":2,"featured_media":148560,"comment_status":"closed","ping_status":"closed","sticky":false,"template":"","format":"standard","meta":{"footnotes":""},"categories":[2],"tags":[31],"class_list":["post-148559","post","type-post","status-publish","format-standard","has-post-thumbnail","hentry","category-informe-municipal","tag-mendoza"],"_links":{"self":[{"href":"http:\/\/argentinamunicipal.com.ar\/argentina\/wp-json\/wp\/v2\/posts\/148559","targetHints":{"allow":["GET"]}}],"collection":[{"href":"http:\/\/argentinamunicipal.com.ar\/argentina\/wp-json\/wp\/v2\/posts"}],"about":[{"href":"http:\/\/argentinamunicipal.com.ar\/argentina\/wp-json\/wp\/v2\/types\/post"}],"author":[{"embeddable":true,"href":"http:\/\/argentinamunicipal.com.ar\/argentina\/wp-json\/wp\/v2\/users\/2"}],"replies":[{"embeddable":true,"href":"http:\/\/argentinamunicipal.com.ar\/argentina\/wp-json\/wp\/v2\/comments?post=148559"}],"version-history":[{"count":0,"href":"http:\/\/argentinamunicipal.com.ar\/argentina\/wp-json\/wp\/v2\/posts\/148559\/revisions"}],"wp:featuredmedia":[{"embeddable":true,"href":"http:\/\/argentinamunicipal.com.ar\/argentina\/wp-json\/wp\/v2\/media\/148560"}],"wp:attachment":[{"href":"http:\/\/argentinamunicipal.com.ar\/argentina\/wp-json\/wp\/v2\/media?parent=148559"}],"wp:term":[{"taxonomy":"category","embeddable":true,"href":"http:\/\/argentinamunicipal.com.ar\/argentina\/wp-json\/wp\/v2\/categories?post=148559"},{"taxonomy":"post_tag","embeddable":true,"href":"http:\/\/argentinamunicipal.com.ar\/argentina\/wp-json\/wp\/v2\/tags?post=148559"}],"curies":[{"name":"wp","href":"https:\/\/api.w.org\/{rel}","templated":true}]}}