{"id":148655,"date":"2024-07-24T05:04:05","date_gmt":"2024-07-24T08:04:05","guid":{"rendered":"http:\/\/argentinamunicipal.com.ar\/argentina\/?p=148655"},"modified":"2024-07-23T19:07:35","modified_gmt":"2024-07-23T22:07:35","slug":"movimientos-sociales-como-impacta-la-crisis-nacional-en-mendoza","status":"publish","type":"post","link":"http:\/\/argentinamunicipal.com.ar\/argentina\/movimientos-sociales-como-impacta-la-crisis-nacional-en-mendoza\/","title":{"rendered":"Movimientos sociales: c\u00f3mo impacta la crisis nacional en Mendoza"},"content":{"rendered":"<p>Afirman que, por la recesi\u00f3n, cada vez cierran m\u00e1s comedores y merenderos en la provincia. La pol\u00e9mica por Pettovello y el avance de la droga en las barriadas.<\/p>\n<p>El esc\u00e1ndalo por las toneladas de alimentos que el Ministerio de Capital Humano de la Naci\u00f3n mantuvo alojados en dos establecimientos y no entreg\u00f3, coloc\u00f3 a Sandra Pettovello en el ojo de la tormenta, pero tambi\u00e9n puso la lupa sobre la funci\u00f3n y el trabajo que desarrollan los movimientos sociales en la Rep\u00fablica Argentina. Claramente, Mendoza no est\u00e1 exenta de esa realidad. Mientras la recesi\u00f3n nacional impacta cada vez m\u00e1s en los sectores vulnerables y erosiona el poder adquisitivo de la clase media, los referentes locales admiten que la situaci\u00f3n provincial es dram\u00e1tica y continuar\u00e1 si\u00e9ndolo si el Gobierno no focaliza sus esfuerzos en las barriadas locales.<\/p>\n<p>Suele manifestarse que los movimientos sociales son un producto de la crisis econ\u00f3mico-social que estall\u00f3 en la Argentina durante el a\u00f1o 2001. Esa aseveraci\u00f3n no es 100% correcta, aunque dif\u00edcilmente pueda negarse la significancia que ese hecho hist\u00f3rico tuvo respecto a la consolidaci\u00f3n de este tipo de estructuras. En pocas palabras, fue un antes y un despu\u00e9s. Si el gobierno de la Alianza fue el desenlace, el segundo mandato presidencial de Carlos Menem funcion\u00f3 como un caldo de cultivo para el origen de lo que en aquel momento fueron las organizaciones piqueteras.<\/p>\n<p>El experimento neoliberal que tuvo como protagonistas a Menem, Cavallo y De la R\u00faa, termin\u00f3 con el recordado corralito, el hist\u00f3rico anuncio del default nacional, cinco presidentes en una semana y 39 muertos en las calles. En ese contexto, los movimientos sociales comenzaron a organizarse para garantizar el acceso de la poblaci\u00f3n m\u00e1s vulnerable a la seguridad alimentaria. La situaci\u00f3n era tan ca\u00f3tica, que no hab\u00eda margen para trabajar respecto al mejoramiento de otras \u00e1reas vitales como la educaci\u00f3n, salud, integraci\u00f3n socio-urbana, agricultura, construcci\u00f3n y reciclado, entre otras funciones. Eso comenz\u00f3 a ocurrir posteriormente.<\/p>\n<p>Seg\u00fan explica el referente del Movimiento Popular Nuestram\u00e9rica y de UTEP Mendoza, Gast\u00f3n Donato, los\u00a0movimientos sociales\u00a0en la provincia siguieron la l\u00ednea de construcci\u00f3n nacional que naci\u00f3 en los 90. \u201cNos reconocimos como organizaciones pol\u00edticas que no s\u00f3lo resist\u00edan desde la protesta y el hacer donde el Estado estaba ausente, sino que comenzamos a disputar por ocupar el mismo, y con esto el sentido y orientaci\u00f3n de sus pol\u00edticas y en definitiva un programa de gobierno popular\u201d, explica a\u00a0MDZ. Solo por mencionar las de mayor peso territorial, hoy conviven en Mendoza\u00a0 el Movimiento Evita; la Corriente Clasista Combativa, la Uni\u00f3n de Trabajadores Rurales Sin Tierra; la Asociaci\u00f3n de Peque\u00f1os Productores; MTE; OLP; La Poderosa; la Dar\u00edo Santill\u00e1n; Pueblo Unido; Somos Barrios de Pie; Octubres y la mencionada\u00a0 Nuestram\u00e9rica. Por su parte, la UTEP es la encargada de nuclear a \u00e9stas organizaciones.<\/p>\n<p><strong>Qu\u00e9 hacen en la provincia y c\u00f3mo analizan la actualidad<\/strong><br \/>\n\u201cEl trabajo de las organizaciones se fue complejizando en el tiempo, se despleg\u00f3 lo profundo de los territorios llegando a todos los departamentos de la provincia, con grandes virtudes como la organizaci\u00f3n de una amplia red de unidades de trabajo cooperativo socio-comunitario y socio- productivo de todo tipo, afianzada en torno al salario social complementario, las tareas esenciales que desempe\u00f1amos en seguridad alimentaria y cuidados durante la pandemia del Covid como as\u00ed tambi\u00e9n las pol\u00edticas y obras de integraci\u00f3n socio-urbana que alcanzamos a llevar adelante en los \u00faltimos a\u00f1os. Adem\u00e1s de otras como las de g\u00e9nero, consumos problem\u00e1ticos y el acceso a derechos que fueron determinantes y marcaron camino al Estado; por otra parte, se avanz\u00f3 en la organizaci\u00f3n rural familiar, campesina e ind\u00edgena y la producci\u00f3n de alimentos\u201d, afirma Donato.<\/p>\n<p>Y agrega: \u201cEn la provincia hemos logrado un enorme poder de movilizaci\u00f3n que aprendimos a traducir en negociaciones con el gobierno provincial por los derechos y recursos que eran m\u00e1s urgentes al sector popular. Pero tambi\u00e9n hemos desarrollado propuestas de programas y de proyectos de leyes locales para el fortalecimiento de la econom\u00eda popular, el acceso a la vivienda, la creaci\u00f3n de fuentes de trabajo e ingresos, la erradicaci\u00f3n de la violencia de g\u00e9nero y la gesti\u00f3n de pol\u00edticas de acceso a servicios entre otras\u201d.<\/p>\n<p>Seg\u00fan la mirada de los movimientos sociales con presencia en Mendoza, el arribo de\u00a0Javier Milei\u00a0a la presidencia de la Naci\u00f3n signific\u00f3 un impacto negativo para los sectores m\u00e1s vulnerables. \u201cTiene\u00a0dentro de sus objetivos pol\u00edticos la pretensi\u00f3n de desarticular a la organizaci\u00f3n popular en todos sus sentidos y niveles. Todo el trabajo de organizaci\u00f3n comunitaria y socio productiva alcanzado, el desconocimiento y desfinanciamiento de pol\u00edticas y programas fundamentales para nuestro sector que fundamentalmente eran\u00a0 pol\u00edticas de reconocimiento al trabajo informal y que buscaban salir del asistencialismo a la vez de ir construyendo mayores condiciones de dignidad para nuestro pueblo. Se han cortado violentamente la entrega de\u00a0alimentos\u00a0para la red de merenderos-comedores comunitarios, se ha intervenido y paralizado el desarrollo del programa de reconocimiento y fortalecimiento a la econom\u00eda popular que ten\u00eda su fuerte en el acceso al salario social complementario y otros recursos para las unidades de trabajo (Potenciar Trabajo) corriendo a las organizaciones de la gesti\u00f3n articulada con el Estado con la intenci\u00f3n de hacerlo desaparecer en el lapso de dos a\u00f1os\u201d, explica Donato. Con el recorte de programas o la suspensi\u00f3n de los mismos, alcanza para hacer una lista a\u00fan m\u00e1s extensa a la que relata el referente social.\u00a0MDZ\u00a0inform\u00f3 hace tiempo que en Mendoza, el Programa Hogar contin\u00faa suspendido y las becas Progresar no se actualizan desde 2023, solo por citar dos ejemplos.<\/p>\n<p>Cuando el esc\u00e1ndalo protagonizado por Capital Humano explot\u00f3 por los aires, la provincia ocup\u00f3 un lugar de relevancia por dos motivos: la indignaci\u00f3n por la noticia sobre la venta de alimentos destinados a merenderos que algunos vivos aprovecharon en un contexto de desconcierto total y el rol de la fundaci\u00f3n Conin en el reparto de los recursos. En este sentido, Donato afirma que la intenci\u00f3n del Ejecutivo nacional es \u201cdesaparecer el Estado que trabaja para el bienestar general de la poblaci\u00f3n y establecer un Estado m\u00ednimo con funciones policiales que trabaje exclusivamente para el sector m\u00e1s peque\u00f1o y poderoso que concentra el manejo de la econom\u00eda del conjunto de la sociedad. Conin desconoci\u00f3 desde el vamos la red de aproximadamente 500 merenderos-comedores que organizamos desde la UTEP en la provincia. Nos tuvimos que movilizar a sus sedes para abrir un canal de di\u00e1logo gesti\u00f3n por el acceso de nuestros espacios a la leche que les iba a llegar y distribuir. Y no cumplieron con su palabra de avisar en tiempo y forma para poder entregar la documentaci\u00f3n que solicitaban. Comenzaron la distribuci\u00f3n de la leche de manera apresurada y dieron mucha cantidad a pocos espacios generando que algunas personas a las que les llegaba gran cantidad vendieran una parte y que muchos merenderos- comedores se quedaran sin una caja de leche\u201d.<\/p>\n<p>No es ninguna novedad que los movimientos sociales han estado durante los \u00faltimos a\u00f1os en el ojo de la tormenta. Y como ocurre en otros sectores como los de la salud, la educaci\u00f3n, la fuerza policial, el periodismo, el financiero o el deportivo, la mayor\u00eda de las personas realizan su trabajo honestamente y, frecuentemente, otros utilizan ciertas vulnerabilidades para hacer negocios. Esas situaciones han sido utilizadas para provocar una mirada generalizada sobre el rol de este tipo de estructuras en la sociedad. \u201cLo que vieron como primera trinchera o \u00faltima del campo popular para resistir esta pol\u00edtica de entrega y hambre somos nosotros; por eso semejante sa\u00f1a, ya que la dimensi\u00f3n de los recursos econ\u00f3micos directos que se discuten no son definitorios para la econom\u00eda general del pa\u00eds; en cambio s\u00ed lo son los sentidos de lo que discutimos. Para que no explote el pa\u00eds desde sus bases tendr\u00e1 que recurrir a pol\u00edticas que mitiguen el da\u00f1o que ya est\u00e1 haciendo y que seguramente se profundizar\u00e1 en el tiempo que viene. La droga y la virulencia con la que las pr\u00e1cticas narco y de consumo vienen escalando en las barriadas es un claro indicador de que de no tener pol\u00edticas integrales y recursos a medida para abordar de manera estructural las problem\u00e1ticas de la pobreza estructural no habr\u00e1 medidas mitigadoras que tarde o temprano vayan a contener el desmadre socio-econ\u00f3mico que esta cuarta ola neoliberal va a producir\u201d, cierra el referente de UTEP.<\/p>\n<h6>Fuente: MDZ<\/h6>\n","protected":false},"excerpt":{"rendered":"<p>Afirman que, por la recesi\u00f3n, cada vez cierran m\u00e1s comedores y merenderos en la provincia. La pol\u00e9mica por Pettovello y el avance de la droga en las barriadas.<\/p>\n","protected":false},"author":2,"featured_media":148656,"comment_status":"closed","ping_status":"closed","sticky":false,"template":"","format":"standard","meta":{"footnotes":""},"categories":[2],"tags":[31],"class_list":["post-148655","post","type-post","status-publish","format-standard","has-post-thumbnail","hentry","category-informe-municipal","tag-mendoza"],"_links":{"self":[{"href":"http:\/\/argentinamunicipal.com.ar\/argentina\/wp-json\/wp\/v2\/posts\/148655","targetHints":{"allow":["GET"]}}],"collection":[{"href":"http:\/\/argentinamunicipal.com.ar\/argentina\/wp-json\/wp\/v2\/posts"}],"about":[{"href":"http:\/\/argentinamunicipal.com.ar\/argentina\/wp-json\/wp\/v2\/types\/post"}],"author":[{"embeddable":true,"href":"http:\/\/argentinamunicipal.com.ar\/argentina\/wp-json\/wp\/v2\/users\/2"}],"replies":[{"embeddable":true,"href":"http:\/\/argentinamunicipal.com.ar\/argentina\/wp-json\/wp\/v2\/comments?post=148655"}],"version-history":[{"count":0,"href":"http:\/\/argentinamunicipal.com.ar\/argentina\/wp-json\/wp\/v2\/posts\/148655\/revisions"}],"wp:featuredmedia":[{"embeddable":true,"href":"http:\/\/argentinamunicipal.com.ar\/argentina\/wp-json\/wp\/v2\/media\/148656"}],"wp:attachment":[{"href":"http:\/\/argentinamunicipal.com.ar\/argentina\/wp-json\/wp\/v2\/media?parent=148655"}],"wp:term":[{"taxonomy":"category","embeddable":true,"href":"http:\/\/argentinamunicipal.com.ar\/argentina\/wp-json\/wp\/v2\/categories?post=148655"},{"taxonomy":"post_tag","embeddable":true,"href":"http:\/\/argentinamunicipal.com.ar\/argentina\/wp-json\/wp\/v2\/tags?post=148655"}],"curies":[{"name":"wp","href":"https:\/\/api.w.org\/{rel}","templated":true}]}}