{"id":148700,"date":"2024-07-25T05:43:55","date_gmt":"2024-07-25T08:43:55","guid":{"rendered":"http:\/\/argentinamunicipal.com.ar\/argentina\/?p=148700"},"modified":"2024-07-24T19:01:41","modified_gmt":"2024-07-24T22:01:41","slug":"lula-presento-la-alianza-global-contra-el-hambre-en-una-reunion-del-g2o","status":"publish","type":"post","link":"http:\/\/argentinamunicipal.com.ar\/argentina\/lula-presento-la-alianza-global-contra-el-hambre-en-una-reunion-del-g2o\/","title":{"rendered":"Lula present\u00f3 la \u00abAlianza Global contra el Hambre\u00bb en una reuni\u00f3n del G2O"},"content":{"rendered":"<p>El nuevo mecanismo, que ser\u00e1 oficialmente lanzado en noviembre, est\u00e1 abierto a todos los pa\u00edses. Brasil propone financiarlo, en parte, con un impuesto mundial a las grandes fortunas.<\/p>\n<p>El presidente brasile\u00f1o, Luiz In\u00e1cio Lula da Silva, llam\u00f3 este mi\u00e9rcoles a los gobiernos del mundo a \u00abactuar juntos\u00bb y adoptar \u00absoluciones duraderas\u00bb contra el hambre, una tragedia \u00abinaceptable\u00bb en el mundo moderno. Lula anunci\u00f3 en R\u00edo de Janeiro la creaci\u00f3n de la Alianza contra el Hambre y la Pobreza, abierta a todos los pa\u00edses y a la que propone financiar con un impuesto a las grandes fortunas. El nuevo mecanismo, que ser\u00e1 oficialmente lanzado en noviembre, es una prioridad de la presidencia brasile\u00f1a del G-20, cuyos ministros de Finanzas se re\u00fanen este jueves y viernes en R\u00edo.<\/p>\n<p><strong>\u00abEl hambre es un atentado a la vida\u00bb<\/strong><br \/>\n\u00abNing\u00fan asunto es m\u00e1s actual y desafiante para la humanidad.\u00a0El hambre es la m\u00e1s degradante de las privaciones humanas, un atentado a la vida y una agresi\u00f3n a la libertad\u00bb, afirm\u00f3\u00a0Lula\u00a0en una reuni\u00f3n de ministros de Desarrollo del G20, en R\u00edo de Janeiro. Los documentos constitutivos de la Alianza contra el Hambre fueron aprobados por unanimidad en la reuni\u00f3n ministerial del foro que agrupa a las mayores econom\u00edas del mundo, por lo que desde ahora cualquier pa\u00eds interesado en participar puede unirse.<\/p>\n<p>La alianza empezar\u00e1 a operar oficialmente, ya con sus miembros fundadores y sus diferentes proyectos, en la cumbre que el G20 tendr\u00e1 en noviembre pr\u00f3ximo en R\u00edo, cuando concluye la presidencia temporal del foro actualmente ejercida por Brasil. La idea es que cada pa\u00eds dise\u00f1e su propio plan y defina sus metas de combate al hambre y la pobreza, y que la alianza ayude a cumplirlas tanto con aportes financieros como de experiencias y tecnolog\u00edas.<\/p>\n<p>Lula dijo que esta alianza funcionar\u00e1 hasta 2030, plazo que tienen los pa\u00edses para cumplir el Objetivo de Desarrollo Sustentable (ODS) de erradicar el hambre, y que tendr\u00e1 una estructura peque\u00f1a y eficiente con la mitad de sus gastos costeados por Brasil. El l\u00edder progresista destac\u00f3 la importancia de volver a colocar el hambre en el centro de la agenda internacional y lament\u00f3 que se trate de un problema persistente, que atribuy\u00f3 a la falta de voluntad pol\u00edtica.<\/p>\n<p>\u00abLos gobernantes tienen que tener en cuenta a los excluidos porque no es posible que casi en la mitad del siglo XXI, cuando estamos discutiendo la inteligencia artificial, a\u00fan estemos obligados a promover una discusi\u00f3n para decirles a los dirigentes que cuiden de los pobres\u00bb, afirm\u00f3\u00a0Lula, quien insisti\u00f3: \u00abEl hambre no es resultado tan solo de factores externos. Es consecuencia, sobre todo, de decisiones pol\u00edticas. Hoy el mundo produce alimentos m\u00e1s que suficientes para erradicarla. Lo que falta es crear las condiciones para ofrecer acceso a los alimentos\u00bb.<\/p>\n<p>Seg\u00fan el presidente brasile\u00f1o, visiblemente emocionado durante su discurso, los gobernantes y las personas con poder de decisi\u00f3n tienen que comprender que el hambre \u00abno es algo natural\u00bb y que su combate exige decisi\u00f3n pol\u00edtica. \u00abMucho dinero en la mano de pocos simboliza miseria, prostituci\u00f3n y hambre. Por el contrario, poco dinero en la mano de muchos significa prosperidad, decencia y dignidad para todos\u00bb, afirm\u00f3.<\/p>\n<p><strong>733 millones de personas con hambre<\/strong><\/p>\n<p>Lula dijo que participar en una reuni\u00f3n internacional para lanzar una iniciativa brasile\u00f1a para erradicar el hambre es uno de los momentos m\u00e1s importantes en los 18 meses de su tercer mandato. El l\u00edder de izquierda calific\u00f3 como \u00abaterradores\u00bb los datos divulgados este mi\u00e9rcoles por la\u00a0ONU\u00a0en R\u00edo de Janeiro y seg\u00fan los cuales\u00a0los niveles de hambre se mantuvieron preocupantemente altos en 2023 por tercer a\u00f1o consecutivo, con unas 733 millones de personas subalimentadas de forma cr\u00f3nica en todo el mundo.<\/p>\n<p>Se trata de m\u00e1s de un nueve por ciento de la poblaci\u00f3n mundial, debido a la persistencia de las guerras y de las dificultades econ\u00f3micas y el cambio clim\u00e1tico. En ese sentido Lula destac\u00f3 los resultados de las pol\u00edticas sociales de su gobierno, que permitieron reducir en un 85 por ciento el n\u00famero de brasile\u00f1os en situaci\u00f3n de inseguridad alimentaria, y afirm\u00f3 que\u00a0Brasil volver\u00e1 a ser excluido del llamado Mapa del Hambre antes del final de su tercer mandato, en diciembre de 2026.<\/p>\n<p>En un mensaje de video exhibido en R\u00edo durante la presentaci\u00f3n del informe, el secretario general de la ONU, Antonio Guterres, destac\u00f3: \u00abEl hambre no tiene lugar en el siglo XXI. Un mundo con hambre cero no s\u00f3lo es necesario: con acciones financieras es alcanzable. Podemos resolver esta crisis\u00bb. Erradicar la pobreza extrema y el hambre de aqu\u00ed a 2030 es parte de los Objetivos de Desarrollo Sostenible adoptados por los Estados miembros de la ONU en 2015.<\/p>\n<p><strong>Impuesto a los s\u00faper ricos<\/strong><br \/>\nDespu\u00e9s de una primera reuni\u00f3n en San Pablo en febrero, los ministros de Finanzas del G20 tambi\u00e9n deben intentar avanzar en la idea de crear un impuesto a las grandes fortunas, otra prioridad del gobierno brasile\u00f1o.\u00a0\u00abLos s\u00faper ricos pagan proporcionalmente mucho menos impuestos que la clase trabajadora\u00bb, advirti\u00f3\u00a0Lula\u00a0en su discurso este mi\u00e9rcoles, y pidi\u00f3 \u00abcorregir esa anomal\u00eda\u00bb.<\/p>\n<p>\u00abBrasil viene insistiendo en el tema de la cooperaci\u00f3n internacional para desarrollar est\u00e1ndares m\u00ednimos de tributaci\u00f3n global, fortaleciendo las iniciativas existentes e incluyendo a los multimillonarios\u00bb, dijo el mandatario progresista. Apoyada por Francia, Espa\u00f1a, Sud\u00e1frica, Colombia y la Uni\u00f3n Africana, la iniciativa pretende gravar los patrimonios m\u00e1s altos tomando como base el trabajo del experto en desigualdad franc\u00e9s Gabriel Zucman, quien en junio realiz\u00f3 un informe a pedido de Brasil.<\/p>\n<p>Zucman concluy\u00f3 que si los billonarios pagaran el equivalente a un dos por ciento de sus riquezas en impuestos ser\u00eda posible recaudar anualmente entre 200 mil y 250 mil millones de d\u00f3lares. Seg\u00fan el ministro brasile\u00f1o de Hacienda, Fernando Haddad, ese monto es casi cinco veces superior al que los 10 mayores bancos multilaterales destinaron en 2022 a proyectos de combate contra el hambre y la pobreza.<\/p>\n<p>Haddad dijo que es necesario aumentar significativamente los recursos\u00a0para erradicar el hambre hasta 2030, as\u00ed como buscar fuentes innovadoras para financiar esos proyectos, como \u00abasociaciones con el sector privado y la reforma de los bancos multilaterales\u00bb. En su intervenci\u00f3n en la reuni\u00f3n ministerial del G20 en la que fue lanzada la Alianza contra el Hambre, el ministro plante\u00f3 que otra forma de movilizar recursos contra el hambre es obligando a \u00ablos ultra ricos a pagar su justa contribuci\u00f3n en impuestos\u00bb.<\/p>\n<p>\u00abLas negociaciones est\u00e1n yendo bastante bien\u00bb, asegur\u00f3 Tatiana Rosito, secretaria de Asuntos Internacionales del ministerio de Hacienda. Pero \u00abtal como est\u00e1n las cosas, no hay consenso\u00bb, estim\u00f3 un funcionario del ministerio alem\u00e1n de Finanzas. Estados Unidos se opone a las negociaciones internacionales sobre el tema, como record\u00f3 la secretaria del Tesoro, Janet Yellen, durante una reuni\u00f3n del G7 de Finanzas en Italia en mayo.<\/p>\n<p>Debido a las divisiones entre los pa\u00edses occidentales y Rusia desde el inicio de la guerra en Ucrania, a fines de febrero de 2022, la cuesti\u00f3n de una declaraci\u00f3n conjunta en las reuniones del G20 se torna espinosa. De acuerdo con Brasilia, las cuestiones geopol\u00edticas no entrar\u00e1n en el comunicado final previsto para el viernes por la noche, sino que ser\u00e1n mencionadas en un comunicado separado emitido por la presidencia brasile\u00f1a.<\/p>\n<h6>Fuente: P\u00e1gina 12<\/h6>\n","protected":false},"excerpt":{"rendered":"<p>El nuevo mecanismo, que ser\u00e1 oficialmente lanzado en noviembre, est\u00e1 abierto a todos los pa\u00edses. Brasil propone financiarlo, en parte, con un impuesto mundial a las grandes fortunas.<\/p>\n","protected":false},"author":2,"featured_media":148701,"comment_status":"closed","ping_status":"closed","sticky":false,"template":"","format":"standard","meta":{"footnotes":""},"categories":[22],"tags":[57],"class_list":["post-148700","post","type-post","status-publish","format-standard","has-post-thumbnail","hentry","category-el-mundo","tag-el-mundo"],"_links":{"self":[{"href":"http:\/\/argentinamunicipal.com.ar\/argentina\/wp-json\/wp\/v2\/posts\/148700","targetHints":{"allow":["GET"]}}],"collection":[{"href":"http:\/\/argentinamunicipal.com.ar\/argentina\/wp-json\/wp\/v2\/posts"}],"about":[{"href":"http:\/\/argentinamunicipal.com.ar\/argentina\/wp-json\/wp\/v2\/types\/post"}],"author":[{"embeddable":true,"href":"http:\/\/argentinamunicipal.com.ar\/argentina\/wp-json\/wp\/v2\/users\/2"}],"replies":[{"embeddable":true,"href":"http:\/\/argentinamunicipal.com.ar\/argentina\/wp-json\/wp\/v2\/comments?post=148700"}],"version-history":[{"count":0,"href":"http:\/\/argentinamunicipal.com.ar\/argentina\/wp-json\/wp\/v2\/posts\/148700\/revisions"}],"wp:featuredmedia":[{"embeddable":true,"href":"http:\/\/argentinamunicipal.com.ar\/argentina\/wp-json\/wp\/v2\/media\/148701"}],"wp:attachment":[{"href":"http:\/\/argentinamunicipal.com.ar\/argentina\/wp-json\/wp\/v2\/media?parent=148700"}],"wp:term":[{"taxonomy":"category","embeddable":true,"href":"http:\/\/argentinamunicipal.com.ar\/argentina\/wp-json\/wp\/v2\/categories?post=148700"},{"taxonomy":"post_tag","embeddable":true,"href":"http:\/\/argentinamunicipal.com.ar\/argentina\/wp-json\/wp\/v2\/tags?post=148700"}],"curies":[{"name":"wp","href":"https:\/\/api.w.org\/{rel}","templated":true}]}}