{"id":148863,"date":"2024-08-01T05:45:34","date_gmt":"2024-08-01T08:45:34","guid":{"rendered":"http:\/\/argentinamunicipal.com.ar\/argentina\/?p=148863"},"modified":"2024-07-31T18:46:40","modified_gmt":"2024-07-31T21:46:40","slug":"el-area-metropolitana-de-santa-fe-tiene-568-259-habitantes-cuantos-viven-en-casa-propia","status":"publish","type":"post","link":"http:\/\/argentinamunicipal.com.ar\/argentina\/el-area-metropolitana-de-santa-fe-tiene-568-259-habitantes-cuantos-viven-en-casa-propia\/","title":{"rendered":"El \u00e1rea metropolitana de Santa Fe tiene 568.259 habitantes: cu\u00e1ntos viven en casa propia"},"content":{"rendered":"<p>El Indec difundi\u00f3 recientemente datos respecto a la cantidad de personas que viven en la provincia y las condiciones de propiedad.<\/p>\n<p>A trav\u00e9s de los portales oficiales del gobierno, el Instituto Nacional de Estad\u00edstica y Censos (Indec) present\u00f3 el viernes 12 de julio los datos del Censo Nacional de Poblaci\u00f3n, Hogares y Viviendas 2022 de viviendas particulares y poblaci\u00f3n en viviendas particulares por gobiernos locales.<\/p>\n<p>El organismo public\u00f3 un desagregado con n\u00fameros oficiales respecto a la cantidad de habitantes de cada provincia y las caracter\u00edsticas de habitabilidad de cada distrito. En la categor\u00eda \u201cPoblaci\u00f3n en viviendas particulares\u201d,\u00a0el Indec confirm\u00f3 que en la \u201cbota\u201d viven 3.519.059.<\/p>\n<p>De ese total, el departamento La Capital, es decir el \u00e1rea metropolitana de la ciudad de Santa Fe junto a localidades como Santo Tom\u00e9, Recreo, San Jos\u00e9 del Rinc\u00f3n, Laguna Paiva, Monte Vera, Sauce Viejo, y otras comunas; habitan 568.259 ciudadanos.<\/p>\n<p>Un dato importante a la hora de analizar las condiciones de habitabilidad en la regi\u00f3n surge a partir de la secci\u00f3n \u201cR\u00e9gimen de tenencia y regularidad de la propiedad para la vivienda propia\u201d. En este punto,\u00a0389.564 ciudadanos respondieron el Censo que tienen Casa Propia.<\/p>\n<p>De ese n\u00famero, 246.083 tienen escritura; 70.317 poseen boleto de compra &#8211; venta; y otros 30.648 tienen alguna otra documentaci\u00f3n (el informe no especifica cu\u00e1l). Finalmente, 42.516 no tiene un papel respaldatorio que acredite la tenencia.<\/p>\n<p><strong>Si de alquiler se trata<\/strong><br \/>\nAl mismo tiempo, el detallado reporte del Indec arroja los datos vinculados a las personas que no son propietarias del inmueble donde habitan.<\/p>\n<p>A nivel provincial, 631.914 ciudadanos alquilan una vivienda; otros 50.372 recibieron un lugar para vivir por parte de su empleador; en tanto, 211.537 habitan una casa prestada y 223.110 respondieron \u201cotra situaci\u00f3n\u201d (el informe no aclara cu\u00e1les).<\/p>\n<p>En el departamento La Capital, 101.112 contestaron el censo positivamente como inquilinos; mientras que 3.473 hicieron lo propio en la categor\u00eda \u201ccedida por trabajo\u201d. En simult\u00e1neo, 32.907 adujeron vivir en una vivienda prestada y otros 41.203 en \u201cotra situaci\u00f3n\u201d.<\/p>\n<p><strong>Qu\u00e9 pasa en Rosario<\/strong><br \/>\nEl departamento Rosario es el m\u00e1s poblado de la provincia con 1.337.958, seg\u00fan los datos que divulg\u00f3 Indec a fines de julio. De ese n\u00famero global, 890.342 respondieron que viven en casa propia: 543.314 tienen escritura; 167.248 poseen boleto compra &#8211; venta; 68.135 otra documentaci\u00f3n (el informe no especifica cu\u00e1l); y 111.645 contestaron que no poseen documentaci\u00f3n respaldatoria.<\/p>\n<p>Con respecto a inquilinos, en el departamento del sur santafesino 261.002 contestaron que viven en una vivienda alquilada; 6.496 en una casa cedida por el empleador; otros 81.139 en un inmueble prestado; y por \u00faltimo, 98.979 en otra situaci\u00f3n que no se aclar\u00f3 en la planilla de datos.<\/p>\n<p><strong>Total pa\u00eds<\/strong><br \/>\nAl analizar estos mismos datos a nivel pa\u00eds, surgen las siguientes conclusiones: 45.618.787 personas habitan en viviendas particulares. \u201cSe excluye a las personas que viven en situaci\u00f3n de calle\u201d, aclara el informe del Indec.<\/p>\n<p>De ese total, 31.412.314 ciudadanos viven en casa propia: 18.230.444 poseen la escritura de la propiedad; 5.095.729 guardan el boleto compra &#8211; venta; 4.004.865 tienen otra documentaci\u00f3n respaldatoria, (el reporte no indica cu\u00e1l) y 4.081.276 no poseen papeles.<\/p>\n<p>En tanto, 7.925.280 contestaron que viven en una casa alquilada; 590.999 lo hacen en una vivienda cedida por el empleador; 2.918.408 habitan un hogar prestado; y 2.771.786 en otra situaci\u00f3n.<\/p>\n<p><strong>El censo<\/strong><br \/>\nPor primera vez en Argentina, el Censo se pudo hacer de forma digital. Como se recordar\u00e1, estuvo disponible entre el 16 de marzo y el 18 de mayo del 2022. Con esta herramienta, la poblaci\u00f3n pudo completar el cuestionario censal en l\u00ednea en forma anticipada\u202fdesde cualquier dispositivo electr\u00f3nico con acceso a internet (computadora, tableta o celular).<\/p>\n<p>\u00abEsta metodolog\u00eda, que se utiliz\u00f3 por primera vez para responder el Censo Nacional de Poblaci\u00f3n, Hogares y Viviendas en la Argentina, permiti\u00f3 ahorrar tiempo a la poblaci\u00f3n y a quienes censaron\u201d, explicaron desde el Indec.<\/p>\n<h6>Fuente: El Litoral<\/h6>\n","protected":false},"excerpt":{"rendered":"<p>El Indec difundi\u00f3 recientemente datos respecto a la cantidad de personas que viven en la provincia y las condiciones de propiedad.<\/p>\n","protected":false},"author":2,"featured_media":148864,"comment_status":"closed","ping_status":"closed","sticky":false,"template":"","format":"standard","meta":{"footnotes":""},"categories":[2],"tags":[10],"class_list":["post-148863","post","type-post","status-publish","format-standard","has-post-thumbnail","hentry","category-informe-municipal","tag-santa-fe"],"_links":{"self":[{"href":"http:\/\/argentinamunicipal.com.ar\/argentina\/wp-json\/wp\/v2\/posts\/148863","targetHints":{"allow":["GET"]}}],"collection":[{"href":"http:\/\/argentinamunicipal.com.ar\/argentina\/wp-json\/wp\/v2\/posts"}],"about":[{"href":"http:\/\/argentinamunicipal.com.ar\/argentina\/wp-json\/wp\/v2\/types\/post"}],"author":[{"embeddable":true,"href":"http:\/\/argentinamunicipal.com.ar\/argentina\/wp-json\/wp\/v2\/users\/2"}],"replies":[{"embeddable":true,"href":"http:\/\/argentinamunicipal.com.ar\/argentina\/wp-json\/wp\/v2\/comments?post=148863"}],"version-history":[{"count":0,"href":"http:\/\/argentinamunicipal.com.ar\/argentina\/wp-json\/wp\/v2\/posts\/148863\/revisions"}],"wp:featuredmedia":[{"embeddable":true,"href":"http:\/\/argentinamunicipal.com.ar\/argentina\/wp-json\/wp\/v2\/media\/148864"}],"wp:attachment":[{"href":"http:\/\/argentinamunicipal.com.ar\/argentina\/wp-json\/wp\/v2\/media?parent=148863"}],"wp:term":[{"taxonomy":"category","embeddable":true,"href":"http:\/\/argentinamunicipal.com.ar\/argentina\/wp-json\/wp\/v2\/categories?post=148863"},{"taxonomy":"post_tag","embeddable":true,"href":"http:\/\/argentinamunicipal.com.ar\/argentina\/wp-json\/wp\/v2\/tags?post=148863"}],"curies":[{"name":"wp","href":"https:\/\/api.w.org\/{rel}","templated":true}]}}