{"id":148882,"date":"2024-08-05T05:04:57","date_gmt":"2024-08-05T08:04:57","guid":{"rendered":"http:\/\/argentinamunicipal.com.ar\/argentina\/?p=148882"},"modified":"2024-07-31T19:07:41","modified_gmt":"2024-07-31T22:07:41","slug":"por-unanimidad-la-universidad-de-rio-cuarto-aprobo-la-emergencia-salarial","status":"publish","type":"post","link":"http:\/\/argentinamunicipal.com.ar\/argentina\/por-unanimidad-la-universidad-de-rio-cuarto-aprobo-la-emergencia-salarial\/","title":{"rendered":"Por unanimidad, la Universidad de R\u00edo Cuarto aprob\u00f3 la emergencia salarial"},"content":{"rendered":"<p>La medida fue tomada por el Consejo Directivo de la casa de altos estudios. Los argumentos esgrimidos giraron en torno de que \u201cm\u00e1s de la mitad de la planta de trabajadores est\u00e1 con salarios por debajo de la l\u00ednea de pobreza y salarios de indigencia\u201d.<\/p>\n<p>La rectora Marisa Rovera asegur\u00f3 que la p\u00e9rdida del poder adquisitivo es m\u00e1s del 40%. Foto: gentileza Radio UNRC<br \/>\nEn una reuni\u00f3n desarrollada este martes por la tarde, el Consejo Superior de la Universidad Nacional de R\u00edo Cuarto (UNRC) aprob\u00f3 por unanimidad la emergencia salarial y la elev\u00f3 al Consejo Interuniversitario Nacional (CIN).<\/p>\n<p>La reuni\u00f3n fue encabezada por la rectora Rovera, quien estuvo acompa\u00f1ada por la vicerrectora, Nora Bianconi, y por el secretario general de la UNRC, Jorge Miguel; seg\u00fan repasa el diario Puntal.<\/p>\n<p>En ese marco, la rectora Marisa Rovera asegur\u00f3 que la p\u00e9rdida del poder adquisitivo es m\u00e1s del 40%. Paralelamente, los argumentos esgrimidos giraron en torno de que \u201cm\u00e1s de la mitad de la planta de trabajadores est\u00e1 con salarios por debajo de la l\u00ednea de pobreza y salarios de indigencia\u201d.<\/p>\n<p>El planteo original parti\u00f3 de los gremios docente y no docente, AGD y Aturc respectivamente, en respuesta a los magros salarios del personal.<\/p>\n<p>Cabe recordar que previamente, ya las universidades nacionales de C\u00f3rdoba y Villa Mar\u00eda hab\u00edan declarado la emergencia salarial.<\/p>\n<p>El Consejo Directivo decidi\u00f3 tambi\u00e9n elevar la misma la emergencia salarial al CIN, que es el \u00e1mbito que re\u00fane a todos los rectores de las universidades nacionales del pa\u00eds.<\/p>\n<p>Cabe recordar que d\u00edas atr\u00e1s, docentes de la casa de altos estudios riocuartense hab\u00edan adelantado que, ante la emergencia salarial, no dar\u00edan inicio al segundo cuatrimestre educativo.<\/p>\n<h6>Fuente: La Nueva Ma\u00f1ana<\/h6>\n","protected":false},"excerpt":{"rendered":"<p>La medida fue tomada por el Consejo Directivo de la casa de altos estudios. Los argumentos esgrimidos giraron en torno de que \u201cm\u00e1s de la mitad de la planta de trabajadores est\u00e1 con salarios por debajo de la l\u00ednea de pobreza y salarios de indigencia\u201d.<\/p>\n","protected":false},"author":2,"featured_media":148883,"comment_status":"closed","ping_status":"closed","sticky":false,"template":"","format":"standard","meta":{"footnotes":""},"categories":[4],"tags":[3],"class_list":["post-148882","post","type-post","status-publish","format-standard","has-post-thumbnail","hentry","category-informe-politico","tag-cordoba"],"_links":{"self":[{"href":"http:\/\/argentinamunicipal.com.ar\/argentina\/wp-json\/wp\/v2\/posts\/148882","targetHints":{"allow":["GET"]}}],"collection":[{"href":"http:\/\/argentinamunicipal.com.ar\/argentina\/wp-json\/wp\/v2\/posts"}],"about":[{"href":"http:\/\/argentinamunicipal.com.ar\/argentina\/wp-json\/wp\/v2\/types\/post"}],"author":[{"embeddable":true,"href":"http:\/\/argentinamunicipal.com.ar\/argentina\/wp-json\/wp\/v2\/users\/2"}],"replies":[{"embeddable":true,"href":"http:\/\/argentinamunicipal.com.ar\/argentina\/wp-json\/wp\/v2\/comments?post=148882"}],"version-history":[{"count":0,"href":"http:\/\/argentinamunicipal.com.ar\/argentina\/wp-json\/wp\/v2\/posts\/148882\/revisions"}],"wp:featuredmedia":[{"embeddable":true,"href":"http:\/\/argentinamunicipal.com.ar\/argentina\/wp-json\/wp\/v2\/media\/148883"}],"wp:attachment":[{"href":"http:\/\/argentinamunicipal.com.ar\/argentina\/wp-json\/wp\/v2\/media?parent=148882"}],"wp:term":[{"taxonomy":"category","embeddable":true,"href":"http:\/\/argentinamunicipal.com.ar\/argentina\/wp-json\/wp\/v2\/categories?post=148882"},{"taxonomy":"post_tag","embeddable":true,"href":"http:\/\/argentinamunicipal.com.ar\/argentina\/wp-json\/wp\/v2\/tags?post=148882"}],"curies":[{"name":"wp","href":"https:\/\/api.w.org\/{rel}","templated":true}]}}