{"id":148907,"date":"2024-08-02T05:49:59","date_gmt":"2024-08-02T08:49:59","guid":{"rendered":"http:\/\/argentinamunicipal.com.ar\/argentina\/?p=148907"},"modified":"2024-08-01T18:54:42","modified_gmt":"2024-08-01T21:54:42","slug":"vendedores-ambulantes-un-termometro-social-que-muestra-el-auge-del-mercado-laboral-informal-en-santa-fe","status":"publish","type":"post","link":"http:\/\/argentinamunicipal.com.ar\/argentina\/vendedores-ambulantes-un-termometro-social-que-muestra-el-auge-del-mercado-laboral-informal-en-santa-fe\/","title":{"rendered":"Vendedores ambulantes: un term\u00f3metro social que muestra el auge del mercado laboral informal en Santa Fe"},"content":{"rendered":"<p>Est\u00e1n en las esquinas m\u00e1s tradicionales y transitadas de la ciudad. En el centro y en las afueras y los rubros son variados. Los datos de pobreza e indigencia para el Gran Santa Fe, clave en el \u201cboom\u201d del oficio.<\/p>\n<p>Cuando uno transita por la ciudad de Santa Fe suele encontrarse con vendedores ambulantes que ofrecen todo lo que uno se puede imaginar -cubanitos, flores, frutas, verduras, lentes, indumentaria y m\u00e1s-. La realidad en esta situaci\u00f3n es que la actividad informal crece como respuesta a las necesidades de muchas familias en el marco de una econom\u00eda nacional que golpea la realidad de sus habitantes.<\/p>\n<p>En el Gran Santa Fe, seg\u00fan los datos que arroj\u00f3 el Instituto Nacional de Estad\u00edstica y Censos (INDEC) sobre el segundo semestre del 2023, se estima que el 49% de la poblaci\u00f3n -268.036 personas- se ubica por debajo de la l\u00ednea de pobreza. A su vez, dentro del porcentaje total de habitantes, un poco m\u00e1s del 15% -83.884 ciudadanos- est\u00e1 calificado como indigente.<\/p>\n<p>En relaci\u00f3n al auge de la actividad informal, El Litoral dialog\u00f3 con algunos vendedores ambulantes para conocer cu\u00e1l es la situaci\u00f3n de aquellos que recorren la ciudad en busca de generar una moneda extra para llevar a la casa.<\/p>\n<p><strong>\u00abAmbulante de experiencia\u00bb<\/strong><br \/>\nArgentino, uno de los comerciantes que accedi\u00f3 a conversar con una gran predisposici\u00f3n, se define como un \u201cambulante de experiencia\u201d. Con 71 a\u00f1os de vida, y m\u00e1s de 4 d\u00e9cadas de trabajo, todos los d\u00edas camina junto a su carrito -que lo cataloga como su \u201camigo fiel\u201d- por el barrio Constituyentes.<\/p>\n<p>Por lo que le coment\u00f3 a El Litoral, la esquina del sanatorio Americano, de C\u00e1ndido Pujato y 4 de Enero, es uno de sus puntos m\u00e1s fuertes de trabajo. El vendedor a\u00f1adi\u00f3 que\u00a0\u201csiempre est\u00e1 mi clientela de confianza, pero mucha gente prefiere comprar en el supermercado en vez de ayudarnos a nosotros\u201d.<\/p>\n<p>En sinton\u00eda a la realidad econ\u00f3mica que se vive en el pa\u00eds, Argentino aclar\u00f3 que\u00a0\u201cla situaci\u00f3n est\u00e1 muy complicada\u201d\u00a0para todos los vendedores ambulantes de la ciudad de Santa Fe. En su caso, no cede ante el mal panorama de venta ya que con su pensi\u00f3n no le alcanza para cubrir las necesidades b\u00e1sicas de su familia -vive con sus 7 hijos-.<\/p>\n<p><strong>Siempre a la par<\/strong><br \/>\nLa intersecci\u00f3n de Pedro Vittori y Pedro Zenteno fue otra de las ubicaciones donde El Litoral pudo dialogar con dos comerciantes de la venta informal. En esta esquina, desde hace m\u00e1s de 4 a\u00f1os, coinciden Ezequiel y Ram\u00f3n, los \u201chermanos ambulantes\u201d de la zona.<\/p>\n<p>Cada uno comercializa distintos productos, pero lo que caracteriza a ambos es el respeto ante los automovilistas que circulan por la zona.<\/p>\n<p>Ezequiel, que est\u00e1 hace 12 a\u00f1os en la actividad informal, se acerca a su ubicaci\u00f3n todas las ma\u00f1anas -alrededor de las 7 hs- con la ilusi\u00f3n de vender los cubanitos caseros que prepara en su casa, pero no siempre el d\u00eda acompa\u00f1a para que la venta \u201cvuele\u201d. El vendedor ambulante coment\u00f3 que\u00a0\u201cmuchas veces tardo 2 d\u00edas en vender todos los que prepar\u00e9\u201d.<\/p>\n<p>Adem\u00e1s, durante el verano Ezequiel se encarga de cortar el c\u00e9sped en varias casas de la ciudad, y as\u00ed generar alg\u00fan que otro ingreso extra a trav\u00e9s de la \u201cchanga veraniega\u201d. Tambi\u00e9n record\u00f3 que limpiaba vidrios en el barrio Barranquitas, pero la venta ambulante le gusta mucho m\u00e1s.<\/p>\n<p>Ram\u00f3n, la otra persona que se sit\u00faa en la esquina de Vittori y Zenteno, acompa\u00f1a a Ezequiel hace m\u00e1s de cuatro a\u00f1os en la venta informal. \u00c9l comercializa palta, y alguna que otra fruta de estaci\u00f3n.<\/p>\n<p>\u201cUn conocido me provee de los productos, y dividimos las ganancias de las ventas que haga. \u00daltimamente me deja el 40%, y el resto se lo lleva \u00e9l\u201d.<\/p>\n<p>Lamentablemente, esta actividad es la \u00fanica fuente de ingreso para Ram\u00f3n, ya que por su edad no puede ejercer otras tareas que requieran de un desgaste f\u00edsico significativo.\u00a0\u201cSol\u00eda hacer trabajos de pintura y alba\u00f1iler\u00eda, pero mi cuerpo no da m\u00e1s para estas cosas. Por eso me la rebusco con esto para llevar el pan de cada d\u00eda a mi casa\u201d.<\/p>\n<h6>Fuente: El Litoral<\/h6>\n","protected":false},"excerpt":{"rendered":"<p>Est\u00e1n en las esquinas m\u00e1s tradicionales y transitadas de la ciudad. En el centro y en las afueras y los rubros son variados. Los datos de pobreza e indigencia para el Gran Santa Fe, clave en el \u201cboom\u201d del oficio.<\/p>\n","protected":false},"author":2,"featured_media":148908,"comment_status":"closed","ping_status":"closed","sticky":false,"template":"","format":"standard","meta":{"footnotes":""},"categories":[2],"tags":[10],"class_list":["post-148907","post","type-post","status-publish","format-standard","has-post-thumbnail","hentry","category-informe-municipal","tag-santa-fe"],"_links":{"self":[{"href":"http:\/\/argentinamunicipal.com.ar\/argentina\/wp-json\/wp\/v2\/posts\/148907","targetHints":{"allow":["GET"]}}],"collection":[{"href":"http:\/\/argentinamunicipal.com.ar\/argentina\/wp-json\/wp\/v2\/posts"}],"about":[{"href":"http:\/\/argentinamunicipal.com.ar\/argentina\/wp-json\/wp\/v2\/types\/post"}],"author":[{"embeddable":true,"href":"http:\/\/argentinamunicipal.com.ar\/argentina\/wp-json\/wp\/v2\/users\/2"}],"replies":[{"embeddable":true,"href":"http:\/\/argentinamunicipal.com.ar\/argentina\/wp-json\/wp\/v2\/comments?post=148907"}],"version-history":[{"count":0,"href":"http:\/\/argentinamunicipal.com.ar\/argentina\/wp-json\/wp\/v2\/posts\/148907\/revisions"}],"wp:featuredmedia":[{"embeddable":true,"href":"http:\/\/argentinamunicipal.com.ar\/argentina\/wp-json\/wp\/v2\/media\/148908"}],"wp:attachment":[{"href":"http:\/\/argentinamunicipal.com.ar\/argentina\/wp-json\/wp\/v2\/media?parent=148907"}],"wp:term":[{"taxonomy":"category","embeddable":true,"href":"http:\/\/argentinamunicipal.com.ar\/argentina\/wp-json\/wp\/v2\/categories?post=148907"},{"taxonomy":"post_tag","embeddable":true,"href":"http:\/\/argentinamunicipal.com.ar\/argentina\/wp-json\/wp\/v2\/tags?post=148907"}],"curies":[{"name":"wp","href":"https:\/\/api.w.org\/{rel}","templated":true}]}}