{"id":148916,"date":"2024-08-02T05:07:13","date_gmt":"2024-08-02T08:07:13","guid":{"rendered":"http:\/\/argentinamunicipal.com.ar\/argentina\/?p=148916"},"modified":"2024-08-01T19:11:50","modified_gmt":"2024-08-01T22:11:50","slug":"hartos-intendentes-del-interior-del-pais-denuncian-discriminacion-de-la-nacion-en-la-distribucion-de-subsidios-al-transporte","status":"publish","type":"post","link":"http:\/\/argentinamunicipal.com.ar\/argentina\/hartos-intendentes-del-interior-del-pais-denuncian-discriminacion-de-la-nacion-en-la-distribucion-de-subsidios-al-transporte\/","title":{"rendered":"Hartos, intendentes del interior del pa\u00eds denuncian discriminaci\u00f3n de la Naci\u00f3n en la distribuci\u00f3n de subsidios al transporte"},"content":{"rendered":"<p>Se quejan porque hay \u201cs\u00f3lo subsidios al transporte en AMBA\u201d y dicen que es una \u201cinjusticia\u201d. Lo firma el intendente de Santa Fe, Juan Pablo Poletti. Los fondos sirven para sostener el servicio de colectivos urbanos.<\/p>\n<p>Los intendentes de las ciudades del interior del pa\u00eds, entre los que se encuentra el mandatario de Santa Fe, Juan Pablo Poletti, dieron a conocer un nuevo comunicado en el que le reclaman al Gobierno Nacional por los subsidios al transporte p\u00fablico de pasajeros y denuncian injusticias y discriminaci\u00f3n respecto de los fondos que recibe el AMBA.<br \/>\n\u201cNuevamente, el Estado Nacional decide todav\u00eda m\u00e1s subsidios al transporte, solo para el AMBA. Los usuarios de la ciudad de Buenos Aires y el Conurbano bonaerense, seguir\u00e1n pagando un boleto de $270, sin aumentos. Por lejos, el m\u00e1s bajo del pa\u00eds\u201d, comienza explicando el comunicado. \u201cLo pagamos todos los argentinos pero el beneficio es solo para una regi\u00f3n. El resto del pa\u00eds, que se las arregle como pueda, ser\u00eda el resumen\u201d.<\/p>\n<p>\u201cEsta decisi\u00f3n profundiza la real brecha que tiene nuestro pa\u00eds: ciudadanos de primera en el AMBA, ciudadanos de categor\u00eda inferior en el Interior\u201d, se quejan los mandatarios. \u201cEl Interior Argentino hace a\u00f1os que solo recibe discriminaci\u00f3n y desatenci\u00f3n evidente. Se acent\u00faa la desigualdad\u201d, advierten.<\/p>\n<p>Este reclamo no es nuevo. Desde hace ya mucho tiempo atr\u00e1s los intendentes vienen reuni\u00e9ndose y realizando gestiones conjuntas ante la Naci\u00f3n para tratar de cambiar las cosas y que los usuarios del transporte p\u00fablico del interior del pa\u00eds dejen de ser discriminados con altos costos del boleto de colectivo urbano producto de la desigual distribuci\u00f3n de los subsidios que llegan a las empresas y sirven para pagar los sueldos y mantener los coches, lo que en definitiva permite el funcionamiento del sistema de transporte de manera sustentable.<\/p>\n<p><strong>\u201cEl interior recibe cero\u201d<\/strong><br \/>\n\u201cLa Naci\u00f3n decide aumentar el subsidio de origen nacional al AMBA en 20 mil millones m\u00e1s por mes. Es decir, el aporte que haremos todos los argentinos para una sola regi\u00f3n pasa de 64 mil millones, a 72 mil millones por mes\u201d, detalla el comunicado suscripto por los intendentes de la Red Federal de Intendentes: Rosario Romero (Paran\u00e1); Ulpiano Suarez (Mendoza); Pablo Javkin (Rosario); Daniel Passerini (C\u00f3rdoba); Marcos Castro (Viedma); Mariano Gaido (Neuqu\u00e9n); Gustavo Saadi (Catamarca); Ra\u00fal Jorge (Jujuy); Juan Pablo Poletti (Santa Fe); Rodrigo Buteller (Cipolletti); Leonardo Stellato (Posadas); Mart\u00edn P\u00e9rez (R\u00edo Grande); Dami\u00e1n Biss (Rawson); Luciano Di N\u00e1poli (Santa Rosa); Othar Macaharashvili (Comodoro Rivadavia); Jorge Jofre (Formosa); Eduardo Tassano (Corrientes); Armando Molina (La Rioja); Roy Nikisch (Resistencia); Norma Fuentes (Santiago del Estero); Pablo Grasso (R\u00edo Gallegos); Guillermo Montenegro (General Pueyrred\u00f3n); y Francisco Azcue (Concordia).<\/p>\n<p>\u201cMientras tanto, todo el Interior seguir\u00e1 con lo que hoy recibe: cero, ya que el Estado Nacional decidi\u00f3 eliminar el Fondo Compensador del Interior. Pero desde las provincias, cada vez que cargamos combustible, todos seguimos aportando a este Fondo Compensador. Se elimin\u00f3 el Fondo, pero no el impuesto que todos pagamos destinado al Fondo\u201d, explica el documento.<\/p>\n<p>\u201cMientras, en la Ciudad de Buenos Aires y el Conurbano seguir\u00e1n pagando $270 el boleto. En el Interior los municipios debemos sostener con fondos propios para que nuestros vecinos puedan llegar a sus trabajos, a estudiar, a trasladarse en nuestras ciudades. El esfuerzo es m\u00faltiple: los vecinos pagan un boleto que tiende a mil pesos (frente a los 270 de AMBA), los Municipios con fondos propios subsidian una parte muy importante para que no se traslade el real costo del boleto, que ronda los $1700\u201d, dicen.<\/p>\n<p>\u201cContinuar con ficticios equilibrios fiscales nacionales a costa del sacrificio del interior, traslada los perjuicios a las provincias y municipios, adem\u00e1s de generar m\u00e1s injusticias y discriminaci\u00f3n insostenible\u201d, menciona el comunicado. \u201cEl ajuste pareciera ser parcial y segmentado, solo lo sufrimos en el Interior. \u00bfHasta cu\u00e1ndo continuar\u00e1 el Interior subsidiando al AMBA? Es momento de terminar con el centralismo y aplicar de una vez por todas el federalismo\u201d, reclaman.<\/p>\n<p>Por todo ello, \u201cexhortamos a nuestros Gobernadores, a los Senadores y Diputados Nacionales, Legisladores, Concejales, dirigentes de todas las fuerzas pol\u00edticas, organizaciones, a acompa\u00f1ar a esta Red Federal de Intendentes de todos los partidos, contra esta injusticia y discriminaci\u00f3n reiterada. El interior debe estar unido m\u00e1s all\u00e1 del origen partidario cuidando siempre a nuestra gente. El silencio solo implicar\u00eda estar de acuerdo con este perjuicio a los habitantes de nuestras provincias\u201d.<\/p>\n<p>\u201cSeguiremos defendiendo a nuestros vecinos de cada una de nuestras ciudades, estamos juntos en esta causa que es justa. Lo haremos en todas las instancias posibles, incluyendo la evaluaci\u00f3n de presentaciones judiciales. Y lo haremos cada vez con mayor fortaleza porque sentimos el acompa\u00f1amiento de nuestras comunidades\u201d, sostienen y sentencian sobre el final: \u201cQue nadie tenga dudas, somos Intendentes y actuamos, no vamos a esperar de brazos cruzados\u201d.<\/p>\n<h6>Fuente: El Litoral<\/h6>\n","protected":false},"excerpt":{"rendered":"<p>Se quejan porque hay \u201cs\u00f3lo subsidios al transporte en AMBA\u201d y dicen que es una \u201cinjusticia\u201d. Lo firma el intendente de Santa Fe, Juan Pablo Poletti. Los fondos sirven para sostener el servicio de colectivos urbanos.<\/p>\n","protected":false},"author":2,"featured_media":148917,"comment_status":"closed","ping_status":"closed","sticky":false,"template":"","format":"standard","meta":{"footnotes":""},"categories":[4],"tags":[21],"class_list":["post-148916","post","type-post","status-publish","format-standard","has-post-thumbnail","hentry","category-informe-politico","tag-argentina"],"_links":{"self":[{"href":"http:\/\/argentinamunicipal.com.ar\/argentina\/wp-json\/wp\/v2\/posts\/148916","targetHints":{"allow":["GET"]}}],"collection":[{"href":"http:\/\/argentinamunicipal.com.ar\/argentina\/wp-json\/wp\/v2\/posts"}],"about":[{"href":"http:\/\/argentinamunicipal.com.ar\/argentina\/wp-json\/wp\/v2\/types\/post"}],"author":[{"embeddable":true,"href":"http:\/\/argentinamunicipal.com.ar\/argentina\/wp-json\/wp\/v2\/users\/2"}],"replies":[{"embeddable":true,"href":"http:\/\/argentinamunicipal.com.ar\/argentina\/wp-json\/wp\/v2\/comments?post=148916"}],"version-history":[{"count":0,"href":"http:\/\/argentinamunicipal.com.ar\/argentina\/wp-json\/wp\/v2\/posts\/148916\/revisions"}],"wp:featuredmedia":[{"embeddable":true,"href":"http:\/\/argentinamunicipal.com.ar\/argentina\/wp-json\/wp\/v2\/media\/148917"}],"wp:attachment":[{"href":"http:\/\/argentinamunicipal.com.ar\/argentina\/wp-json\/wp\/v2\/media?parent=148916"}],"wp:term":[{"taxonomy":"category","embeddable":true,"href":"http:\/\/argentinamunicipal.com.ar\/argentina\/wp-json\/wp\/v2\/categories?post=148916"},{"taxonomy":"post_tag","embeddable":true,"href":"http:\/\/argentinamunicipal.com.ar\/argentina\/wp-json\/wp\/v2\/tags?post=148916"}],"curies":[{"name":"wp","href":"https:\/\/api.w.org\/{rel}","templated":true}]}}