{"id":148919,"date":"2024-08-02T05:45:25","date_gmt":"2024-08-02T08:45:25","guid":{"rendered":"http:\/\/argentinamunicipal.com.ar\/argentina\/?p=148919"},"modified":"2024-08-01T19:23:09","modified_gmt":"2024-08-01T22:23:09","slug":"cordoba-durante-el-abrazo-a-radio-nacional-el-gobierno-levanto-el-programa-bajo-el-mismo-sol","status":"publish","type":"post","link":"http:\/\/argentinamunicipal.com.ar\/argentina\/cordoba-durante-el-abrazo-a-radio-nacional-el-gobierno-levanto-el-programa-bajo-el-mismo-sol\/","title":{"rendered":"C\u00f3rdoba: Durante el abrazo a Radio Nacional, el Gobierno levant\u00f3 el programa \u00abBajo el mismo sol\u00bb"},"content":{"rendered":"<p>Trabajadoras y trabajadores de Radio Nacional C\u00f3rdoba realizaron un abrazo simb\u00f3lico al hist\u00f3rico edificio de Santa Rosa y General Paz, junto a referentes pol\u00edticos, gremiales, sociales y culturales. En el mismo momento, la Naci\u00f3n inform\u00f3 el levantamiento del programa conducido por Fabiana Bringas y Aldo Blanco.<\/p>\n<p>Este jueves al mediod\u00eda trabajadoras y trabajadores de Radio Nacional C\u00f3rdoba realizaron un abrazo simb\u00f3lico al hist\u00f3rico edificio de Santa Rosa y General Paz.<\/p>\n<p>Junto a referentes pol\u00edticos, gremiales, sociales y culturales, repudiaron la avanzada del Gobierno nacional contra los medios de comunicaci\u00f3n p\u00fablicos, la quita de tareas, y la suspensi\u00f3n parcial de la programaci\u00f3n.<\/p>\n<p>En el mismo momento en que se realizaba la asamblea, cortando la calle Santa Rosa, con autorizaci\u00f3n de la Polic\u00eda de Tr\u00e1nsito,\u00a0los trabajadores y trabajadoras tomaron conocimiento de la suspensi\u00f3n del programa \u00abBajo este mismo sol\u00bb, conducido por Fabiana Bringas y Aldo Blanco, que sal\u00eda en horario de la siesta.<\/p>\n<p>En medio de la angustia por el recorte de tareas, la incertidumbre del futuro laboral, y el vaciamiento de la radio, fueron notificados del levantamiento de \u00abBajo este mismo sol\u00bb.<\/p>\n<p>El hist\u00f3rico programa radial, cuyos contenidos estaban basados en tem\u00e1ticas vinculadas con los derechos humanos, el medio ambiente, pueblos originarios, etc\u00e9tera, ser\u00e1 reemplazado con programaci\u00f3n de Buenos Aires.<\/p>\n<p>Cabe destacar que hasta el momento la programaci\u00f3n de la tarde no se hab\u00eda tocado, mientras que en la ma\u00f1an fue suspendido el noticiero Nacional Informa y se incorpor\u00f3 la conferencia de prensa del vocero presidencial Manuel Adorni.\u00a0Adem\u00e1s, se reemplaz\u00f3 el programa deportivo cordob\u00e9s por el que llega desde Buenos Aires.<\/p>\n<p>Por su parte,\u00a0Aldo Blanco, destac\u00f3 que independientemente de la ideolog\u00eda pol\u00edtica de cada gobierno, los trabajadores y las trabajadoras siempre se mantuvieron independientes, y se\u00f1al\u00f3 que es esa independencia y libertad la que molesta al Gobierno nacional conducido por Javier Milei.<\/p>\n<p>En su ofensiva contra la libertad de prensa, los medios p\u00fablicos, el acceso a la informaci\u00f3n p\u00fablica y el derecho a la informaci\u00f3n, el Gobierno de Milei comenz\u00f3 el 8 de julio pasado un plan de achique progresivo y sistem\u00e1tico en Radio Nacional y otros medios estatales. En C\u00f3rdoba, los trabajadores y trabajadoras actualmente se encuentran sufriendo la violencia laboral que implica la quita de tareas, adem\u00e1s del acceso a canales de difusi\u00f3n, como las redes sociales y el portal web, hoy sin actividad.<\/p>\n<h6>Fuente: LA Nueva Ma\u00f1ana<\/h6>\n","protected":false},"excerpt":{"rendered":"<p>Trabajadoras y trabajadores de Radio Nacional C\u00f3rdoba realizaron un abrazo simb\u00f3lico al hist\u00f3rico edificio de Santa Rosa y General Paz, junto a referentes pol\u00edticos, gremiales, sociales y culturales.<\/p>\n","protected":false},"author":2,"featured_media":148920,"comment_status":"closed","ping_status":"closed","sticky":false,"template":"","format":"standard","meta":{"footnotes":""},"categories":[2],"tags":[3],"class_list":["post-148919","post","type-post","status-publish","format-standard","has-post-thumbnail","hentry","category-informe-municipal","tag-cordoba"],"_links":{"self":[{"href":"http:\/\/argentinamunicipal.com.ar\/argentina\/wp-json\/wp\/v2\/posts\/148919","targetHints":{"allow":["GET"]}}],"collection":[{"href":"http:\/\/argentinamunicipal.com.ar\/argentina\/wp-json\/wp\/v2\/posts"}],"about":[{"href":"http:\/\/argentinamunicipal.com.ar\/argentina\/wp-json\/wp\/v2\/types\/post"}],"author":[{"embeddable":true,"href":"http:\/\/argentinamunicipal.com.ar\/argentina\/wp-json\/wp\/v2\/users\/2"}],"replies":[{"embeddable":true,"href":"http:\/\/argentinamunicipal.com.ar\/argentina\/wp-json\/wp\/v2\/comments?post=148919"}],"version-history":[{"count":0,"href":"http:\/\/argentinamunicipal.com.ar\/argentina\/wp-json\/wp\/v2\/posts\/148919\/revisions"}],"wp:featuredmedia":[{"embeddable":true,"href":"http:\/\/argentinamunicipal.com.ar\/argentina\/wp-json\/wp\/v2\/media\/148920"}],"wp:attachment":[{"href":"http:\/\/argentinamunicipal.com.ar\/argentina\/wp-json\/wp\/v2\/media?parent=148919"}],"wp:term":[{"taxonomy":"category","embeddable":true,"href":"http:\/\/argentinamunicipal.com.ar\/argentina\/wp-json\/wp\/v2\/categories?post=148919"},{"taxonomy":"post_tag","embeddable":true,"href":"http:\/\/argentinamunicipal.com.ar\/argentina\/wp-json\/wp\/v2\/tags?post=148919"}],"curies":[{"name":"wp","href":"https:\/\/api.w.org\/{rel}","templated":true}]}}