{"id":148945,"date":"2024-08-05T06:00:36","date_gmt":"2024-08-05T09:00:36","guid":{"rendered":"http:\/\/argentinamunicipal.com.ar\/argentina\/?p=148945"},"modified":"2024-08-05T06:00:36","modified_gmt":"2024-08-05T09:00:36","slug":"el-pacto-de-santa-fe","status":"publish","type":"post","link":"http:\/\/argentinamunicipal.com.ar\/argentina\/el-pacto-de-santa-fe\/","title":{"rendered":"El Pacto de Santa Fe"},"content":{"rendered":"<p>\u00abEl Pacto de Santa Fe\u00bb le dice el constitucionalista Oscar Blando a los consensos que se est\u00e1n tejiendo cuidadosamente para atar un n\u00facleo de coincidencias b\u00e1sicas para la reforma de la Constituci\u00f3n Provincial. Un remedo del Pacto de Olivos que deriv\u00f3 en la Convenci\u00f3n Constituyente de 1994 y en la posterior reforma de la Carta Magna nacional. Sucede que la palabra pacto no le gusta a la pol\u00edtica porque sugiere que los acuerdos son a espaldas de la gente. Y es as\u00ed, rigurosamente. Lo contrario, dice tambi\u00e9n Blando, ser\u00eda declarar la necesidad de la reforma y que sean los convencionales los que decidan en el debate, hasta qu\u00e9 profundidad llega el \u00edmpetu reformista. Eso no va a suceder, sin garant\u00edas pol\u00edticas previas es m\u00e1s probable que vuelva a naufragar la reforma.<\/p>\n<p>Blando sabe de lo que habla no s\u00f3lo desde el punto de vista te\u00f3rico sino tambi\u00e9n pol\u00edtico y de gesti\u00f3n ya que vi\u00f3 c\u00f3mo sus esfuerzos reformistas chocaban contra el muro de la pol\u00edtica en la gesti\u00f3n del exgobernador Miguel Lifschitz. El abogado constitucionalista tambi\u00e9n tiene objeciones sobre el sistema electoral que podr\u00eda emplearse para designar a los 69 convencionales constituyentes: Sin elecciones primarias y sin boleta \u00fanica. Separadas de las nacionales y con un cuerpo pegado al de las candidaturas municipales que se disputan el a\u00f1o que viene. Sistema que se us\u00f3 en la provincia de C\u00f3rdoba.<\/p>\n<p>Desde el peronismo tambi\u00e9n hay objeciones al sistema electoral que, extraoficialmente, trascendi\u00f3 que se quiere aplicar. Pero se pone el acento en el piso electoral fijado para alcanzar un asiento en la Convenci\u00f3n Constituyente. \u201cDeber\u00eda ser el coeficiente que surja del padr\u00f3n dividido los 69 convencionales\u201d, sugiri\u00f3 un encumbrado dirigente del peronismo santafesino. No es que de pronto todos se hayan vuelto matem\u00e1ticos, es que quieren evitar la pol\u00e9mica que se di\u00f3 por la banca n\u00famero 50 entre Rub\u00e9n Giustiniani y Fabi\u00e1n Palo Oliver que acaba de ser ratificado por la Corte Suprema Provincial tras un largu\u00edsimo debate.<\/p>\n<p>Pero a la pol\u00edtica le entusiasma esta elecci\u00f3n de convencionales mucho m\u00e1s de lo que est\u00e1n dispuestos a admitir. No son pocos los que se animar\u00edan a ser candidatos para esta categor\u00eda y no a otra, de cara tambi\u00e9n a la pelea de fondo del 2027. El peronismo, particularmente, tiene varios candidatos dispuestos a participar y establecer en la pr\u00e1ctica su real performance electoral tras la derrota del a\u00f1o pasado.<\/p>\n<p>El peronismo provincial siente que podr\u00e1 arrancarle concesiones al gobernador Maximiliano Pullaro que est\u00e1 sentado sobre un mill\u00f3n de votos y desde ah\u00ed parece inalcanzable cualquier negociaci\u00f3n. Es que al frente Unidos le faltan unas seis voluntades para declarar la necesidad de la reforma constitucional con la mayor\u00eda especial en cada C\u00e1mara que, precisamente, requiere la Constituci\u00f3n actual. En el Senado, ya tiene mayor\u00eda especial propia. Est\u00e1 obligado a negociar por m\u00e1s que el peronismo, ni ninguna otra fuerza por afuera del frente oficialista, est\u00e1 invitado a la Comisi\u00f3n Especial que ya se reuni\u00f3 dos veces y que se parece mucho a la necesidad de mostrar ademanes dialoguistas que en la pr\u00e1ctica no existen.<\/p>\n<p>El diputado nacional Roberto Mirabella ya adelant\u00f3 que personalmente se inclina por solicitar que el actual gobernador sea excluido de la posibilidad de una reelecci\u00f3n \u201cporque jur\u00f3 por la Constituci\u00f3n actual\u201d, y que se debata la unicameralidad \u201ccomo ya tiene la provincia de C\u00f3rdoba\u201d que al suprimir su Senado provincial \u201cmejor\u00f3 su calidad institucional sin perder representaci\u00f3n territorial\u201d. Este es un tema tan central que es el que puede hacer fracasar una reforma. Los senadores provinciales que tienen que votar la necesidad de la reforma no levantar\u00e1n sus manos sin garant\u00edas previas.<\/p>\n<p>Tambi\u00e9n Mirabella se refiere al l\u00edmite de reelecciones para los legisladores provinciales y la renovaci\u00f3n de los cargos judiciales mediante ex\u00e1menes previos a renovar. \u201cSi le ponemos l\u00edmites a la pol\u00edtica, tambi\u00e9n debemos ponerlos al Poder Judicial\u201d, sostiene. Esta misma idea ya est\u00e1 planteada en un proyecto presentado por la diputada provincial del Movimiento Evita, Lucila De Ponti.<\/p>\n<p>Lo que est\u00e1 claro es que el peronismo a\u00fan no conform\u00f3 un espacio para el di\u00e1logo entre todos los sectores. Lo se\u00f1ala claramente el diputado Marcos Corach. \u201cPuedo hablar en representaci\u00f3n de nuestro bloque de cinco\u201d, dijo en referencia a la bancada del perottismo que integra junto a otros exministros del gobierno anterior, y adelant\u00f3 que el sector est\u00e1 trabajando tambi\u00e9n en un proyecto propio. Tambi\u00e9n se establecer\u00eda all\u00ed que la reelecci\u00f3n del gobernador ser\u00e1 habilitada para el pr\u00f3ximo mandatario que asuma jurando por la nueva Constituci\u00f3n. Corach cree que est\u00e1n dadas las condiciones pol\u00edticas para proceder con la reforma aunque no desconoce que el gobierno \u201chace todo para que este parezca el escenario y que sea una verdad irrefutable\u201d. M\u00e1s all\u00e1 de eso reconoce que es una oportunidad para \u201cestablecer un avance institucional\u201d.<\/p>\n<p>Desde el sector que orienta el senador nacional Marcelo Lewandowski tambi\u00e9n creen que es el momento de proceder a la reforma y ya tienen un equipo de constitucionalistas trabajando en la letra fina. Se inclinan porque que la reelecci\u00f3n sea para el pr\u00f3ximo gobernador que jure por la nueva Constituci\u00f3n y sostienen que la elecci\u00f3n de los convencionales deber\u00eda ser en una boleta aparte y no pegada a los cargos municipales que deber\u00e1n elegirse en el 2025. Destacan adem\u00e1s \u00abla necesidad de consagrar en una nueva Carta Magna las autonom\u00edas municipales\u00bb. Desde este mismo sector, el diputado provincial Miguel Rabbia, agrega que Pullaro debe \u00abcumplir con la Constituci\u00f3n actual y autoexcluirse de una reelecci\u00f3n\u00bb y que tambi\u00e9n deber\u00eda cumplir con la actual Constituci\u00f3n \u00aby no tener un ministro con fueros, porque tenemos 19 departamentos y 20 senadores provinciales\u00bb dijo en referencia al ministro de Obras P\u00fablicas Lisandro Enrico que fue reemplazado como senador pero sin renunciar a su banca.<\/p>\n<p>Desde el Frente Amplio por la Soberan\u00eda, los diputados Carlos del Frade, Fabi\u00e1n Palo Oliver y Claudia Balagu\u00e9 se manifiestan a favor de la reforma constitucional pero advierten que hay sectores que tienen \u201cun doble discurso\u201d. Porque por un lado se manifiestan reformistas pero \u201ca la hora de trabajar una ley que declare la necesidad de la misma, comienzan a establecer condiciones en torno a la posibilidad de que el actual gobernador pueda ser candidato o no, en las pr\u00f3ximas elecciones\u201d, se\u00f1al\u00f3 Palo Oliver. Y aclara que \u201cla reforma debe ser total\u201d y que la discusi\u00f3n de un n\u00facleo de coincidencias \u201cimpedir\u00eda esto, por eso entendemos que la reforma debe ser abierta\u201d, afirm\u00f3.<\/p>\n<p>Despu\u00e9s vendr\u00e1 el tema de las candidaturas a convencionales constituyentes que las fuerzas pol\u00edticas tomar\u00e1n muy en serio y como una prueba de fuego para el 2027. Muchos pensaron en el peronismo que podr\u00eda ser un contexto ideal para un regreso electoral del exgobernador Omar Perotti, pero dicen que nadie puede convencerlo y que su negativa es total como su silencio desde que termin\u00f3 el mandato en la Casa Gris. Pero su sector armar\u00e1 listas sin duda.<\/p>\n<p>En el entorno del intendente Pablo Javkin y dentro del frente Unidos se mira muy seriamente para el lado de un posible debut electoral del actual Rector de la Universidad Nacional de Rosario. Franco Bartolacci, por formaci\u00f3n y cargo ser\u00eda un l\u00f3gico candidato a convencional representando a la UNR pero tambi\u00e9n proyectando su nombre hacia un futuro cercano. Cerca del acad\u00e9mico admiten que \u00abnunca hubo un consenso tan s\u00f3lido detr\u00e1s de la intenci\u00f3n de proceder a la reforma y parece que todos est\u00e1n de acuerdo que esta vez tiene que salir\u00bb.<\/p>\n<p>Por\u00a0Leo Ricciardino<\/p>\n<h6>Fuente: P\u00e1gina 12<\/h6>\n","protected":false},"excerpt":{"rendered":"<p>\u00abEl Pacto de Santa Fe\u00bb le dice el constitucionalista Oscar Blando a los consensos que se est\u00e1n tejiendo cuidadosamente para atar un n\u00facleo de coincidencias b\u00e1sicas para la reforma de la Constituci\u00f3n Provincial.<\/p>\n","protected":false},"author":2,"featured_media":148946,"comment_status":"closed","ping_status":"closed","sticky":false,"template":"","format":"standard","meta":{"footnotes":""},"categories":[6],"tags":[10],"class_list":["post-148945","post","type-post","status-publish","format-standard","has-post-thumbnail","hentry","category-opiniones","tag-santa-fe"],"_links":{"self":[{"href":"http:\/\/argentinamunicipal.com.ar\/argentina\/wp-json\/wp\/v2\/posts\/148945","targetHints":{"allow":["GET"]}}],"collection":[{"href":"http:\/\/argentinamunicipal.com.ar\/argentina\/wp-json\/wp\/v2\/posts"}],"about":[{"href":"http:\/\/argentinamunicipal.com.ar\/argentina\/wp-json\/wp\/v2\/types\/post"}],"author":[{"embeddable":true,"href":"http:\/\/argentinamunicipal.com.ar\/argentina\/wp-json\/wp\/v2\/users\/2"}],"replies":[{"embeddable":true,"href":"http:\/\/argentinamunicipal.com.ar\/argentina\/wp-json\/wp\/v2\/comments?post=148945"}],"version-history":[{"count":0,"href":"http:\/\/argentinamunicipal.com.ar\/argentina\/wp-json\/wp\/v2\/posts\/148945\/revisions"}],"wp:featuredmedia":[{"embeddable":true,"href":"http:\/\/argentinamunicipal.com.ar\/argentina\/wp-json\/wp\/v2\/media\/148946"}],"wp:attachment":[{"href":"http:\/\/argentinamunicipal.com.ar\/argentina\/wp-json\/wp\/v2\/media?parent=148945"}],"wp:term":[{"taxonomy":"category","embeddable":true,"href":"http:\/\/argentinamunicipal.com.ar\/argentina\/wp-json\/wp\/v2\/categories?post=148945"},{"taxonomy":"post_tag","embeddable":true,"href":"http:\/\/argentinamunicipal.com.ar\/argentina\/wp-json\/wp\/v2\/tags?post=148945"}],"curies":[{"name":"wp","href":"https:\/\/api.w.org\/{rel}","templated":true}]}}