{"id":148969,"date":"2024-08-05T06:34:46","date_gmt":"2024-08-05T09:34:46","guid":{"rendered":"http:\/\/argentinamunicipal.com.ar\/argentina\/?p=148969"},"modified":"2024-08-05T06:34:46","modified_gmt":"2024-08-05T09:34:46","slug":"alta-gracia-se-prepara-para-su-tercer-festival-monumental-sierras-de-cine-y-artes-audiovisuales","status":"publish","type":"post","link":"http:\/\/argentinamunicipal.com.ar\/argentina\/alta-gracia-se-prepara-para-su-tercer-festival-monumental-sierras-de-cine-y-artes-audiovisuales\/","title":{"rendered":"Alta Gracia se prepara para su tercer Festival Monumental Sierras de Cine y Artes Audiovisuales"},"content":{"rendered":"<p>El evento se desarrollar\u00e1 entre el 16 y el 18 de agosto pr\u00f3ximos, con entrada libre y gratuita, con una grilla que alternar\u00e1 destacados t\u00edtulos del s\u00e9ptimo arte cordob\u00e9s y argentino de los \u00faltimos a\u00f1os, con cortometrajes seleccionados y producciones estudiantiles.<\/p>\n<p>Entre el 16 y el 18 de agosto pr\u00f3ximos, Alta Gracia vivir\u00e1 la tercera edici\u00f3n de su Festival Monumental Sierras (FMS) de Cine y Artes Audiovisuales, que en su sala cultural m\u00e1s imponente presentar\u00e1 que alternar\u00e1 destacados t\u00edtulos del s\u00e9ptimo arte cordob\u00e9s y argentino de los \u00faltimos a\u00f1os, con cortometrajes seleccionados y producciones estudiantiles.<\/p>\n<p>\u00abEste a\u00f1o, el Festival busca recuperar el esp\u00edritu y la pr\u00e1ctica comunitaria que hizo posible la creaci\u00f3n del Cine teatro Monumental Sierras en la d\u00e9cada del &#8217;50\u00bb, destacaron desde la organizaci\u00f3n, invitando a la comunidad a \u00abparticipar y disfrutar pel\u00edculas de calidad\u00bb.<\/p>\n<p>Todas las actividades del evento tienen\u00a0entrada libre y gratuita.<\/p>\n<p>Se trata de un evento organizado por la Municipalidad, junto a un numeroso grupo de colaboradores, interesados en el trabajo cultural de la regi\u00f3n.<\/p>\n<p>Las novedades y la grilla pueden consultarse en el siguiente enlace y en las redes oficiales del Festival:\u00a0https:\/\/altagracia.gob.ar\/festivalmonumentalsierras\/<\/p>\n<p>Entre los n\u00fameros destacados de esta tercera edici\u00f3n, se encuentra el estreno exclusivo de \u201cLas M\u00e1quinas Del Cielo\u201d, un cortometraje de ciencia ficci\u00f3n del productor de efectos especiales Carlos Bocardi, que narra una invasi\u00f3n a Alta Gracia y sale a la luz, tras diez a\u00f1os de trabajo.<\/p>\n<p>Tambi\u00e9n se presentar\u00e1 la pel\u00edcula \u201cUn Movimiento Extra\u00f1o\u201d, de Francisco Lezama, que gan\u00f3 el Oso de Oro en el Festival Internacional de Cine de Berl\u00edn, en la categor\u00eda cortometraje. Lezama tiene un v\u00ednculo especial con Alta Gracia y presentar\u00e1 en este festival su aclamado film, antes de proyectarlo en el Museo de Arte Latinoamericano de Buenos Aires (MALBA).<\/p>\n<p>Adem\u00e1s, se proyectar\u00e1\u00a0Puan, uno de los \u00faltimos grandes t\u00edtulos de la filmograf\u00eda nacional; que mira con agudeza, humor y anticipaci\u00f3n la realidad de esta \u00e9poca, en cuanto a la demanda de\u00a0defensa del financiamiento de la universidad p\u00fablica.\u00a0\u00c9xito en plataformas, se podr\u00e1 disfrutar en pantalla grande. Al t\u00e9rmino, se llevar\u00e1 adelante una mesa de debate sobre la\u00a0educaci\u00f3n, que va a contar con invitados especiales.<\/p>\n<p>Enmarcado en el apoyo y el fomento del talento emergente del cine argentino, que el Festival sostiene desde su origen;\u00a0j\u00f3venes realizadores de escuelas secundarias\u00a0de Alta Gracia y alrededores tendr\u00e1n la oportunidad de exhibir sus obras y recibir el reconocimiento del p\u00fablico.<\/p>\n<p>Paralelamente, en la previa de este evento, el concurso oficial de cortometrajes cont\u00f3 con casi 400 trabajos inscriptos, provenientes de todo el pa\u00eds; en los que la creatividad y calidad de las producciones, augura una competencia que emocionar\u00e1 y sorprender\u00e1, seg\u00fan anticiparon desde la organizaci\u00f3n.<\/p>\n<p>Los tres d\u00edas, finalmente, contar\u00e1n con la presencia de cineastas y actores que compartir\u00e1n sus experiencias,\u00a0 en medio de concurso de cortos, charlas y entrevistas.<\/p>\n<h6>Fuente: La Nueva Ma\u00f1ana<\/h6>\n","protected":false},"excerpt":{"rendered":"<p>El evento se desarrollar\u00e1 entre el 16 y el 18 de agosto pr\u00f3ximos, con entrada libre y gratuita, con una grilla que alternar\u00e1 destacados t\u00edtulos del s\u00e9ptimo arte cordob\u00e9s y argentino de los \u00faltimos a\u00f1os<\/p>\n","protected":false},"author":2,"featured_media":148970,"comment_status":"closed","ping_status":"closed","sticky":false,"template":"","format":"standard","meta":{"footnotes":""},"categories":[47],"tags":[3],"class_list":["post-148969","post","type-post","status-publish","format-standard","has-post-thumbnail","hentry","category-fiestas","tag-cordoba"],"_links":{"self":[{"href":"http:\/\/argentinamunicipal.com.ar\/argentina\/wp-json\/wp\/v2\/posts\/148969","targetHints":{"allow":["GET"]}}],"collection":[{"href":"http:\/\/argentinamunicipal.com.ar\/argentina\/wp-json\/wp\/v2\/posts"}],"about":[{"href":"http:\/\/argentinamunicipal.com.ar\/argentina\/wp-json\/wp\/v2\/types\/post"}],"author":[{"embeddable":true,"href":"http:\/\/argentinamunicipal.com.ar\/argentina\/wp-json\/wp\/v2\/users\/2"}],"replies":[{"embeddable":true,"href":"http:\/\/argentinamunicipal.com.ar\/argentina\/wp-json\/wp\/v2\/comments?post=148969"}],"version-history":[{"count":0,"href":"http:\/\/argentinamunicipal.com.ar\/argentina\/wp-json\/wp\/v2\/posts\/148969\/revisions"}],"wp:featuredmedia":[{"embeddable":true,"href":"http:\/\/argentinamunicipal.com.ar\/argentina\/wp-json\/wp\/v2\/media\/148970"}],"wp:attachment":[{"href":"http:\/\/argentinamunicipal.com.ar\/argentina\/wp-json\/wp\/v2\/media?parent=148969"}],"wp:term":[{"taxonomy":"category","embeddable":true,"href":"http:\/\/argentinamunicipal.com.ar\/argentina\/wp-json\/wp\/v2\/categories?post=148969"},{"taxonomy":"post_tag","embeddable":true,"href":"http:\/\/argentinamunicipal.com.ar\/argentina\/wp-json\/wp\/v2\/tags?post=148969"}],"curies":[{"name":"wp","href":"https:\/\/api.w.org\/{rel}","templated":true}]}}