{"id":148985,"date":"2024-08-05T19:00:36","date_gmt":"2024-08-05T22:00:36","guid":{"rendered":"http:\/\/argentinamunicipal.com.ar\/argentina\/?p=148985"},"modified":"2024-08-05T19:05:20","modified_gmt":"2024-08-05T22:05:20","slug":"javkin-santa-fe-va-a-reformar-su-constitucion-y-rosario-tiene-que-ser-autonoma","status":"publish","type":"post","link":"http:\/\/argentinamunicipal.com.ar\/argentina\/javkin-santa-fe-va-a-reformar-su-constitucion-y-rosario-tiene-que-ser-autonoma\/","title":{"rendered":"Javkin: \u201cSanta Fe va a reformar su Constituci\u00f3n y Rosario tiene que ser aut\u00f3noma\u201d"},"content":{"rendered":"<p>El intendente encabez\u00f3 el acto por el 172\u00b0 aniversario de la declaraci\u00f3n de Rosario como ciudad y reclam\u00f3 la autonom\u00eda: \u00abEs la gran deuda del federalismo con nuestras ciudades\u00bb<\/p>\n<p>Este lunes, el intendente Pablo Javkin encabez\u00f3 el acto de conmemoraci\u00f3n del 172\u00b0 aniversario de la declaraci\u00f3n de Rosario como ciudad, al pie del monumento a Justo Jos\u00e9 de Urquiza, que est\u00e1 ubicado en el parque Urquiza. En la oportunidad, el titular del Palacio de los Leones reiter\u00f3 su reclamo por la autonom\u00eda de la ciudad: \u201cSanta Fe va a reformar su constituci\u00f3n y Rosario tiene que ser aut\u00f3noma. Es la gran deuda del federalismo con nuestras ciudades\u201d.<\/p>\n<p>Luego de entonar las estrofas del himno nacional, interpretado por el tenor Mart\u00edn Otaduy, el mandatario\u00a0remarc\u00f3: \u201cHace 172 a\u00f1os llevamos con orgullo el t\u00edtulo de ciudad, quiz\u00e1s el primer documento notarial o de alg\u00fan tipo formal que reconoce y hace justicia a la historia y al sue\u00f1o de grandeza de nuestra gente. Un sue\u00f1o que hab\u00eda nacido, sin duda, en la otra gran fecha que nos ha marcado 40 a\u00f1os atr\u00e1s, cuando el General Manuel Belgrano eligi\u00f3 estas tierras para enarbolar bandera y luchar por la independencia y para desobedecer la orden del triunvirato en Buenos Aires que le ordenaba no hacerlo\u201d.<\/p>\n<p>\u201cY se ratific\u00f3 cuando un grupo de pobladores acompa\u00f1aron esa gesta federal que luego del triunfo en Caseros gener\u00f3 la declaraci\u00f3n de Ciudad de Rosario firmada por Urquiza\u201d, se\u00f1al\u00f3 y agreg\u00f3: \u201cRosario creci\u00f3 resistiendo, le toc\u00f3 pelear muchas veces sola, pero siempre se supo levantar porque en su gen est\u00e1 la tozudez de sus primeros habitantes, y esa tozudez en ese acto, sin lugar a dudas, la representan nuestros h\u00e9roes de Malvinas que nos acompa\u00f1an hoy\u201d.<\/p>\n<p>El jefe municipal hizo hincapi\u00e9 adem\u00e1s en el esp\u00edritu de progreso presente en los habitantes de la ciudad desde sus comienzos. En ese sentido, valor\u00f3. \u201cNos convertimos en el primer complejo portuario y ferroviario del pa\u00eds, uno de los m\u00e1s importantes del mundo. Se estableci\u00f3 la Aduana y unos a\u00f1os m\u00e1s tarde comenzar\u00eda a escribir su historia, junto a la ciudad, la Bolsa de Comercio\u201d.<\/p>\n<p>\u201cPero Rosario ser\u00eda mucho m\u00e1s que motor de la potencia productiva del interior que empuja y hace crecer a la Argentina, con el campo y la industria\u201d, asever\u00f3 y destac\u00f3 el orgullo que siente la ciudad por \u201csu red de salud p\u00fablica\u201d, por su \u201ccultura diversa\u201d y por ser \u201ccuna del deporte mundial\u201d.<\/p>\n<p>Javkin\u00a0aprovech\u00f3 la ocasi\u00f3n para reiterar, una vez m\u00e1s, el reclamo por la autonom\u00eda de la ciudad. \u201cEl legado de la decisi\u00f3n del Gobernador Crespo y la convicci\u00f3n que defendi\u00f3 Nicasio Oro\u00f1o, hoy nos exigen cumplir con un mandato: luchar por la autonom\u00eda de Rosario\u201d, afirm\u00f3, y aclar\u00f3: \u201cEl reclamo por la autonom\u00eda empieza a ser escuchado. Santa Fe va a reformar su constituci\u00f3n y Rosario tiene que ser aut\u00f3noma. Es la gran deuda del federalismo con nuestras ciudades\u201d.<\/p>\n<p>\u201cAtravesamos el momento seguramente m\u00e1s dif\u00edcil de nuestra historia. Marzo probablemente haya sido el pico de ese momento dif\u00edcil\u201d, record\u00f3 el titular del Ejecutivo local, y remarc\u00f3: \u201cDespu\u00e9s de haber pedido hasta el hartazgo inteligencia criminal en las c\u00e1rceles para terminar con el home office del delito y luces azules en las calles, algo empieza a cambiar. Vemos una acci\u00f3n coordinada entre Naci\u00f3n, provincia y municipio con todos los recursos puestos para cuidar a nuestra gente, con un gobernador valiente que no se deja amedrentar por mafias violentas\u201d.<\/p>\n<p>Seguidamente,\u00a0sostuvo que \u201cRosario va a recuperar la paz\u201d y destac\u00f3 que el objetivo ahora es \u201crecomponer el tejido social de esta ciudad, que es el tema de fondo que junto a la seguridad nos va a devolver la paz\u201d.<\/p>\n<p>\u201cAquellos vecinos y vecinas que lucharon, primero para construir esa capilla como bien lo relat\u00f3 Horacio (Vargas), luego para conseguir el t\u00edtulo de ciudad, hoy nos dir\u00edan que no bajemos los brazos, que Rosario va a ser aut\u00f3noma como acto de justicia de lo que la ciudad aporta al pa\u00eds y a la provincia pero tambi\u00e9n, y fundamentalmente, de lo que necesita para seguir creciendo, para tomar sus propias decisiones, para poder crecer m\u00e1s y para ganar la paz\u201d, asegur\u00f3 el intendente.<\/p>\n<p>\u201cRosario, la ciudad sin fundador, pero hija de su propio esfuerzo. Rosario, la ciudad cosmopolita y portuaria que naci\u00f3 y se proyect\u00f3 global. Rosario, una ciudad que cuando todav\u00eda no ten\u00eda nada, promet\u00eda todo. Rosario, la ciudad que en el 2025, en el a\u00f1o del 300 aniversario del establecimiento de sus primeros poblados, debe ser definitivamente aut\u00f3noma\u201d, concluy\u00f3.<\/p>\n<p><strong>Camino a los 300 a\u00f1os de un hito fundacional<\/strong><br \/>\nEl acto cont\u00f3 con la participaci\u00f3n del periodista, escritor y divulgador de historia de la ciudad Horacio Vargas, quien comparti\u00f3 unas emotivas palabras con las y los presentes haciendo un repaso por la historia de la ciudad, desde los or\u00edgenes de aquella villa que hoy es metr\u00f3poli. En este marco, hizo hincapi\u00e9 en uno de los acontecimientos que es considerado el mito fundacional de la ciudad.<\/p>\n<p>Vargas record\u00f3, de acuerdo a la informaci\u00f3n brindada por el cronista Pedro Tuella, que durante muchos a\u00f1os se tom\u00f3 como versi\u00f3n oficial, aunque luego fue desestimada, que el principio del pueblo se ubica en el a\u00f1o 1.725, con la llegada de Francisco Godoy junto a un grupo de indios calchaqu\u00edes. \u201cEl a\u00f1o que viene, en el 2025, se cumplir\u00edan 300 a\u00f1os de la fundaci\u00f3n mitol\u00f3gica\u201d, rememor\u00f3 Vargas y plante\u00f3 que \u201cno estar\u00eda mal celebrarlo\u201d.<\/p>\n<p>El propio intendente retom\u00f3 lo dicho por Vargas durante sus discurso, y coment\u00f3: \u201cEn nuestra Catedral est\u00e1 puesta esta fecha como origen de la capilla. Y hace muy poquito estuvimos reunidos porque la idea es exactamente celebrarlo: vamos a tener 300 a\u00f1os de lo que est\u00e1 establecido como el primer paso de nuestra creaci\u00f3n. As\u00ed que s\u00ed, el 7 de octubre de 2025 vamos a celebrar los 300 a\u00f1os de ese hito fundacional\u201d.<\/p>\n<p>Asimismo, tanto Vargas como el jefe municipal dedicaron unas sentidas palabras para recordar al escritor Rafael Ielpi, recientemente fallecido. \u201cUna de las ceremonias previas siempre a este acto era charlar con el Negro para que nos sugiriera algo para decir. Es el primer a\u00f1o que no podemos hacerlo, pero es tambi\u00e9n el inicio del homenaje que esta ciudad le debe a ese nacido en Esquel que tanto nos dio\u201d, indic\u00f3 Javkin.<\/p>\n<p><strong>Presentes<\/strong><\/p>\n<p>Entre otros, estuvieron presentes en el acto\u00a0ex soldados combatientes en Malvinas, la presidenta del Concejo Municipal de Rosario, Mar\u00eda Eugenia Schmuck; la ministra de Cultura de la provincia de Santa Fe, Susana Rueda; la presidenta de la C\u00e1mara de Diputados y Diputadas de la provincia de Santa Fe, Clara Garc\u00eda; legisladores nacionales y provinciales; el doctor Jorge Barraguirre, procurador general de la Corte Suprema de la provincia de Santa Fe; intendentes y presidentes comunales del \u00e1rea metropolitana de Rosario; el coordinador general del Gabinete Municipal, Rogelio Biazzi; el secretario de Gobierno, Sebasti\u00e1n Chale, y dem\u00e1s integrantes del Departamento Ejecutivo Municipal; concejalas y concejales de la ciudad; el arzobispo de Rosario, monse\u00f1or Eduardo Eliseo Mart\u00edn; cuerpo consular acreditado en la ciudad; el rector de la Universidad Nacional de Rosario, Franco Bartolacci, integrantes de la Mesa Interreligiosa por el Bien Com\u00fan de la Universidad Nacional de Rosario; el jefe de la guarnici\u00f3n a\u00e9rea Rosario y director del Liceo Aeron\u00e1utico Militar, comodoro Roberto Francisco Sarabia, e integrantes de las Fuerzas Armadas de Seguridad y Policiales.<\/p>\n<h6>FUente: El Ciudadano<\/h6>\n","protected":false},"excerpt":{"rendered":"<p>El intendente encabez\u00f3 el acto por el 172\u00b0 aniversario de la declaraci\u00f3n de Rosario como ciudad y reclam\u00f3 la autonom\u00eda: \u00abEs la gran deuda del federalismo con nuestras ciudades\u00bb<\/p>\n","protected":false},"author":2,"featured_media":148986,"comment_status":"closed","ping_status":"closed","sticky":false,"template":"","format":"standard","meta":{"footnotes":""},"categories":[4],"tags":[10],"class_list":["post-148985","post","type-post","status-publish","format-standard","has-post-thumbnail","hentry","category-informe-politico","tag-santa-fe"],"_links":{"self":[{"href":"http:\/\/argentinamunicipal.com.ar\/argentina\/wp-json\/wp\/v2\/posts\/148985","targetHints":{"allow":["GET"]}}],"collection":[{"href":"http:\/\/argentinamunicipal.com.ar\/argentina\/wp-json\/wp\/v2\/posts"}],"about":[{"href":"http:\/\/argentinamunicipal.com.ar\/argentina\/wp-json\/wp\/v2\/types\/post"}],"author":[{"embeddable":true,"href":"http:\/\/argentinamunicipal.com.ar\/argentina\/wp-json\/wp\/v2\/users\/2"}],"replies":[{"embeddable":true,"href":"http:\/\/argentinamunicipal.com.ar\/argentina\/wp-json\/wp\/v2\/comments?post=148985"}],"version-history":[{"count":0,"href":"http:\/\/argentinamunicipal.com.ar\/argentina\/wp-json\/wp\/v2\/posts\/148985\/revisions"}],"wp:featuredmedia":[{"embeddable":true,"href":"http:\/\/argentinamunicipal.com.ar\/argentina\/wp-json\/wp\/v2\/media\/148986"}],"wp:attachment":[{"href":"http:\/\/argentinamunicipal.com.ar\/argentina\/wp-json\/wp\/v2\/media?parent=148985"}],"wp:term":[{"taxonomy":"category","embeddable":true,"href":"http:\/\/argentinamunicipal.com.ar\/argentina\/wp-json\/wp\/v2\/categories?post=148985"},{"taxonomy":"post_tag","embeddable":true,"href":"http:\/\/argentinamunicipal.com.ar\/argentina\/wp-json\/wp\/v2\/tags?post=148985"}],"curies":[{"name":"wp","href":"https:\/\/api.w.org\/{rel}","templated":true}]}}