{"id":14901,"date":"2014-09-20T10:10:33","date_gmt":"2014-09-20T13:10:33","guid":{"rendered":"http:\/\/argentinamunicipal.com.ar\/argentina\/?p=14901"},"modified":"2014-09-20T10:10:33","modified_gmt":"2014-09-20T13:10:33","slug":"el-concejo-intentara-reglamentar-la-actividad-de-los-trapitos-en-pico","status":"publish","type":"post","link":"http:\/\/argentinamunicipal.com.ar\/argentina\/el-concejo-intentara-reglamentar-la-actividad-de-los-trapitos-en-pico\/","title":{"rendered":"El Concejo intentar\u00e1 reglamentar la actividad de los \u201ctrapitos\u201d en Pico"},"content":{"rendered":"<p><a href=\"http:\/\/argentinamunicipal.com.ar\/argentina\/wp-content\/uploads\/2014\/09\/Trapitos.jpg\"><img loading=\"lazy\" decoding=\"async\" class=\"alignleft size-full wp-image-14902\" src=\"http:\/\/argentinamunicipal.com.ar\/argentina\/wp-content\/uploads\/2014\/09\/Trapitos.jpg\" alt=\"Trapitos\" width=\"466\" height=\"273\" srcset=\"http:\/\/argentinamunicipal.com.ar\/argentina\/wp-content\/uploads\/2014\/09\/Trapitos.jpg 466w, http:\/\/argentinamunicipal.com.ar\/argentina\/wp-content\/uploads\/2014\/09\/Trapitos-300x175.jpg 300w\" sizes=\"auto, (max-width: 466px) 100vw, 466px\" \/><\/a>Cuidacoches, trapitos o naranjitas, la identificaci\u00f3n m\u00e1s o menos favorable junto a su complejidad social est\u00e1 presente en las grandes ciudades del pa\u00eds que de distintas formas buscan regular la actividad con medidas creativas. A la cabeza est\u00e1 C\u00f3rdoba, que desde la d\u00e9cada del 90 organiz\u00f3 el rubro a trav\u00e9s de cooperativas y les provey\u00f3 de una pechera de color naranja, de donde tomaron el mote con el que hoy se los conoce all\u00ed: naranjitas. En el resto de las ciudades \u201cgrandes\u201d del pa\u00eds, todo se resume a intentos. Claro que hay quienes, en ese marco de b\u00fasqueda de soluciones, proponen directamente la prohibici\u00f3n de la actividad.<\/p>\n<p>Pero, como contrapartida, aparecen los que sostienen que la soluci\u00f3n no debe pasar por la represi\u00f3n, \u201cno se puede prohibir una actividad por su base informal, tal como los malabaristas, limpiavidrios, m\u00fasicos callejeros o quienes se ofrecen a cuidar el coche con una franela o un palito en la mano, es una caza de brujas, hay gente que se gana el sustento sin molestar a nadie\u201d, se\u00f1al\u00f3, recientemente, un edil de la provincia de C\u00f3rdoba. En la aldea local, como toda ciudad en pleno crecimiento, el nacimiento de los \u201ccuidacoches\u201d podr\u00eda remontarse al a\u00f1o 2001, en plena crisis laboral.<\/p>\n<p>Desde ese a\u00f1o hasta el presente, la actividad tuvo un crecimiento exponencial y la casi decena con la que se contaron los primeros cuidacoches, se multiplic\u00f3 por 10. Hoy, seg\u00fan datos conocidos ayer en el seno del Concejo Deliberante, hay 100 personas como m\u00ednimo que se dedican al cuidado de coches en cada fiesta o evento que se realiza en la ciudad. El desborde es evidente y no son pocas las denuncias que se reciben en las sedes policiales, producto del enfrentamiento de los titulares de veh\u00edculos con las personas que llevan adelante una tarea que crece en adeptos al trabajo en la m\u00e1s pura informalidad.<\/p>\n<p>En ocasi\u00f3n de celebrarse una nueva edici\u00f3n de la Exposici\u00f3n Rural de General Pico la situaci\u00f3n, irregular por cierto, recobr\u00f3 notoriedad porque los \u201ccuidacoches\u201d en ese \u00e1mbito, terminaron haciendo una recaudaci\u00f3n extraordinaria en base a la \u201c\u00bfventa, alquiler?\u201d de un espacio para estacionar en el per\u00edmetro del predio. El esc\u00e1ndalo que se desat\u00f3 al conocerse que por un lugar para estacionar en la \u201cv\u00eda p\u00fablica\u201d deb\u00eda abonarse una cifra similar al costo del acceso a la muestra tom\u00f3 por sorpresa a todos, y hasta el propio intendente de General Pico, Juan Jos\u00e9 Rainone, se mostr\u00f3 contrariado con la circunstancia, y lo hizo p\u00fablico.<\/p>\n<h3>Ilegal<\/h3>\n<p>La concejal Rosa Cuello, del bloque Partido Justicialista, habl\u00f3 ayer del problema al t\u00e9rmino de la 15\u00ba sesi\u00f3n ordinaria respecto al proyecto, de su autor\u00eda, que \u201cdescansa\u201d en el Concejo desde hace 2 a\u00f1os aproximadamente. \u201cEn realidad nunca fue presentado a una sesi\u00f3n porque faltaban, y faltan, cuestiones por definir. Pero ahora, removido el tema por lo sucedido en la Rural, reiniciamos las reuniones y acordamos trabajar en forma conjunta habida cuenta del acrecentamiento y agravamiento de la problem\u00e1tica, por lo que ahora el Ejecutivo tambi\u00e9n se involucr\u00f3 directamente en el tema\u201d arranc\u00f3.<\/p>\n<p>As\u00ed las cosas, Cuello reafirm\u00f3 que los \u201ctrapitos\u201d locales \u201ctrabajan\u201d en total ilegalidad. \u201cNo tienen ninguna reglamentaci\u00f3n que contenga su actividad, esto surgi\u00f3 hace muchos a\u00f1os como una organizaci\u00f3n, en un momento cr\u00edtico para la ciudad y el pa\u00eds, pero hoy se transform\u00f3 en un servicio que presta este grupo de gente actuando de una manera muy distinta a la del principio, donde requer\u00edan una colaboraci\u00f3n voluntaria de los due\u00f1os de los autos. Hoy cobran un monto fijo, elevado, y eso genera mucha molestia y enfrentamientos, y el detonante fue la exposici\u00f3n rural\u201d explic\u00f3.<\/p>\n<p>La \u201cinformalidad\u201d del grupo es tambi\u00e9n relativa porque, de hecho, prestan un servicio bajo el liderazgo de una persona de apellido Aguilera, hombre que marca la estrategia de los \u201ctrapitos\u201d concurriendo a lugares p\u00fablicos o privados donde se realizan eventos de importancia. \u201cEs un grupo que est\u00e1 organizado y realiza estos servicios desde hace mucho tiempo, nosotros nunca dejamos de trabajar para regularizar esta situaci\u00f3n porque evidentemente as\u00ed como est\u00e1n funcionando es una irregularidad manifiesta, pero tambi\u00e9n hay que poner en la balanza distintas cuestiones, entre ellas considerar que mucha de la gente que trabaja como cuidacoches es agresiva o profiere amenazas contra el que se niega a pagar por ese \u201cservicio\u201d dijo Cuello.<\/p>\n<p>La concejal oficialista fue contundente al momento de analizar que el grupo, nacido para enfrentar una contingencia coyuntural, pas\u00f3 a ejercer un negocio con todas las letras, \u201csin dudas, para algunas personas ya es un negocio concreto que perjudica a mucha gente\u201d. Tambi\u00e9n fue clara al recomendar que cualquier vecino que se sienta afectado por la actitud de alguna de estas personas \u201cdebe concurrir a la sede policial a realizar la correspondiente denuncia\u201d. Sin decirlo con todas las letras, Cuello dej\u00f3 entrever que a trav\u00e9s de este mecanismo el vecino termina siendo v\u00edctima lisa y llanamente de una extorsi\u00f3n por parte del grupo que cuenta con un l\u00edder totalmente identificable. Y que, por ahora, nadie parece poder ponerle el \u201ccascabel al gato\u201d<\/p>\n<h6>Fuente: La Reforma<\/h6>\n","protected":false},"excerpt":{"rendered":"<p>Cuidacoches, trapitos o naranjitas, la identificaci\u00f3n m\u00e1s o menos favorable junto a su complejidad social est\u00e1 presente en las grandes ciudades del pa\u00eds que de distintas formas buscan regular la actividad con medidas creativas. A la cabeza est\u00e1 C\u00f3rdoba, que desde la d\u00e9cada del 90 organiz\u00f3 el rubro a trav\u00e9s de cooperativas y les provey\u00f3<\/p>\n","protected":false},"author":2,"featured_media":14902,"comment_status":"closed","ping_status":"closed","sticky":false,"template":"","format":"standard","meta":{"footnotes":""},"categories":[2],"tags":[42],"class_list":["post-14901","post","type-post","status-publish","format-standard","has-post-thumbnail","hentry","category-informe-municipal","tag-la-pampa"],"_links":{"self":[{"href":"http:\/\/argentinamunicipal.com.ar\/argentina\/wp-json\/wp\/v2\/posts\/14901","targetHints":{"allow":["GET"]}}],"collection":[{"href":"http:\/\/argentinamunicipal.com.ar\/argentina\/wp-json\/wp\/v2\/posts"}],"about":[{"href":"http:\/\/argentinamunicipal.com.ar\/argentina\/wp-json\/wp\/v2\/types\/post"}],"author":[{"embeddable":true,"href":"http:\/\/argentinamunicipal.com.ar\/argentina\/wp-json\/wp\/v2\/users\/2"}],"replies":[{"embeddable":true,"href":"http:\/\/argentinamunicipal.com.ar\/argentina\/wp-json\/wp\/v2\/comments?post=14901"}],"version-history":[{"count":0,"href":"http:\/\/argentinamunicipal.com.ar\/argentina\/wp-json\/wp\/v2\/posts\/14901\/revisions"}],"wp:featuredmedia":[{"embeddable":true,"href":"http:\/\/argentinamunicipal.com.ar\/argentina\/wp-json\/wp\/v2\/media\/14902"}],"wp:attachment":[{"href":"http:\/\/argentinamunicipal.com.ar\/argentina\/wp-json\/wp\/v2\/media?parent=14901"}],"wp:term":[{"taxonomy":"category","embeddable":true,"href":"http:\/\/argentinamunicipal.com.ar\/argentina\/wp-json\/wp\/v2\/categories?post=14901"},{"taxonomy":"post_tag","embeddable":true,"href":"http:\/\/argentinamunicipal.com.ar\/argentina\/wp-json\/wp\/v2\/tags?post=14901"}],"curies":[{"name":"wp","href":"https:\/\/api.w.org\/{rel}","templated":true}]}}