{"id":149025,"date":"2024-08-07T05:30:48","date_gmt":"2024-08-07T08:30:48","guid":{"rendered":"http:\/\/argentinamunicipal.com.ar\/argentina\/?p=149025"},"modified":"2024-08-06T19:05:43","modified_gmt":"2024-08-06T22:05:43","slug":"inequidades-del-sistema-previsional-el-costo-que-todos-los-santafesinos-pagan-para-28-de-la-poblacion","status":"publish","type":"post","link":"http:\/\/argentinamunicipal.com.ar\/argentina\/inequidades-del-sistema-previsional-el-costo-que-todos-los-santafesinos-pagan-para-28-de-la-poblacion\/","title":{"rendered":"Inequidades del sistema previsional: El costo que todos los santafesinos pagan para 2,8 % de la poblaci\u00f3n"},"content":{"rendered":"<p>La reforma definir\u00e1 -incluso a igualdad de derechos y condiciones- cu\u00e1nto ponen de sus bolsillos los que cobran menos para financiar a quienes perciben m\u00e1s.<\/p>\n<p>La provincia de Santa Fe tuvo que poner de sus recursos fiscales $1,3 mill\u00f3n promedio por cada beneficiario de su sistema previsional, lo que totaliza el 5% de su gasto primario total. Eso lo financia -por afuera de los aportes propios del sistema- el conjunto de los santafesinos con sus impuestos; el beneficio es para el 17% de los jubilados que viven en la provincia (2,8% de la poblaci\u00f3n total) y cobran en la Caja provincial. En 2023 percibieron un promedio de 603.762 de haber promedio.<\/p>\n<p>Los santafesinos que cobran en el Sistema Integrado Previsional Argentino (lo que com\u00fanmente llamamos en la Anses) representan el 79,2% del total de los jubilados que viven en la provincia (13,1% de la poblaci\u00f3n total) y percibieron a diciembre un beneficio de $198.143 pesos (incluye contributivos) a diciembre de 2023.<\/p>\n<p>La inequidad manifiesta entre aportantes y beneficiarios -a igualdad de derechos pero en distintas cajas- se agrava si se considera que entre los beneficiarios de la caja previsional santafesina, el haber promedio del Poder Judicial fue de $2,8 millones (siempre a diciembre del pasado a\u00f1o) para un subsegmento que no discute salarios en paritaria propia sino que parte de bases relativas siempre superiores y est\u00e1 \u00abenganchado\u00bb al sistema nacional, sea que el Tesoro santafesino tenga o no recursos para pagar salarios, aportes y beneficios del sector.<\/p>\n<p>Los datos surgen de distintos estudios del Centro de Estudios en Finanzas P\u00fablicas de la Facultad de Ciencias Econ\u00f3micas (FCE) de la Universidad Nacional de La Plata (UNLP), el Ministerio de Econom\u00eda de la Provincia de Buenos Aires y el Consejo Federal de Inversi\u00f3n (CFI).<\/p>\n<p>El fen\u00f3meno no es s\u00f3lo santafesino. \u00abEl financiamiento de una parte de estos haberes implic\u00f3 transferencias de recursos equivalentes al 3,5% del gasto en la PBA, 5,0% en Santa Fe y 7,8% en C\u00f3rdoba. Los subsidios representaron entre $1 mill\u00f3n por beneficiario por a\u00f1o en la PBA, $1,3 millones en Santa Fe y $1,9 millones en C\u00f3rdoba; equivalentes a 5,7 AUH anuales en la PBA, 7,4 AHU en Santa Fe y 10,7 AUH en C\u00f3rdoba\u00bb.<\/p>\n<p>El comparativo es del profesor Hugo Bert\u00edn, docente de Econom\u00eda de la Seguridad Social en las universidades de La Plata y Rosario, miembro del Centro de Estudios de la Seguridad Social, FCE-UBA.<\/p>\n<p>La comisi\u00f3n legislativa de An\u00e1lisis Previsional en Santa Fe ultima por estas horas su informe al gobernador respecto de la reforma bajo an\u00e1lisis, que procura atemperar el d\u00e9ficit de la Caja -$130 mil millones en 2023- sin contar con los millonarios recursos que Naci\u00f3n le debe a la provincia para cubrir parte de ese rojo fiscal.<\/p>\n<p><strong>Problema fiscal e intergeneracional<\/strong><br \/>\n\u00bfC\u00f3mo lograr beneficios justos, compatibles con las cuentas santafesinas sin sobreexigir al 97,2% de los santafesinos que no son ni ser\u00e1n beneficiarios directos del sistema , entre ellos a los jubilados nacionales santafesinos que cobran un tercio de sus pares provinciales?<\/p>\n<p>El desaf\u00edo de los legisladores no est\u00e1 s\u00f3lo en la ecuaci\u00f3n fiscal del sistema provincial. Involucra a toda la poblaci\u00f3n y es adem\u00e1s intergeneracional. \u00abLa Caja tiene un d\u00e9ficit previsional cr\u00f3nico como consecuencia de la existencia de par\u00e1metros m\u00e1s laxos que el SIPA y una relaci\u00f3n entre los activos y pasivos que se viene deteriorando en los \u00faltimos a\u00f1os; los efectos de la insuficiencia de recursos propios no se podr\u00e1n menguar a menos que medie una reforma param\u00e9trica que los adecue al proceso de envejecimiento poblacional\u00bb, ha advertido Bert\u00edn.<\/p>\n<p>El dato interpela en especial a los docentes del sector p\u00fablico santafesino. \u00abLa feminizaci\u00f3n de la base de pasivos provinciales (69% del total), en especial en el subsistema de docente (38,4% del total), contribuye a una mayor duraci\u00f3n promedio de la permanencia de los beneficios, en virtud de su mayor esperanza de vida y la menor edad a la cual pueden acceder al sistema\u00bb, se\u00f1al\u00f3 el especialista en su informe.<\/p>\n<h6>Fuente: El Litoral<\/h6>\n","protected":false},"excerpt":{"rendered":"<p>La reforma definir\u00e1 -incluso a igualdad de derechos y condiciones- cu\u00e1nto ponen de sus bolsillos los que cobran menos para financiar a quienes perciben m\u00e1s.<\/p>\n","protected":false},"author":2,"featured_media":149026,"comment_status":"closed","ping_status":"closed","sticky":false,"template":"","format":"standard","meta":{"footnotes":""},"categories":[4],"tags":[10],"class_list":["post-149025","post","type-post","status-publish","format-standard","has-post-thumbnail","hentry","category-informe-politico","tag-santa-fe"],"_links":{"self":[{"href":"http:\/\/argentinamunicipal.com.ar\/argentina\/wp-json\/wp\/v2\/posts\/149025","targetHints":{"allow":["GET"]}}],"collection":[{"href":"http:\/\/argentinamunicipal.com.ar\/argentina\/wp-json\/wp\/v2\/posts"}],"about":[{"href":"http:\/\/argentinamunicipal.com.ar\/argentina\/wp-json\/wp\/v2\/types\/post"}],"author":[{"embeddable":true,"href":"http:\/\/argentinamunicipal.com.ar\/argentina\/wp-json\/wp\/v2\/users\/2"}],"replies":[{"embeddable":true,"href":"http:\/\/argentinamunicipal.com.ar\/argentina\/wp-json\/wp\/v2\/comments?post=149025"}],"version-history":[{"count":0,"href":"http:\/\/argentinamunicipal.com.ar\/argentina\/wp-json\/wp\/v2\/posts\/149025\/revisions"}],"wp:featuredmedia":[{"embeddable":true,"href":"http:\/\/argentinamunicipal.com.ar\/argentina\/wp-json\/wp\/v2\/media\/149026"}],"wp:attachment":[{"href":"http:\/\/argentinamunicipal.com.ar\/argentina\/wp-json\/wp\/v2\/media?parent=149025"}],"wp:term":[{"taxonomy":"category","embeddable":true,"href":"http:\/\/argentinamunicipal.com.ar\/argentina\/wp-json\/wp\/v2\/categories?post=149025"},{"taxonomy":"post_tag","embeddable":true,"href":"http:\/\/argentinamunicipal.com.ar\/argentina\/wp-json\/wp\/v2\/tags?post=149025"}],"curies":[{"name":"wp","href":"https:\/\/api.w.org\/{rel}","templated":true}]}}