{"id":149028,"date":"2024-08-07T05:45:11","date_gmt":"2024-08-07T08:45:11","guid":{"rendered":"http:\/\/argentinamunicipal.com.ar\/argentina\/?p=149028"},"modified":"2024-08-06T19:09:11","modified_gmt":"2024-08-06T22:09:11","slug":"productores-de-la-agricultura-familiar-en-crisis","status":"publish","type":"post","link":"http:\/\/argentinamunicipal.com.ar\/argentina\/productores-de-la-agricultura-familiar-en-crisis\/","title":{"rendered":"Productores de la agricultura familiar en crisis"},"content":{"rendered":"<p>Los agricultores est\u00e1n atravesando una crisis econ\u00f3mica irremontable que afecta directamente los precios de las verduras. Esta realidad sumada al complejo contexto econ\u00f3mico del pa\u00eds genera que los productores no puedan cubrir los gastos que conlleva volver a sembrar<\/p>\n<p>Debido a las p\u00e9rdidas causadas por las dificultades clim\u00e1ticas iniciadas con las fuertes lluvias en la primera mitad del a\u00f1o y la helada de las \u00faltimas semanas, los agricultores del Gran Rosario est\u00e1n atravesando una crisis econ\u00f3mica irremontable que afecta directamente los precios de las verduras en la provincia.<\/p>\n<p>Esta realidad sumada al complejo contexto econ\u00f3mico del pa\u00eds genera que los productores de hortalizas no puedan cubrir los gastos que conlleva volver a sembrar de forma sistem\u00e1tica, teniendo en cuenta que el valor de los insumos que utilizan para trabajar est\u00e1 fijado en d\u00f3lares. Las p\u00e9rdidas y la falta de producci\u00f3n impactan autom\u00e1ticamente en el precio final que se ve en las verduler\u00edas, pero de ese monto es muy poco lo que les queda a quienes producen en el campo.<\/p>\n<p>Ante estos hechos Juan Tejerina, productor radicado en Pueblo Esther y referente del MTE afirma: \u201cDesde el mes de marzo le venimos pidiendo al Ministerio de Desarrollo Productivo de Santa Fe y a sus funcionarios que den una respuesta, m\u00e1s que nada el poder organizar una reuni\u00f3n para tratar la problem\u00e1tica, pero hasta ahora desde el gobierno provincial no se decidieron a atendernos, para nosotros cada d\u00eda la cosa se va poniendo peor, nos preocupa no saber c\u00f3mo sostener el trabajo hasta fin de a\u00f1o\u201d.<\/p>\n<h6>Fuente: El Ciudadano<\/h6>\n","protected":false},"excerpt":{"rendered":"<p>Los agricultores est\u00e1n atravesando una crisis econ\u00f3mica irremontable que afecta directamente los precios de las verduras. Esta realidad sumada al complejo contexto econ\u00f3mico del pa\u00eds genera que los productores no puedan cubrir los gastos que conlleva volver a sembrar<\/p>\n","protected":false},"author":2,"featured_media":149029,"comment_status":"closed","ping_status":"closed","sticky":false,"template":"","format":"standard","meta":{"footnotes":""},"categories":[2],"tags":[21],"class_list":["post-149028","post","type-post","status-publish","format-standard","has-post-thumbnail","hentry","category-informe-municipal","tag-argentina"],"_links":{"self":[{"href":"http:\/\/argentinamunicipal.com.ar\/argentina\/wp-json\/wp\/v2\/posts\/149028","targetHints":{"allow":["GET"]}}],"collection":[{"href":"http:\/\/argentinamunicipal.com.ar\/argentina\/wp-json\/wp\/v2\/posts"}],"about":[{"href":"http:\/\/argentinamunicipal.com.ar\/argentina\/wp-json\/wp\/v2\/types\/post"}],"author":[{"embeddable":true,"href":"http:\/\/argentinamunicipal.com.ar\/argentina\/wp-json\/wp\/v2\/users\/2"}],"replies":[{"embeddable":true,"href":"http:\/\/argentinamunicipal.com.ar\/argentina\/wp-json\/wp\/v2\/comments?post=149028"}],"version-history":[{"count":0,"href":"http:\/\/argentinamunicipal.com.ar\/argentina\/wp-json\/wp\/v2\/posts\/149028\/revisions"}],"wp:featuredmedia":[{"embeddable":true,"href":"http:\/\/argentinamunicipal.com.ar\/argentina\/wp-json\/wp\/v2\/media\/149029"}],"wp:attachment":[{"href":"http:\/\/argentinamunicipal.com.ar\/argentina\/wp-json\/wp\/v2\/media?parent=149028"}],"wp:term":[{"taxonomy":"category","embeddable":true,"href":"http:\/\/argentinamunicipal.com.ar\/argentina\/wp-json\/wp\/v2\/categories?post=149028"},{"taxonomy":"post_tag","embeddable":true,"href":"http:\/\/argentinamunicipal.com.ar\/argentina\/wp-json\/wp\/v2\/tags?post=149028"}],"curies":[{"name":"wp","href":"https:\/\/api.w.org\/{rel}","templated":true}]}}