{"id":149034,"date":"2024-08-07T05:12:38","date_gmt":"2024-08-07T08:12:38","guid":{"rendered":"http:\/\/argentinamunicipal.com.ar\/argentina\/?p=149034"},"modified":"2024-08-06T19:16:01","modified_gmt":"2024-08-06T22:16:01","slug":"la-falta-de-ventas-uno-de-los-principales-obstaculos-que-enfrenta-el-comercio-santafesino","status":"publish","type":"post","link":"http:\/\/argentinamunicipal.com.ar\/argentina\/la-falta-de-ventas-uno-de-los-principales-obstaculos-que-enfrenta-el-comercio-santafesino\/","title":{"rendered":"La \u00abfalta de ventas\u00bb, uno de los principales obst\u00e1culos que enfrenta el comercio santafesino"},"content":{"rendered":"<p>As\u00ed lo revel\u00f3 un informe del Centro Comercial de Santa Fe. M\u00e1s del 45% de los comerciantes locales apunt\u00f3 a la \u00abfalta de ventas\u00bb como principal dificultad, seguido de los \u201caltos costos de producci\u00f3n y log\u00edstica\u201d con un 35.8%.<\/p>\n<p>El Departamento de Investigaciones Econ\u00f3micas y Sociales (Dies) dependiente del Centro Comercial de Santa Fe, public\u00f3 el informe mensual de\u00a0ventas minoristas\u00a0correspondiente al mes de julio de 2024.\u00a0El 59,1% de los comercios encuestados en la ciudad expres\u00f3 la necesidad de \u00abreducci\u00f3n de impuestos\u00bb por parte del gobierno como \u00abmedida m\u00e1s efectiva a corto plazo para apoyar a las Pymes\u00bb.<\/p>\n<p>Por su parte, cuando se los consult\u00f3 sobre \u00ablos principales obst\u00e1culos que enfrentas las pymes en la actualidad\u00bb se destaca claramente como mayor dificultad citada por los empresarios la \u201cfalta de ventas\u201d con un 45.1%, seguido de \u201caltos costos de producci\u00f3n y log\u00edstica\u201d con un 35.8% y otros con incidencias menores.<\/p>\n<p>El reciente informe de ventas minoristas para julio de 2024, elaborado por el Departamento de Investigaciones Econ\u00f3micas y Sociales del Centro Comercial de Santa Fe, revela un panorama complejo para el comercio de la ciudad.<\/p>\n<p>Seg\u00fan expresa el informe del Centro Comercial local, \u00aba pesar de los aumentos nominales en la facturaci\u00f3n, la alta inflaci\u00f3n ha generado una disminuci\u00f3n en las ventas reales\u00bb, y agrega: \u00abLa comparaci\u00f3n interanual de la facturaci\u00f3n del comercio minorista se ve profundamente afectada por el \u00edndice de inflaci\u00f3n, que en los \u00faltimos doce meses se ha situado en torno al 271,5%\u00bb.<\/p>\n<p>\u00abEste efecto distorsivo implica que, aunque se registren incrementos significativos en los valores nominales, estos se diluyen e incluso resultan negativos cuando se ajustan por la inflaci\u00f3n.\u00a0De hecho, todos los comercios relevados han experimentado una disminuci\u00f3n en sus niveles reales de ventas en la comparaci\u00f3n interanual\u00bb, subraya el informe.<\/p>\n<p><strong>Percepci\u00f3n de los comerciantes con las ventas de julio<\/strong><br \/>\nSeg\u00fan el informe, a pesar del contexto adverso, los comerciantes no se muestran completamente descontentos con el desempe\u00f1o de sus ventas. Un 52,9% califica sus ventas como \u00abaceptables\u00bb y un 2,9% las considera \u00abbuenas\u00bb.<\/p>\n<p>Esto sugiere que, aunque las cifras reales sean desalentadoras, los comerciantes est\u00e1n considerando el contexto general y moderando sus expectativas.<\/p>\n<p>En cuanto a la utilidad obtenida en julio de 2024, un 32,4% de los titulares de comercios la valoran como \u00abaceptable\u00bb, mientras que un 50% la califica como \u00abregular\u00bb y un 14,7% como \u00abmala\u00bb.<\/p>\n<p>Las expectativas de los comerciantes sobre el futuro tambi\u00e9n reflejan un moderado optimismo. Una mayor\u00eda de los consultados se divide entre quienes creen que incrementar\u00e1n sus ventas (47,1%) y aquellos que piensan que se mantendr\u00e1n en los niveles actuales (50%). Solo un 2,9% anticipa una disminuci\u00f3n en sus ventas en los pr\u00f3ximos meses.<\/p>\n<p><strong>Empleo y precios<\/strong><br \/>\nA pesar de la retracci\u00f3n en las ventas, una gran mayor\u00eda de los comercios (95,8%) planea mantener sin alteraciones su plantel de personal, lo que es una buena noticia en t\u00e9rminos de empleo. Un 1,8% incluso considera incrementarlo, mientras que un 2,4% prev\u00e9 disminuirlo.<\/p>\n<p>En cuanto a las listas de precios, solo un 2,9% de los comercios consultados no report\u00f3 variaciones en julio de 2024. La mayor\u00eda (52,9%) recibi\u00f3 listas con incrementos entre el 5% y el 10%, y un 29,4% declar\u00f3 incrementos superiores al 10%.<\/p>\n<h6>Fuente: Uno<\/h6>\n","protected":false},"excerpt":{"rendered":"<p>As\u00ed lo revel\u00f3 un informe del Centro Comercial de Santa Fe. M\u00e1s del 45% de los comerciantes locales apunt\u00f3 a la \u00abfalta de ventas\u00bb como principal dificultad, seguido de los \u201caltos costos de producci\u00f3n y log\u00edstica\u201d con un 35.8%.<\/p>\n","protected":false},"author":2,"featured_media":149035,"comment_status":"closed","ping_status":"closed","sticky":false,"template":"","format":"standard","meta":{"footnotes":""},"categories":[5],"tags":[10],"class_list":["post-149034","post","type-post","status-publish","format-standard","has-post-thumbnail","hentry","category-informe-economico","tag-santa-fe"],"_links":{"self":[{"href":"http:\/\/argentinamunicipal.com.ar\/argentina\/wp-json\/wp\/v2\/posts\/149034","targetHints":{"allow":["GET"]}}],"collection":[{"href":"http:\/\/argentinamunicipal.com.ar\/argentina\/wp-json\/wp\/v2\/posts"}],"about":[{"href":"http:\/\/argentinamunicipal.com.ar\/argentina\/wp-json\/wp\/v2\/types\/post"}],"author":[{"embeddable":true,"href":"http:\/\/argentinamunicipal.com.ar\/argentina\/wp-json\/wp\/v2\/users\/2"}],"replies":[{"embeddable":true,"href":"http:\/\/argentinamunicipal.com.ar\/argentina\/wp-json\/wp\/v2\/comments?post=149034"}],"version-history":[{"count":0,"href":"http:\/\/argentinamunicipal.com.ar\/argentina\/wp-json\/wp\/v2\/posts\/149034\/revisions"}],"wp:featuredmedia":[{"embeddable":true,"href":"http:\/\/argentinamunicipal.com.ar\/argentina\/wp-json\/wp\/v2\/media\/149035"}],"wp:attachment":[{"href":"http:\/\/argentinamunicipal.com.ar\/argentina\/wp-json\/wp\/v2\/media?parent=149034"}],"wp:term":[{"taxonomy":"category","embeddable":true,"href":"http:\/\/argentinamunicipal.com.ar\/argentina\/wp-json\/wp\/v2\/categories?post=149034"},{"taxonomy":"post_tag","embeddable":true,"href":"http:\/\/argentinamunicipal.com.ar\/argentina\/wp-json\/wp\/v2\/tags?post=149034"}],"curies":[{"name":"wp","href":"https:\/\/api.w.org\/{rel}","templated":true}]}}