{"id":149037,"date":"2024-08-08T05:47:29","date_gmt":"2024-08-08T08:47:29","guid":{"rendered":"http:\/\/argentinamunicipal.com.ar\/argentina\/?p=149037"},"modified":"2024-08-06T19:23:49","modified_gmt":"2024-08-06T22:23:49","slug":"nacion-suprimio-la-delegacion-rosario-que-controlaba-la-hidrovia-y-dejo-afuera-a-las-provincias","status":"publish","type":"post","link":"http:\/\/argentinamunicipal.com.ar\/argentina\/nacion-suprimio-la-delegacion-rosario-que-controlaba-la-hidrovia-y-dejo-afuera-a-las-provincias\/","title":{"rendered":"Naci\u00f3n suprimi\u00f3 la delegaci\u00f3n Rosario que controlaba la Hidrov\u00eda y dej\u00f3 afuera a las provincias"},"content":{"rendered":"<p>De esta forma las provincias pierden la gesti\u00f3n y control de esta v\u00eda navegable. La Casa Rosada analiza cederle a los privados la explotaci\u00f3n del canal Paran\u00e1-Paraguay<\/p>\n<p>Los diputados de la oposici\u00f3n criticaron la decisi\u00f3n de eliminar el ente que controlaba la Hidrov\u00eda Paran\u00e1-Paraguay<br \/>\n\u00abMilei elimina el Ente Nacional de Control y Gesti\u00f3n de la Via Navegable, con sede en Rosario. Las provincias, afuera de las decisiones sobre la Hidrovia. Enorme retroceso del federalismo. Rosario, otra vez perjudicada por Milei\u00bb, poste\u00f3 en la red X, el jefe de la bancada del kirchnerismo, el diputado por Santa Fe Germ\u00e1n Mart\u00ednez. De esta forma, las provincias quedan fuera de la fiscalizaci\u00f3n del tr\u00e1fico fluvial de embarcaciones, mientras trascendi\u00f3 que el gobierno nacional prepara una licitaci\u00f3n para cederle la potestad a los privados.<\/p>\n<p>En marzo del 2022 el ex gobernador Omar Perotti, el ex secretario de Transporte de la Naci\u00f3n Diego Giuliano participaron del acto para ceder el Inmueble de Laprida y Santa Fe (ex SENASA), para el uso y funcionamiento del Ente de Control y Gesti\u00f3n de la V\u00eda Navegable.<\/p>\n<p>Previamente se hab\u00eda conformado el Consejo Federal Hidrov\u00eda y posteriormente con la creaci\u00f3n del Ente de Control y Gesti\u00f3n de la V\u00eda Navegable. El ente ten\u00eda incluido el voto de las 7 provincias costeras.<\/p>\n<p>\u00abTener sede en Rosario y dejar\u00e1 de ser una perdida oficina de Buenos Aires. Esa es una realidad que empieza a concretarse con un lugar que jerarquiza al ente y a la ciudad\u00bb, hab\u00eda se\u00f1alado Perotti.<\/p>\n<p>El Ente Nacional de Control y Gesti\u00f3n de la V\u00eda Navegable es un organismo aut\u00e1rquico. Con la cesi\u00f3n de las llaves de Laprida 708, se le cambi\u00f3 el destino a la ex sede del Senasa que oper\u00f3 hasta 2015, a\u00f1o en que entr\u00f3 en remodelaci\u00f3n. Las obras nunca avanzaron.<\/p>\n<p>Enterado de la decisi\u00f3n del gobierno de Javier Milei de disolver el ente que controla desde Rosario la Hidrov\u00eda Paran\u00e1-Paraguay, el propio Giuliano se pronunci\u00f3 ante La Capital al respecto: \u00abComo rosarino es una tremenda injusticia. Rosario fue designada como sede del ente que gestiona la v\u00eda navegable troncal por su importancia y trascendencia por la participaci\u00f3n que tiene en la historia y proyectado a futuro como una enorme posibilidad de ampliaci\u00f3n. Como integrante de un pa\u00eds federal, esto es un retroceso y un avance unitario. Quitan a las provincias del ente que permit\u00eda no solo el control sino tambi\u00e9n la distribuci\u00f3n del peaje en obras que se iban a llevar adelante en cada uno de los puertos de la provincias argentinas\u00bb.<\/p>\n<p>El dragado del canal fluvial est\u00e1 en manos de la firma belga Jan de Nul, pero en la ola de rumores trascendi\u00f3 que el grupo Eurnekian habr\u00eda acercado la idea que al holding de los pa\u00edses bajos Boskalis para participar de una futura licitaci\u00f3n.<\/p>\n<p>Lo cierto es que con esta decisi\u00f3n margina a gobernadores que brindaron su aval, aunque algunos con reparos y que sostuvieron la salida de la Ley Bases en el Congreso. Tambi\u00e9n habr\u00e1 que analizar como impactar\u00e1 en la relaci\u00f3n con la Casa Rosada y los gobernadores Maximiliano Pullaro y Rogelio Frigerio de Santa Fe y Entre R\u00edos respectivamente.<\/p>\n<h6>Fuetne: La Capital<\/h6>\n<p>&nbsp;<\/p>\n","protected":false},"excerpt":{"rendered":"<p>De esta forma las provincias pierden la gesti\u00f3n y control de esta v\u00eda navegable. La Casa Rosada analiza cederle a los privados la explotaci\u00f3n del canal Paran\u00e1-Paraguay<\/p>\n","protected":false},"author":2,"featured_media":149038,"comment_status":"closed","ping_status":"closed","sticky":false,"template":"","format":"standard","meta":{"footnotes":""},"categories":[2],"tags":[21],"class_list":["post-149037","post","type-post","status-publish","format-standard","has-post-thumbnail","hentry","category-informe-municipal","tag-argentina"],"_links":{"self":[{"href":"http:\/\/argentinamunicipal.com.ar\/argentina\/wp-json\/wp\/v2\/posts\/149037","targetHints":{"allow":["GET"]}}],"collection":[{"href":"http:\/\/argentinamunicipal.com.ar\/argentina\/wp-json\/wp\/v2\/posts"}],"about":[{"href":"http:\/\/argentinamunicipal.com.ar\/argentina\/wp-json\/wp\/v2\/types\/post"}],"author":[{"embeddable":true,"href":"http:\/\/argentinamunicipal.com.ar\/argentina\/wp-json\/wp\/v2\/users\/2"}],"replies":[{"embeddable":true,"href":"http:\/\/argentinamunicipal.com.ar\/argentina\/wp-json\/wp\/v2\/comments?post=149037"}],"version-history":[{"count":0,"href":"http:\/\/argentinamunicipal.com.ar\/argentina\/wp-json\/wp\/v2\/posts\/149037\/revisions"}],"wp:featuredmedia":[{"embeddable":true,"href":"http:\/\/argentinamunicipal.com.ar\/argentina\/wp-json\/wp\/v2\/media\/149038"}],"wp:attachment":[{"href":"http:\/\/argentinamunicipal.com.ar\/argentina\/wp-json\/wp\/v2\/media?parent=149037"}],"wp:term":[{"taxonomy":"category","embeddable":true,"href":"http:\/\/argentinamunicipal.com.ar\/argentina\/wp-json\/wp\/v2\/categories?post=149037"},{"taxonomy":"post_tag","embeddable":true,"href":"http:\/\/argentinamunicipal.com.ar\/argentina\/wp-json\/wp\/v2\/tags?post=149037"}],"curies":[{"name":"wp","href":"https:\/\/api.w.org\/{rel}","templated":true}]}}