{"id":149068,"date":"2024-08-12T05:19:25","date_gmt":"2024-08-12T08:19:25","guid":{"rendered":"http:\/\/argentinamunicipal.com.ar\/argentina\/?p=149068"},"modified":"2024-08-07T19:22:20","modified_gmt":"2024-08-07T22:22:20","slug":"rio-cuarto-advierten-despidos-por-goteo-de-empleadas-domesticas-por-la-crisis","status":"publish","type":"post","link":"http:\/\/argentinamunicipal.com.ar\/argentina\/rio-cuarto-advierten-despidos-por-goteo-de-empleadas-domesticas-por-la-crisis\/","title":{"rendered":"R\u00edo Cuarto: Advierten despidos por goteo de empleadas dom\u00e9sticas por la crisis"},"content":{"rendered":"<p>Desde la Asociaci\u00f3n del Personal de Casas de Familia (Apecaf) vienen registrando dos desvinculaciones por semana durante el \u00faltimo tiempo. Hablan de atraso salarial y de que no tienen aumentos salariales desde mayo<\/p>\n<p>Las trabajadoras de casas particulares negociar\u00e1n salarios el mes que viene, seg\u00fan adelantaron desde Apecaf.<\/p>\n<p>Desde Apecaf, el gremio que nuclea a las empleadas dom\u00e9sticas, advirtieron que en el \u00faltimo tiempo se vienen dando despidos por goteo en ese rubro y hablan de dos casos por semana. Dicen que la causa es la crisis econ\u00f3mica, en particular los problemas de ingresos de los empleadores, principalmente del sector asalariado.<\/p>\n<p>La delicada situaci\u00f3n fue se\u00f1alada por la representante de Apecaf en R\u00edo Cuarto, Viviana Pomiglio, quien admiti\u00f3: \u201cSemanalmente hay un promedio de dos despidos, en lo que va de estas \u00faltimas semanas\u201d.<\/p>\n<p>Pomiglio indic\u00f3 que cada semana hay \u201cun despido o una reducci\u00f3n de jornada, porque este sector es empleado de un sector trabajador, que est\u00e1 teniendo sueldos bajos\u201d.<\/p>\n<p>En este sentido, argument\u00f3 que los empleadores \u201cno est\u00e1n pudiendo afrontar los gastos, sobre todo lo que tiene que ver con el incremento de los servicios y todo lo dem\u00e1s, por lo que est\u00e1n reduciendo y en algunos casos despidiendo\u201d.<\/p>\n<p>Sin ir m\u00e1s lejos, Pomiglio relat\u00f3 que, momentos antes de ser entrevistada para esta nota, la apoderada legal de Apecaf R\u00edo Cuarto le inform\u00f3 que recibi\u00f3 un caso de despido. \u201cVan a ver c\u00f3mo pueden indemnizarla porque no puede sostenerla m\u00e1s. Una cuesti\u00f3n, no de mala voluntad de la parte empleadora, sino de la realidad\u201d, aclar\u00f3.<\/p>\n<p>Paritarias, desde el 1\u00ba de agosto<br \/>\nEn otro orden de cosas, explic\u00f3 que en lo que va del a\u00f1o hubo un aumento salarial por decreto para las empleadas de casas particulares, que luego no se actualiz\u00f3; desde el mes de mayo a esta parte se mantuvo inalterable.<\/p>\n<p>Apecaf advirti\u00f3 que hay un promedio de dos despidos por semana en el sector.<\/p>\n<p>\u201cDesde que asumi\u00f3 Milei, todas las instancias han fracasado, y termina dando un aumento por decreto, que gener\u00f3 mucha desinformaci\u00f3n.Fue un serio problema para que la patronal lo pague, porque no figuraba ante la Afip. Esto llev\u00f3 a que en R\u00edo Cuarto hici\u00e9ramos una movilizaci\u00f3n y pidi\u00e9ramos al Concejo Deliberante que les elevara al ministro de Trabajo y a los legisladores nacionales un pedido urgente para corregir esto\u201d, se\u00f1al\u00f3 Pomiglio.<\/p>\n<p>-\u00bfPor qu\u00e9 en algunos sitios se habla de aumento para el sector?<\/p>\n<p>-Lo que hay que aclarar es que no hay absolutamente ning\u00fan aumento vigente (ver abajo). Hay mucha confusi\u00f3n, porque en las redes dicen lo que van a cobrar las empleadas dom\u00e9sticas a partir de agosto. Y todo el mundo cree que ha habido aumento, no ha habido aumento desde mayo. Fue el \u00faltimo incremento. Despu\u00e9s hubo una reuni\u00f3n de la mesa nacional del salario, la cual fracas\u00f3. Por lo tanto, no hay instancia paritaria y reci\u00e9n ahora se comunican desde nuestra delegada a nivel nacional del sector de empleadas de casas particulares. Han citado a las partes a la Secretar\u00eda de Trabajo para este lunes y se retomar\u00e1 la instancia de di\u00e1logo. Esperamos que sea r\u00e1pida que sea eficiente y que se pueda lograr un aumento.<\/p>\n<p>-\u00bfPuede el Gobierno de resolver por decreto?<\/p>\n<p>-La vez anterior, cuando fracas\u00f3 la mesa del salario, lo hizo por decreto en este caso.<\/p>\n<p>-\u00bfTienen expectativa de poder adecuar los salarios en esta nueva instancia?<\/p>\n<p>-Creo que s\u00ed, no queda margen en realidad. A m\u00ed me parec\u00eda esto tan dif\u00edcil de entender, porque se hab\u00eda pedido dentro de la mesa del salario un incremento del 116 por ciento. Lo que se pidi\u00f3 para todos los sectores y que es acorde a la inflaci\u00f3n, al costo de vida en general. Seg\u00fan el Gobierno, esto no es as\u00ed, pero la cosa que, vale el ejemplo, a nosotros en el lugar donde alquilamos en Apecaf, nos aplican 116 por ciento de aumento. A ninguno de los trabajadores le dan este porcentaje de incremento, pero sin embargo se aplican sobre los gastos. Es parad\u00f3jico, pero es la realidad, as\u00ed que esperamos que salga una resoluci\u00f3n urgente al respecto.<\/p>\n<p>Trabajadoras de casas particulares buscan cerrar la paritaria<br \/>\nLa paritaria del personal dom\u00e9stico no lleg\u00f3 a un acuerdo este \u00faltimo viernes y pas\u00f3 a un cuarto intermedio hasta ma\u00f1ana. Se espera que finalmente lleguen a un acuerdo, sobre todo a partir de que las trabajadoras bajaron sus aspiraciones.<\/p>\n<p>En la \u00faltima audiencia, la representaci\u00f3n gremial de las empleadas dom\u00e9sticas plantearon un pedido concreto de una recomposici\u00f3n del salario que compense la p\u00e9rdida de poder adquisitivo que vienen arrastrando desde hace varios meses.<\/p>\n<p>Por su parte, sl sector patronal se apoy\u00f3 en la postura de la secretar\u00eda de Trabajo y ofreci\u00f3 una suba del 12 por ciento para junio, agosto y septiembre, lo cual est\u00e1 muy lejos de la pretensi\u00f3n de las y los trabajadores.<\/p>\n<p>Es que los gremios hab\u00edan pedido incialmente un 22 por ciento para el trimestre: 8 por ciento para julio, 7 por ciento en agosto y 7 por ciento en septiembre, \u00abteniendo en cuenta que venimos de dos meses sin recuperaci\u00f3n de salario\u00bb, dijeron.<\/p>\n<p>Posteriormente, frente a la falta de avances en la negociaci\u00f3n, bajaron sus aspiraciones y plantearon un incremento del 13 por ciento en dos partes: 8 por ciento en julio y 5 por ciento en agosto.<\/p>\n<p>El encuentro de la Comisi\u00f3n Nacional de Trabajo en Casas Particulares se llev\u00f3 a cabo en la Secretar\u00eda de Trabajo y concluy\u00f3 sin avances pero con la promesa de cerrar la negociaci\u00f3n en el encuentro de ma\u00f1ana, desde las 14 en forma virtual.<\/p>\n<h6>Fuente: Puntal<\/h6>\n","protected":false},"excerpt":{"rendered":"<p>Desde la Asociaci\u00f3n del Personal de Casas de Familia (Apecaf) vienen registrando dos desvinculaciones por semana durante el \u00faltimo tiempo. Hablan de atraso salarial y de que no tienen aumentos salariales desde mayo<\/p>\n","protected":false},"author":2,"featured_media":149069,"comment_status":"closed","ping_status":"closed","sticky":false,"template":"","format":"standard","meta":{"footnotes":""},"categories":[2],"tags":[3],"class_list":["post-149068","post","type-post","status-publish","format-standard","has-post-thumbnail","hentry","category-informe-municipal","tag-cordoba"],"_links":{"self":[{"href":"http:\/\/argentinamunicipal.com.ar\/argentina\/wp-json\/wp\/v2\/posts\/149068","targetHints":{"allow":["GET"]}}],"collection":[{"href":"http:\/\/argentinamunicipal.com.ar\/argentina\/wp-json\/wp\/v2\/posts"}],"about":[{"href":"http:\/\/argentinamunicipal.com.ar\/argentina\/wp-json\/wp\/v2\/types\/post"}],"author":[{"embeddable":true,"href":"http:\/\/argentinamunicipal.com.ar\/argentina\/wp-json\/wp\/v2\/users\/2"}],"replies":[{"embeddable":true,"href":"http:\/\/argentinamunicipal.com.ar\/argentina\/wp-json\/wp\/v2\/comments?post=149068"}],"version-history":[{"count":0,"href":"http:\/\/argentinamunicipal.com.ar\/argentina\/wp-json\/wp\/v2\/posts\/149068\/revisions"}],"wp:featuredmedia":[{"embeddable":true,"href":"http:\/\/argentinamunicipal.com.ar\/argentina\/wp-json\/wp\/v2\/media\/149069"}],"wp:attachment":[{"href":"http:\/\/argentinamunicipal.com.ar\/argentina\/wp-json\/wp\/v2\/media?parent=149068"}],"wp:term":[{"taxonomy":"category","embeddable":true,"href":"http:\/\/argentinamunicipal.com.ar\/argentina\/wp-json\/wp\/v2\/categories?post=149068"},{"taxonomy":"post_tag","embeddable":true,"href":"http:\/\/argentinamunicipal.com.ar\/argentina\/wp-json\/wp\/v2\/tags?post=149068"}],"curies":[{"name":"wp","href":"https:\/\/api.w.org\/{rel}","templated":true}]}}