{"id":14907,"date":"2014-09-20T10:19:49","date_gmt":"2014-09-20T13:19:49","guid":{"rendered":"http:\/\/argentinamunicipal.com.ar\/argentina\/?p=14907"},"modified":"2014-09-20T10:19:49","modified_gmt":"2014-09-20T13:19:49","slug":"cataluna-apura-el-paso-y-convoca-a-su-propio-referendum-de-independencia","status":"publish","type":"post","link":"http:\/\/argentinamunicipal.com.ar\/argentina\/cataluna-apura-el-paso-y-convoca-a-su-propio-referendum-de-independencia\/","title":{"rendered":"Catalu\u00f1a apura el paso y convoca a su propio refer\u00e9ndum de independencia"},"content":{"rendered":"<div id=\"attachment_14908\" style=\"width: 631px\" class=\"wp-caption aligncenter\"><a href=\"http:\/\/argentinamunicipal.com.ar\/argentina\/wp-content\/uploads\/2014\/09\/em3301-rt.jpg_88717827.jpg\"><img loading=\"lazy\" decoding=\"async\" aria-describedby=\"caption-attachment-14908\" class=\"size-full wp-image-14908\" src=\"http:\/\/argentinamunicipal.com.ar\/argentina\/wp-content\/uploads\/2014\/09\/em3301-rt.jpg_88717827.jpg\" alt=\"Listos. Los nacionalistas catalanes celebran la aprobaci\u00f3n de la convocatoria en el centro de Barcelona\" width=\"621\" height=\"465\" srcset=\"http:\/\/argentinamunicipal.com.ar\/argentina\/wp-content\/uploads\/2014\/09\/em3301-rt.jpg_88717827.jpg 621w, http:\/\/argentinamunicipal.com.ar\/argentina\/wp-content\/uploads\/2014\/09\/em3301-rt.jpg_88717827-300x224.jpg 300w\" sizes=\"auto, (max-width: 621px) 100vw, 621px\" \/><\/a><p id=\"caption-attachment-14908\" class=\"wp-caption-text\">Listos. Los nacionalistas catalanes celebran la aprobaci\u00f3n de la convocatoria en el centro de Barcelona<\/p><\/div>\n<p>El desaf\u00edo catal\u00e1n. Bajo el impulso de Escocia, el gobierno regional hizo votar una ley de consulta para el pr\u00f3ximo 9 de noviembre. Madrid, en pie de guerra, la rechaz\u00f3 de plano.<\/p>\n<p>Catalu\u00f1a avanz\u00f3 en el proceso a su independencia, justo en el d\u00eda de la derrota del secesionismo en Escocia. El Parlamento de la regi\u00f3n aprob\u00f3 con amplia mayor\u00eda una ley de consulta para que el gobierno catal\u00e1n convoque a refer\u00e9ndum el 9 de noviembre. La medida desaf\u00eda abiertamente la prohibici\u00f3n del gobierno central, que ha dicho repetidamente que en caso de convocarse a consulta, recurrir\u00e1 de inmediato al Tribunal Constitucional para bloquear la iniciativa. A diferencia de lo ocurrido en Reino Unido, donde Londres acept\u00f3 la consulta, en Espa\u00f1a el gobierno central la rechaza de plano. Ahora el conflicto pol\u00edtico e institucional est\u00e1 abierto.<\/p>\n<p>\u00abEscocia es el \u00fanico camino\u00bb, declar\u00f3 el jefe del gobierno catal\u00e1n Artur Mas al valorar el resultado escoc\u00e9s, presionando al jefe del gobierno espa\u00f1ol, Mariano Rajoy, para que no bloquee la consulta en la regi\u00f3n.\u00bb\u00bfEs Catalu\u00f1a menos que Escocia?\u00bb, pregunt\u00f3 Mas, que present\u00f3 la experiencia escocesa como prueba de que se puede preguntar legalmente a los ciudadanos sobre el futuro que desean. En ese sentido, situ\u00f3 al primer ministro brit\u00e1nico, David Cameron, como un opuesto de Rajoy. Cameron \u00abpudo bloquear el refer\u00e9ndum y no lo hizo, porque es un dem\u00f3crata\u00bb, lo elogi\u00f3.<\/p>\n<p>El Parlamento catal\u00e1n aprob\u00f3 por mayor\u00eda de casi el 80 por ciento de sus bancas la ley de consultas para avalar la convocatoria del refer\u00e9ndum. La apoyaron todos los grupos, excepto el Partido Popular (PP) de Rajoy y la formaci\u00f3n antinacionalista Ciutadans, que votaron en contra.<\/p>\n<p>Mas podr\u00e1 convocar el refer\u00e9ndum cuando la ley entre en vigor, que ser\u00e1 cuando se publique en el bolet\u00edn oficial catal\u00e1n. Pero no revel\u00f3 cu\u00e1ndo ocurrir\u00e1 eso, jugando con los tiempos ante la intenci\u00f3n de Rajoy de frenar la consulta. Medios espa\u00f1oles situaban este escenario a partir del lunes. El gobierno de Rajoy est\u00e1 preparado para reunirse en un consejo de ministros extraordinario una vez entre en vigor la ley, para aprobar en \u00e9l un recurso ante el Tribunal Constitucional. La presentaci\u00f3n del recurso frenar\u00e1 autom\u00e1ticamente la cita catalana con las urnas. Y quedan pocas dudas sobre que el tribunal fallar\u00e1 contra la iniciativa. La gran inc\u00f3gnita de todo este proceso ir\u00e1 aclar\u00e1ndose a partir de la entrada en el tribunal del recurso de Madrid. Entonces, Mas tendr\u00e1 que decidir si sigue adelante y saca las urnas pese al veto del Estado espa\u00f1ol o si frena all\u00ed su desaf\u00edo. Continuar podr\u00eda suponer que el gobierno de Rajoy suspenda directamente el r\u00e9gimen de autogobierno o autonom\u00eda del que goza Catalu\u00f1a. A Mas personalmente le podr\u00eda costar un proceso penal por \u00abdesobediencia\u00bb.<\/p>\n<p>Pero frenar el desaf\u00edo independentista le traer\u00eda problemas a Mas con ERC, el partido nacionalista y republicano catal\u00e1n que los sostiene a \u00e9l y a su formaci\u00f3n \u2014CiU\u2014 al frente del Ejecutivo, y que ha llamado a la \u00abdesobediencia civil\u00bb. Las elecciones anticipadas catalanas son un escenario muy posible, que Mas ha invocado en caso de concretarse la prohibici\u00f3n del referendo por Madrid. Las elecciones catalanas se convertir\u00edan as\u00ed en un plebiscito sobre la independencia. Mas dijo ayer que si hay bloqueo, convocar\u00e1 a los dem\u00e1s partidos que apoyan la consulta para \u00abalcanzar un acuerdo y responder\u00bb. En cualquier caso, no ve debilitado su proceso con la derrota del independentismo en Escocia. \u00abNos sentimos reforzados\u00bb, dijo, porque Escocia ha votado su futuro como \u00e9l quiere que haga Catalu\u00f1a. \u00abEs m\u00e1s importante poder celebrar la consulta que lograr la independencia\u00bb, manifest\u00f3. \u00abVotar no divide, votar une\u00bb, asegur\u00f3 en una rueda de prensa en la que habl\u00f3 en ingl\u00e9s y franc\u00e9s, adem\u00e1s de en catal\u00e1n y espa\u00f1ol, y en la que mand\u00f3 mensajes directos a Mariano Rajoy.<\/p>\n<p>La r\u00e9plica de Rajoy.El presidente del gobierno espa\u00f1ol Mariano Rajo, por su parte, confront\u00f3 la legalidad del proceso en Escocia con la ilegalidad en la que incurrir\u00e1 Artur Mas si celebra la consulta, ya que seg\u00fan la Constituci\u00f3n espa\u00f1ola solo el gobierno central tiene competencia para convocar referendos. Los escoceses votaron permanecer en Reino Unido \u00abde forma masiva, pac\u00edfica y con un escrupuloso respeto a la legalidad de su pa\u00eds\u00bb, dijo Rajoy. \u00abLos escoceses han evitado las graves consecuencias econ\u00f3micas, sociales, institucionales y pol\u00edticas que habr\u00eda supuesto su separaci\u00f3n del Reino Unido y de Europa. Nos necesitamos todos y estamos felices como europeos de que Escocia siga con nosotros\u00bb, insisti\u00f3 el l\u00edder conservador. El escenario est\u00e1 desde ayer completo para que el conflicto catal\u00e1n gane a\u00fan m\u00e1s protagonismo.<\/p>\n<h6>Fuente: La Capital, Rosario<\/h6>\n","protected":false},"excerpt":{"rendered":"<p>El desaf\u00edo catal\u00e1n. Bajo el impulso de Escocia, el gobierno regional hizo votar una ley de consulta para el pr\u00f3ximo 9 de noviembre. Madrid, en pie de guerra, la rechaz\u00f3 de plano. Catalu\u00f1a avanz\u00f3 en el proceso a su independencia, justo en el d\u00eda de la derrota del secesionismo en Escocia. El Parlamento de la<\/p>\n","protected":false},"author":2,"featured_media":14908,"comment_status":"closed","ping_status":"closed","sticky":false,"template":"","format":"standard","meta":{"footnotes":""},"categories":[22],"tags":[57],"class_list":["post-14907","post","type-post","status-publish","format-standard","has-post-thumbnail","hentry","category-el-mundo","tag-el-mundo"],"_links":{"self":[{"href":"http:\/\/argentinamunicipal.com.ar\/argentina\/wp-json\/wp\/v2\/posts\/14907","targetHints":{"allow":["GET"]}}],"collection":[{"href":"http:\/\/argentinamunicipal.com.ar\/argentina\/wp-json\/wp\/v2\/posts"}],"about":[{"href":"http:\/\/argentinamunicipal.com.ar\/argentina\/wp-json\/wp\/v2\/types\/post"}],"author":[{"embeddable":true,"href":"http:\/\/argentinamunicipal.com.ar\/argentina\/wp-json\/wp\/v2\/users\/2"}],"replies":[{"embeddable":true,"href":"http:\/\/argentinamunicipal.com.ar\/argentina\/wp-json\/wp\/v2\/comments?post=14907"}],"version-history":[{"count":0,"href":"http:\/\/argentinamunicipal.com.ar\/argentina\/wp-json\/wp\/v2\/posts\/14907\/revisions"}],"wp:featuredmedia":[{"embeddable":true,"href":"http:\/\/argentinamunicipal.com.ar\/argentina\/wp-json\/wp\/v2\/media\/14908"}],"wp:attachment":[{"href":"http:\/\/argentinamunicipal.com.ar\/argentina\/wp-json\/wp\/v2\/media?parent=14907"}],"wp:term":[{"taxonomy":"category","embeddable":true,"href":"http:\/\/argentinamunicipal.com.ar\/argentina\/wp-json\/wp\/v2\/categories?post=14907"},{"taxonomy":"post_tag","embeddable":true,"href":"http:\/\/argentinamunicipal.com.ar\/argentina\/wp-json\/wp\/v2\/tags?post=14907"}],"curies":[{"name":"wp","href":"https:\/\/api.w.org\/{rel}","templated":true}]}}