{"id":149071,"date":"2024-08-08T05:22:47","date_gmt":"2024-08-08T08:22:47","guid":{"rendered":"http:\/\/argentinamunicipal.com.ar\/argentina\/?p=149071"},"modified":"2024-08-07T19:25:17","modified_gmt":"2024-08-07T22:25:17","slug":"preocupacion-en-caritas-por-la-situacion-social-en-rosario-tener-empleo-no-es-sinonimo-de-no-ser-pobre","status":"publish","type":"post","link":"http:\/\/argentinamunicipal.com.ar\/argentina\/preocupacion-en-caritas-por-la-situacion-social-en-rosario-tener-empleo-no-es-sinonimo-de-no-ser-pobre\/","title":{"rendered":"Preocupaci\u00f3n en C\u00e1ritas por la situaci\u00f3n social en Rosario \u00abTener empleo no es sin\u00f3nimo de no ser pobre\u00bb"},"content":{"rendered":"<p>Fabi\u00e1n Montes, vicepresidente de C\u00e1ritas Rosario, opin\u00f3 sobre las alarmantes cifras de pobreza e indigencia en la ciudad y el pa\u00eds<\/p>\n<p>Los n\u00fameros publicados por la\u00a0Universidad Cat\u00f3lica Argentina\u00a0durante el fin de semana, encendieron las alarmas por la situaci\u00f3n social.\u00a0Fabi\u00e1n Montes, vicepresidente de C\u00e1ritas, fue categ\u00f3rico: \u201dEsto es poner en n\u00famero lo que vemos cada d\u00eda en las personas\u201d.<\/p>\n<p>De acuerdo al \u00faltimo informe del Observatorio de la Deuda Social Argentina, realizado por la Universidad Cat\u00f3lica Argentina, el 49,1% de los habitantes de Rosario est\u00e1n bajo la l\u00ednea de pobreza. Como complemento, la indigencia trep\u00f3 hasta el 21,4%. Ambas cifras est\u00e1n por encima del relevamiento realizado en el mismo periodo en 2023. \u201cEs una suma preocupante. Porque un punto m\u00e1s, un punto menos parece que no es nada, pero es gente en situaci\u00f3n de necesidad\u201d, sostuvo el vicepresidente de C\u00e1ritas en comunicaci\u00f3n con Todos en la Ocho.<\/p>\n<p>En este contexto enfatiz\u00f3 en que uno de los mayores problemas es que la gente que tiene trabajo tampoco llega a superar con su salario la l\u00ednea de pobreza. \u201cLos sueldos han ido detr\u00e1s de la inflaci\u00f3n\u201d, enfatiz\u00f3. Sin hacer responsable a ninguna gesti\u00f3n en particular, sostuvo que se trata de un problema sobre el que hay que actuar: \u201cNosotros somos respetuosos de las pol\u00edticas econ\u00f3micas de los gobiernos y ojal\u00e1 sean para mejor \u00bfPero mientras tanto qu\u00e9 hacemos con los que van quedando al borde del camino? Los que se van perjudicando \u00bfC\u00f3mo los acompa\u00f1amos, c\u00f3mo los sostenemos? Esa es la preocupaci\u00f3n\u201d.<\/p>\n<p><strong>Se triplic\u00f3 la cantidad de gente en situaci\u00f3n de calle<\/strong><br \/>\nLa preocupaci\u00f3n desde C\u00e1ritas Rosario radica en el tiempo que pueden llegar a tardar las medidas aplicadas por el gobierno. Montes enfatiza en\u00a0la importancia de entender que los porcentajes representan personas que est\u00e1n pasando por una situaci\u00f3n econ\u00f3mica cada vez m\u00e1s hostil, incluso peor que la relevada por la UCA. \u00abPueden decir que a mediano o largo tiempo van a mejorar, pero mientras son personas las que tienen que llegar a ese plazo. Teniendo en cuenta que la gente que sufre no lo hace hace 6 meses.\u00a0Estos n\u00fameros son viejos, son del trimestre anterior.\u00a0Bajar la inflaci\u00f3n seguramente va a mejorar la situaci\u00f3n\u00bb y agreg\u00f3 que \u00abla baja de la inflaci\u00f3n es para adelante, pero no recupera lo que se perdi\u00f3 para atr\u00e1s\u00bb.<\/p>\n<p>De acuerdo al referente de C\u00e1ritas, el censo que realiza a Municipalidad de Rosario es mucho m\u00e1s preciso sobre la situaci\u00f3n que se vive en la ciudad, y agrega que \u00ablos \u00faltimos a\u00f1os se ha triplicado el n\u00famero de gente que se encuentra en situaci\u00f3n de calle\u00bb.<\/p>\n<p><strong>C\u00e1ritas vuelve con \u201cNi un plato vac\u00edo\u201d<\/strong><br \/>\nDurante la jornada del\u00a0s\u00e1bado 10 de agosto en los supermercados de la ciudad se realizar\u00e1 una nueva edici\u00f3n de la tradicional jornada solidaria. Este a\u00f1o organizada por C\u00e1ritas en conjunto con todas las pastorales, se trata de una iniciativa que busca la\u00a0donaci\u00f3n de alimentos. \u201cVan a estar los voluntarios solicitando a la gente que comparta alguno de los alimentos que compr\u00f3. Despu\u00e9s se clasifica y se distribuye entre Caritas y todas las parroquias. El \u00faltimo a\u00f1o se juntaron entre nueve y diez toneladas de alimentos\u201d, explic\u00f3 Montes.<\/p>\n<h6>Fuente: La Capital<\/h6>\n","protected":false},"excerpt":{"rendered":"<p>Fabi\u00e1n Montes, vicepresidente de C\u00e1ritas Rosario, opin\u00f3 sobre las alarmantes cifras de pobreza e indigencia en la ciudad y el pa\u00eds<\/p>\n","protected":false},"author":2,"featured_media":149072,"comment_status":"closed","ping_status":"closed","sticky":false,"template":"","format":"standard","meta":{"footnotes":""},"categories":[2],"tags":[10],"class_list":["post-149071","post","type-post","status-publish","format-standard","has-post-thumbnail","hentry","category-informe-municipal","tag-santa-fe"],"_links":{"self":[{"href":"http:\/\/argentinamunicipal.com.ar\/argentina\/wp-json\/wp\/v2\/posts\/149071","targetHints":{"allow":["GET"]}}],"collection":[{"href":"http:\/\/argentinamunicipal.com.ar\/argentina\/wp-json\/wp\/v2\/posts"}],"about":[{"href":"http:\/\/argentinamunicipal.com.ar\/argentina\/wp-json\/wp\/v2\/types\/post"}],"author":[{"embeddable":true,"href":"http:\/\/argentinamunicipal.com.ar\/argentina\/wp-json\/wp\/v2\/users\/2"}],"replies":[{"embeddable":true,"href":"http:\/\/argentinamunicipal.com.ar\/argentina\/wp-json\/wp\/v2\/comments?post=149071"}],"version-history":[{"count":0,"href":"http:\/\/argentinamunicipal.com.ar\/argentina\/wp-json\/wp\/v2\/posts\/149071\/revisions"}],"wp:featuredmedia":[{"embeddable":true,"href":"http:\/\/argentinamunicipal.com.ar\/argentina\/wp-json\/wp\/v2\/media\/149072"}],"wp:attachment":[{"href":"http:\/\/argentinamunicipal.com.ar\/argentina\/wp-json\/wp\/v2\/media?parent=149071"}],"wp:term":[{"taxonomy":"category","embeddable":true,"href":"http:\/\/argentinamunicipal.com.ar\/argentina\/wp-json\/wp\/v2\/categories?post=149071"},{"taxonomy":"post_tag","embeddable":true,"href":"http:\/\/argentinamunicipal.com.ar\/argentina\/wp-json\/wp\/v2\/tags?post=149071"}],"curies":[{"name":"wp","href":"https:\/\/api.w.org\/{rel}","templated":true}]}}