{"id":149077,"date":"2024-08-09T05:34:12","date_gmt":"2024-08-09T08:34:12","guid":{"rendered":"http:\/\/argentinamunicipal.com.ar\/argentina\/?p=149077"},"modified":"2024-08-07T19:38:37","modified_gmt":"2024-08-07T22:38:37","slug":"enacom-intervenido-hay-futuro-para-cooperativas-de-telecomunicaciones-y-medios-autogestionados","status":"publish","type":"post","link":"http:\/\/argentinamunicipal.com.ar\/argentina\/enacom-intervenido-hay-futuro-para-cooperativas-de-telecomunicaciones-y-medios-autogestionados\/","title":{"rendered":"Enacom intervenido: \u00bfhay futuro para cooperativas de telecomunicaciones y medios autogestionados?"},"content":{"rendered":"<p>La gran inc\u00f3gnita gira en torno a la paralizaci\u00f3n de programas de inversi\u00f3n para los sectores asociativos, mientras las grandes empresas avanzan beneficiadas por el libre mercado. El Gobierno hizo una auditor\u00eda, pero no da a conocer los resultados<\/p>\n<p>Ansol (*)<\/p>\n<p>El Gobierno Nacional, a trav\u00e9s del Decreto 675\/2024, defini\u00f3 que el Ente Nacional de las Comunicaciones (Enacom) continuar\u00e1 intervenido hasta el 7 de julio de 2025. La novedad se conoci\u00f3 al cumplirse los seis meses del nuevo control que defini\u00f3 la gesti\u00f3n libertaria, con Mart\u00edn Ozores como responsable.<\/p>\n<p>Los primeros seis meses de intervenci\u00f3n estuvieron destinados al an\u00e1lisis de la situaci\u00f3n del organismo, y en esta nueva etapa las autoridades buscan hacer efectivos los planes libertarios de limitar la influencia del organismo en el mercado de las telecomunicaciones.<\/p>\n<p>La intervenci\u00f3n del Enacom representa distintos escenarios para las cooperativas y organizaciones vinculadas a la comunicaci\u00f3n.<br \/>\nPor un lado, est\u00e1 la situaci\u00f3n de las entidades que brindan telefon\u00eda e internet a los pueblos y las localidades del interior del pa\u00eds donde Movistar, Claro o Personal no llegan.<\/p>\n<p>Por el otro, aparece la situaci\u00f3n de las radios y canales de televisi\u00f3n autogestionadas.<\/p>\n<p>La gran inquietud en ambos sectores del asociativismo es qu\u00e9 pasar\u00e1 y c\u00f3mo se gestionar\u00e1n las inversiones que surg\u00edan del Enacom, para fomentar el desarrollo de las cooperativas y medios comunitarios.<\/p>\n<p>Para las entidades de telecomunicaci\u00f3n estaba el Fondo Fiduciario del Servicio Universal (FFSU), mientras que para las radios y teles autogestivas es clave el Fondo de Fomento Concursable para Medios de Comunicaci\u00f3n Audiovisual (Fomeca).<\/p>\n<p>Ambos apoyos hoy son una inc\u00f3gnita.<\/p>\n<p><strong>C\u00e1mara de Cooperativas de Telecomunicaciones<\/strong><\/p>\n<p>Ariel Fern\u00e1ndez Alvarado, presidente de la C\u00e1mara de Cooperativas de Telecomunicaciones (Catel), explic\u00f3 a ANSOL que esperan el llamado para intercambiar ideas en torno a los nuevos lineamientos para el sector: \u201cLos peque\u00f1os y medianos operadores somos claves para el desarrollo privado del interior del pa\u00eds; somos los m\u00e1s comprometidos, porque ah\u00ed es donde estamos\u201d.<\/p>\n<p>Adem\u00e1s, el titular de Catel record\u00f3 que \u201cArgentina a\u00fan tiene una deuda enorme con el interior en cuanto a conectividad, y tenemos proyectos en marcha y por venir, por lo que ser\u00eda muy importante que esta nueva gesti\u00f3n del Enacom nos convoque, porque nuestra mirada los va a enriquecer\u201d.<\/p>\n<p>Otros referentes del sector de cooperativas de servicios p\u00fablicos, plantean que \u201cel ENACOM s\u00ed est\u00e1 hablando con las empresas grandes, pero no con nosotros, y eso es muy negativo\u201d.<\/p>\n<p>Y agregan: \u201cse viene de tarifas congeladas y ahora te dejan recomponer; entonces para algunos socios empieza a quedar en segundo plano que nos llame o no el Gobierno, pero los dirigentes tenemos que pensar m\u00e1s all\u00e1\u201d.<\/p>\n<p>Desde la pandemia del Covid 19, las cooperativas de telecomunicaciones estaban casi fundidas, ya que sus precios estaban 250 por ciento por debajo de la inflaci\u00f3n.<\/p>\n<p>\u201cEra una situaci\u00f3n muy desigual en comparaci\u00f3n con las grandes empresas, que a trav\u00e9s artilugios judiciales, lograron ir aumentando sus valores\u201d, aseguran.<\/p>\n<p><strong>Las radios y los canales autogestivos<\/strong><\/p>\n<p>La Coordinadora Nacional de Televisoras Alternativas (Conta) y el Foro Argentino de Radios Comunitarias (Farco) denunciaron que a seis meses de la intervenci\u00f3n del Enacom por parte del gobierno de Javier Milei la medida se cumple \u201ccon fuertes retrocesos en materia de democracia informativa, participaci\u00f3n ciudadana y Derecho a la comunicaci\u00f3n\u201d.<\/p>\n<p>\u201cDesde los canales de televisi\u00f3n que integramos Conta vemos con mucha preocupaci\u00f3n esta intervenci\u00f3n, porque es una acci\u00f3n arrasadora. Hay un freno de la Ley de Servicios de Comunicaci\u00f3n Audiovisual, vemos acciones para favorecer a las grandes empresas de comunicaci\u00f3n, con una libertad de mercado para que se peleen las multinacionales por el espectro, financiamiento y programas de la comunicaci\u00f3n\u201d, se\u00f1alo a ANSOL Ignacio Etchart de Barricada TV, canal de televisi\u00f3n popular y autogestionado emitido por el canal 32.1 de la Televisi\u00f3n Digital Abierta, en plataformas digitales y a aplicaciones en tiendas Android y Apple.<\/p>\n<p>Etchart explic\u00f3 que \u201ctodo lo que son programas como Fomeca, que potencian herramientas para nuestros medios, est\u00e1n paralizados por esta intervenci\u00f3n, y no hay datos de esta famosa auditor\u00eda del Ejecutivo, no nos responden al pedido de reuniones y lo que vemos es que hay fondos para nuestros proyectos que fueron paralizados en diciembre 2023, deudas de la gesti\u00f3n anterior que este Gobierno no est\u00e1 pagando y l\u00edneas que se deber\u00edan estar ejecutando anulados por completo, lo que es ilegal, porque la Ley dice que lo tienen que hacer\u201d.<\/p>\n<p>Para el referente de Barricada TV, \u201cesto es un ataque a nuestra existencia, lo que buscan hacer es derribar las asociaciones comunitarias por la comunicaci\u00f3n y nos obligan a buscar alternativas para paliar esta situaci\u00f3n con muchas dificultades, a las que se suman los incrementos a los servicios\u201d.<\/p>\n<p>En ese marco, Conta y Farco se\u00f1alaron en un comunicado conjunto el grave retroceso que signific\u00f3 la paralizaci\u00f3n de las pol\u00edticas de acceso a internet en barrios populares, los tarifazos habilitados por el Enacom, el despido de sus trabajadores y el cierre de las delegaciones del organismo en todo el pa\u00eds.<\/p>\n<p>Por su parte, el presidente de Farco, Juan Salvador Del\u00fa, asegur\u00f3 que \u201cla medida impuesta por el Gobierno Nacional quit\u00f3 totalmente la autonom\u00eda que deb\u00eda tener ese organismo, gener\u00f3 una mirada totalmente autoritaria de manejo y gener\u00f3 una cantidad de despidos sin igual; una par\u00e1lisis total de toda la instituci\u00f3n\u201d.<\/p>\n<p>El Enacom de Milei se arroga ser \u201cmenos pol\u00edtico\u201d, aunque su pol\u00edtica es clara: que sobrevivan los medios con mayor espalda econ\u00f3mica en la selva del libre mercado. Sin embargo, las cooperativas de comunicaci\u00f3n y los medios audiovisuales autogestivos insisten y buscar\u00e1n ocupar un lugar en la mesa donde se tomen las decisiones.<\/p>\n<p>(*) Agencia de Noticias Solidarias<\/p>\n<h6>Fuente: El Ciudadano<\/h6>\n","protected":false},"excerpt":{"rendered":"<p>La gran inc\u00f3gnita gira en torno a la paralizaci\u00f3n de programas de inversi\u00f3n para los sectores asociativos, mientras las grandes empresas avanzan beneficiadas por el libre mercado. El Gobierno hizo una auditor\u00eda, pero no da a conocer los resultados<\/p>\n","protected":false},"author":2,"featured_media":149078,"comment_status":"closed","ping_status":"closed","sticky":false,"template":"","format":"standard","meta":{"footnotes":""},"categories":[6],"tags":[21],"class_list":["post-149077","post","type-post","status-publish","format-standard","has-post-thumbnail","hentry","category-opiniones","tag-argentina"],"_links":{"self":[{"href":"http:\/\/argentinamunicipal.com.ar\/argentina\/wp-json\/wp\/v2\/posts\/149077","targetHints":{"allow":["GET"]}}],"collection":[{"href":"http:\/\/argentinamunicipal.com.ar\/argentina\/wp-json\/wp\/v2\/posts"}],"about":[{"href":"http:\/\/argentinamunicipal.com.ar\/argentina\/wp-json\/wp\/v2\/types\/post"}],"author":[{"embeddable":true,"href":"http:\/\/argentinamunicipal.com.ar\/argentina\/wp-json\/wp\/v2\/users\/2"}],"replies":[{"embeddable":true,"href":"http:\/\/argentinamunicipal.com.ar\/argentina\/wp-json\/wp\/v2\/comments?post=149077"}],"version-history":[{"count":0,"href":"http:\/\/argentinamunicipal.com.ar\/argentina\/wp-json\/wp\/v2\/posts\/149077\/revisions"}],"wp:featuredmedia":[{"embeddable":true,"href":"http:\/\/argentinamunicipal.com.ar\/argentina\/wp-json\/wp\/v2\/media\/149078"}],"wp:attachment":[{"href":"http:\/\/argentinamunicipal.com.ar\/argentina\/wp-json\/wp\/v2\/media?parent=149077"}],"wp:term":[{"taxonomy":"category","embeddable":true,"href":"http:\/\/argentinamunicipal.com.ar\/argentina\/wp-json\/wp\/v2\/categories?post=149077"},{"taxonomy":"post_tag","embeddable":true,"href":"http:\/\/argentinamunicipal.com.ar\/argentina\/wp-json\/wp\/v2\/tags?post=149077"}],"curies":[{"name":"wp","href":"https:\/\/api.w.org\/{rel}","templated":true}]}}