{"id":149111,"date":"2024-08-12T05:35:11","date_gmt":"2024-08-12T08:35:11","guid":{"rendered":"http:\/\/argentinamunicipal.com.ar\/argentina\/?p=149111"},"modified":"2024-08-08T18:24:39","modified_gmt":"2024-08-08T21:24:39","slug":"jujuy-aumenta-la-presion-en-los-municipios-contra-tasa-girsu","status":"publish","type":"post","link":"http:\/\/argentinamunicipal.com.ar\/argentina\/jujuy-aumenta-la-presion-en-los-municipios-contra-tasa-girsu\/","title":{"rendered":"Jujuy: Aumenta la presi\u00f3n en los municipios contra \u00abtasa Girsu\u00bb"},"content":{"rendered":"<p>Desde Libertador y Perico rechazan esta nueva carga tributaria.<\/p>\n<p>La nueva tasa que se cobrar\u00e1 por la recolecci\u00f3n de residuos urbanos (tasa Girsu) sigue recogiendo rechazos de los vecinos en municipios del interior. No s\u00f3lo por la carga que significa sobre los alica\u00eddos bolsillos de la gente, sino porque adem\u00e1s el extra\u00f1o mecanismo de determinaci\u00f3n de los montos a cobrar quedar\u00eda atado al consumo de kilovatios de energ\u00eda el\u00e9ctrica. Ediles de Perico y Libertador se pusieron al frente de los reclamos de los vecinos, denunciando las elevadas tasas que se deber\u00e1n pagar, incluidas en las facturas de energ\u00eda de Ejesa, en la que tambi\u00e9n se recargan otras tasas municipales.<\/p>\n<p>El edil Walter Cardozo (PJ) de Perico se\u00f1al\u00f3: \u00abLa gente en Perico est\u00e1 muy molesta porque esta iniciativa se aprob\u00f3 sin debate y sin informar adecuadamente a los concejales de la oposici\u00f3n. El intendente Ficoseco prometi\u00f3 abrir di\u00e1logos con las instituciones, pero eso no ocurri\u00f3\u00bb. Agreg\u00f3 que una vez promulgado el proyecto, el Ejecutivo enviar\u00e1 las directrices a Ejesa para unificar el cobro de la tasa en la boleta de luz, similar al m\u00e9todo utilizado para el alumbrado p\u00fablico, pero advirti\u00f3 que se transferir\u00e1 la propiedad de la totalidad de los residuos a Girsu, lo que consider\u00f3 un desprop\u00f3sito. Por su parte, desde Libertador, la edil Patricia Guti\u00e9rrez advirti\u00f3 acerca los montos que se sumar\u00e1n a las tarifas de luz. Seg\u00fan Guti\u00e9rrez, la tarifa m\u00e1s baja de la categor\u00eda R1 se incrementar\u00eda en $8.200, mientras que las categor\u00edas superiores, como R6 y R7, podr\u00edan alcanzar los $12.312. En el caso de los servicios comunitarios, la tasa ser\u00e1 de $9.234, y la Tarifa Social, destinada a jubilados, ser\u00e1 de $4.104. La tasa tambi\u00e9n afectar\u00e1 a comerciantes y empresas, con sumas a\u00fan mayores, en las categor\u00edas G1 a G5, los costos llegar\u00edan hasta $64.000, y las empresas m\u00e1s grandes tendr\u00e1n tarifas de hasta $513.000.<\/p>\n<p>En Palpal\u00e1, el Concejo Deliberante no logr\u00f3 el tratamiento de la ordenanza de Girsu, por la oposici\u00f3n de cuatro ediles y la reacci\u00f3n de los vecinos que pr\u00e1cticamente tomaron la sede del deliberativo, evitando el debate parlamentario. En todos los casos las quejas se orientan no s\u00f3lo a los montos y al mecanismo para fijarlos, sino tambi\u00e9n molesta a la gente que la iniciativa se aprobara en los deliberativos pr\u00e1cticamente sin debate y sin informar adecuadamente a todos los legisladores.<\/p>\n<h6>Fuente: El Tribuno<\/h6>\n","protected":false},"excerpt":{"rendered":"<p>Desde Libertador y Perico rechazan esta nueva carga tributaria.<\/p>\n","protected":false},"author":2,"featured_media":149112,"comment_status":"closed","ping_status":"closed","sticky":false,"template":"","format":"standard","meta":{"footnotes":""},"categories":[5],"tags":[25],"class_list":["post-149111","post","type-post","status-publish","format-standard","has-post-thumbnail","hentry","category-informe-economico","tag-jujuy"],"_links":{"self":[{"href":"http:\/\/argentinamunicipal.com.ar\/argentina\/wp-json\/wp\/v2\/posts\/149111","targetHints":{"allow":["GET"]}}],"collection":[{"href":"http:\/\/argentinamunicipal.com.ar\/argentina\/wp-json\/wp\/v2\/posts"}],"about":[{"href":"http:\/\/argentinamunicipal.com.ar\/argentina\/wp-json\/wp\/v2\/types\/post"}],"author":[{"embeddable":true,"href":"http:\/\/argentinamunicipal.com.ar\/argentina\/wp-json\/wp\/v2\/users\/2"}],"replies":[{"embeddable":true,"href":"http:\/\/argentinamunicipal.com.ar\/argentina\/wp-json\/wp\/v2\/comments?post=149111"}],"version-history":[{"count":0,"href":"http:\/\/argentinamunicipal.com.ar\/argentina\/wp-json\/wp\/v2\/posts\/149111\/revisions"}],"wp:featuredmedia":[{"embeddable":true,"href":"http:\/\/argentinamunicipal.com.ar\/argentina\/wp-json\/wp\/v2\/media\/149112"}],"wp:attachment":[{"href":"http:\/\/argentinamunicipal.com.ar\/argentina\/wp-json\/wp\/v2\/media?parent=149111"}],"wp:term":[{"taxonomy":"category","embeddable":true,"href":"http:\/\/argentinamunicipal.com.ar\/argentina\/wp-json\/wp\/v2\/categories?post=149111"},{"taxonomy":"post_tag","embeddable":true,"href":"http:\/\/argentinamunicipal.com.ar\/argentina\/wp-json\/wp\/v2\/tags?post=149111"}],"curies":[{"name":"wp","href":"https:\/\/api.w.org\/{rel}","templated":true}]}}