{"id":149120,"date":"2024-08-12T05:30:04","date_gmt":"2024-08-12T08:30:04","guid":{"rendered":"http:\/\/argentinamunicipal.com.ar\/argentina\/?p=149120"},"modified":"2024-08-08T18:50:35","modified_gmt":"2024-08-08T21:50:35","slug":"san-rafael-se-suma-al-programa-biciescuelas-argentinas","status":"publish","type":"post","link":"http:\/\/argentinamunicipal.com.ar\/argentina\/san-rafael-se-suma-al-programa-biciescuelas-argentinas\/","title":{"rendered":"San Rafael se suma al programa \u00abBiciescuelas Argentinas\u00bb"},"content":{"rendered":"<p>El programa Biciescuelas Argentinas es una iniciativa que ser\u00e1 aplicada en San Rafael e impulsa el uso de la bicicleta en ni\u00f1os de 2 a 11 a\u00f1os para que la incorporen como medio de transporte cotidiano, amigable con el ambiente y seguro. La adhesi\u00f3n oficial a dicha campa\u00f1a se realizar\u00e1 este martes por la ma\u00f1ana en el despacho mayor del Municipio.<\/p>\n<p>La iniciativa la impulsan el Programa Euroclima de la Uni\u00f3n Europea, la Agencia Francesa de Desarrollo y la Fundaci\u00f3n Expoterra. En Argentina, son 10 los municipios que integran dicha campa\u00f1a, entre ellos San Rafael.<\/p>\n<p>La propuesta comenz\u00f3 con apoyo t\u00e9cnico en diferentes ciudades argentinas de tama\u00f1o medio para que generen planes, estrategias e iniciativas de movilidad sostenible, a cambio de biciclos que son prove\u00eddos por quienes impulsan dicho programa.<\/p>\n<p>Se trata de una propuesta \u201cl\u00fadica recreativa\u201d pensada para que los m\u00e1s peque\u00f1os puedan a aprender a usar la bicicleta de forma segura y de manera gratuita en espacios p\u00fablicos cuyos circuitos ser\u00e1n detallados en el transcurso de la jornada.<\/p>\n<h6>Fuente: sanrafael.gov.ar<\/h6>\n","protected":false},"excerpt":{"rendered":"<p>La iniciativa la impulsan el Programa Euroclima de la Uni\u00f3n Europea, la Agencia Francesa de Desarrollo y la Fundaci\u00f3n Expoterra. En Argentina, son 10 los municipios que integran dicha campa\u00f1a<\/p>\n","protected":false},"author":2,"featured_media":149121,"comment_status":"closed","ping_status":"closed","sticky":false,"template":"","format":"standard","meta":{"footnotes":""},"categories":[2],"tags":[31],"class_list":["post-149120","post","type-post","status-publish","format-standard","has-post-thumbnail","hentry","category-informe-municipal","tag-mendoza"],"_links":{"self":[{"href":"http:\/\/argentinamunicipal.com.ar\/argentina\/wp-json\/wp\/v2\/posts\/149120","targetHints":{"allow":["GET"]}}],"collection":[{"href":"http:\/\/argentinamunicipal.com.ar\/argentina\/wp-json\/wp\/v2\/posts"}],"about":[{"href":"http:\/\/argentinamunicipal.com.ar\/argentina\/wp-json\/wp\/v2\/types\/post"}],"author":[{"embeddable":true,"href":"http:\/\/argentinamunicipal.com.ar\/argentina\/wp-json\/wp\/v2\/users\/2"}],"replies":[{"embeddable":true,"href":"http:\/\/argentinamunicipal.com.ar\/argentina\/wp-json\/wp\/v2\/comments?post=149120"}],"version-history":[{"count":0,"href":"http:\/\/argentinamunicipal.com.ar\/argentina\/wp-json\/wp\/v2\/posts\/149120\/revisions"}],"wp:featuredmedia":[{"embeddable":true,"href":"http:\/\/argentinamunicipal.com.ar\/argentina\/wp-json\/wp\/v2\/media\/149121"}],"wp:attachment":[{"href":"http:\/\/argentinamunicipal.com.ar\/argentina\/wp-json\/wp\/v2\/media?parent=149120"}],"wp:term":[{"taxonomy":"category","embeddable":true,"href":"http:\/\/argentinamunicipal.com.ar\/argentina\/wp-json\/wp\/v2\/categories?post=149120"},{"taxonomy":"post_tag","embeddable":true,"href":"http:\/\/argentinamunicipal.com.ar\/argentina\/wp-json\/wp\/v2\/tags?post=149120"}],"curies":[{"name":"wp","href":"https:\/\/api.w.org\/{rel}","templated":true}]}}