{"id":149129,"date":"2024-08-12T05:30:53","date_gmt":"2024-08-12T08:30:53","guid":{"rendered":"http:\/\/argentinamunicipal.com.ar\/argentina\/?p=149129"},"modified":"2024-08-08T19:12:16","modified_gmt":"2024-08-08T22:12:16","slug":"intendentes-del-pro-le-reclamaron-a-kicillof-el-fondo-de-fortalecimiento-fiscal-municipal","status":"publish","type":"post","link":"http:\/\/argentinamunicipal.com.ar\/argentina\/intendentes-del-pro-le-reclamaron-a-kicillof-el-fondo-de-fortalecimiento-fiscal-municipal\/","title":{"rendered":"Intendentes del PRO le reclamaron a Kicillof el Fondo de Fortalecimiento Fiscal Municipal"},"content":{"rendered":"<p>Los jefes comunales publicaron un escrito y le exigen al Ejecutivo provincial que cumpla con la Ley 15.480.<\/p>\n<p>A trav\u00e9s de un comunicado publicado esta semana, los intendentes del PRO de la provincia de Buenos Aires le reclaman al gobernador Axel Kicillof a que cumpla con el Fondo de Fortalecimiento Fiscal Municipal, que tiene por fecha l\u00edmite de pago el 31 de julio pasado. Al d\u00eda de la fecha, el Ejecutivo bonaerense est\u00e1 incumpliendo con una ley aprobada por la Legislatura. \u201cNuestros Municipios cuentan con esos recursos para financiar programas ya establecidos y en marcha, instamos a las autoridades del Ministerio de Econom\u00eda provincial a que cumplan de manera urgente con el dep\u00f3sito de los fondos\u201d, expresa el escrito.<\/p>\n<p>Sobre el tema, Diego Valenzuela, intendente de Tres de Febrero, declar\u00f3: \u201cNo pueden desconocer una ley y demorar las transferencias acordadas a los municipios. Reclamamos una soluci\u00f3n urgente al Gobernador\u201d. Y agreg\u00f3: \u201cPor favor cumpla con lo prometido, necesitamos el dinero para seguir haciendo obras y gestionando en nuestros distritos\u201d.<\/p>\n<p>El comunicado se dirige directamente a la figura del Gobernador y a los argumentos que se manifestaron desde el Ejecutivo. Los intendentes expresan en el comunicado: \u201cNo es su plata, Gobernador; es la plata de los bonaerenses que viven en nuestros Municipios. La explicaci\u00f3n no puede ser que la provincia &#8216;depende de la disponibilidad de caja&#8217;, como expres\u00f3 uno de sus funcionarios\u201d. Y concluyeron: \u201cElevamos este reclamo pol\u00edtico con respeto y firmeza, esperando una soluci\u00f3n r\u00e1pida y as\u00ed evitar tener que proceder con sendas denuncias en el Honorable Tribunal de Cuentas y en la Justicia\u201d.<\/p>\n<p><strong>Comunicado completo<\/strong><br \/>\n<strong>\u00a0<\/strong><br \/>\n<strong>RECLAMO AL GOBERNADOR: CUMPLA CON LAS TRANSFERENCIAS A LOS MUNICIPIOS<\/strong><\/p>\n<p>Habiendo transcurrido varios d\u00edas ya desde el vencimiento de la fecha de pago prevista en la Ley Provincial 15.480 que cre\u00f3 el Fondo de Fortalecimiento Fiscal Municipal (31 de julio de 2024), y dado que nuestros Municipios cuentan con esos recursos para financiar programas ya establecidos y en marcha, instamos a las autoridades del Ministerio de Econom\u00eda provincial a que cumplan de manera urgente con el dep\u00f3sito de los fondos. En estos momentos se est\u00e1 incumpliendo una ley provincial, lo que representa una violaci\u00f3n de la reglamentaci\u00f3n aprobada en la Legislatura de la Provincia de Buenos Aires.<\/p>\n<p>No es su plata, Gobernador; es la plata de los bonaerenses que viven en nuestros Municipios. La explicaci\u00f3n no puede ser que la provincia \u00abdepende de la disponibilidad de caja\u00bb, como expres\u00f3 uno de sus funcionarios. Estos fondos debieron haber estado presupuestados y previstos dentro del planeamiento fiscal del a\u00f1o dado el compromiso legal asumido con los municipios. Es mandatorio que el 30 % del Fondo se deposite \u00abantes del 31 de julio de 2024\u00bb.<\/p>\n<p>Por esta raz\u00f3n, los intendentes del PRO de la Provincia de Buenos Aires elevamos este reclamo pol\u00edtico con respeto y firmeza, esperando una soluci\u00f3n r\u00e1pida y as\u00ed evitar tener que proceder con sendas denuncias en el Honorable Tribunal de Cuentas y en la Justicia por incumplimiento de una normativa provincial.<\/p>\n<h6>Fuente: P\u00e1gina 12<\/h6>\n","protected":false},"excerpt":{"rendered":"<p>Los jefes comunales publicaron un escrito y le exigen al Ejecutivo provincial que cumpla con la Ley 15.480.<\/p>\n","protected":false},"author":2,"featured_media":149130,"comment_status":"closed","ping_status":"closed","sticky":false,"template":"","format":"standard","meta":{"footnotes":""},"categories":[4],"tags":[12],"class_list":["post-149129","post","type-post","status-publish","format-standard","has-post-thumbnail","hentry","category-informe-politico","tag-buenos-aires"],"_links":{"self":[{"href":"http:\/\/argentinamunicipal.com.ar\/argentina\/wp-json\/wp\/v2\/posts\/149129","targetHints":{"allow":["GET"]}}],"collection":[{"href":"http:\/\/argentinamunicipal.com.ar\/argentina\/wp-json\/wp\/v2\/posts"}],"about":[{"href":"http:\/\/argentinamunicipal.com.ar\/argentina\/wp-json\/wp\/v2\/types\/post"}],"author":[{"embeddable":true,"href":"http:\/\/argentinamunicipal.com.ar\/argentina\/wp-json\/wp\/v2\/users\/2"}],"replies":[{"embeddable":true,"href":"http:\/\/argentinamunicipal.com.ar\/argentina\/wp-json\/wp\/v2\/comments?post=149129"}],"version-history":[{"count":0,"href":"http:\/\/argentinamunicipal.com.ar\/argentina\/wp-json\/wp\/v2\/posts\/149129\/revisions"}],"wp:featuredmedia":[{"embeddable":true,"href":"http:\/\/argentinamunicipal.com.ar\/argentina\/wp-json\/wp\/v2\/media\/149130"}],"wp:attachment":[{"href":"http:\/\/argentinamunicipal.com.ar\/argentina\/wp-json\/wp\/v2\/media?parent=149129"}],"wp:term":[{"taxonomy":"category","embeddable":true,"href":"http:\/\/argentinamunicipal.com.ar\/argentina\/wp-json\/wp\/v2\/categories?post=149129"},{"taxonomy":"post_tag","embeddable":true,"href":"http:\/\/argentinamunicipal.com.ar\/argentina\/wp-json\/wp\/v2\/tags?post=149129"}],"curies":[{"name":"wp","href":"https:\/\/api.w.org\/{rel}","templated":true}]}}